{"id":18523,"date":"2022-02-08T14:39:54","date_gmt":"2022-02-08T13:39:54","guid":{"rendered":"https:\/\/lapinedaplatja.info\/vila-seca-assisteix-a-la-presentacio-del-conveni-corner-2022\/"},"modified":"2022-02-09T09:01:53","modified_gmt":"2022-02-09T08:01:53","slug":"vila-seca-assisteix-a-la-presentacio-del-conveni-corner-2022","status":"publish","type":"post","link":"https:\/\/lapinedaplatja.info\/en\/vila-seca-assisteix-a-la-presentacio-del-conveni-corner-2022\/","title":{"rendered":"Vila-seca participates in Conveni C\u00f3rner 2022"},"content":{"rendered":"<p>The plenary hall of the Provincial Council of Tarragona has hosted on Tuesday 8th February, the presentation of the Conveni C\u00f3rner of Costa Dorada which provides for the joint participation of 27 public and private institutions, including councils, regional councils, board of trustees and associations.<\/p>\n<p>The presentation was attended by representatives of the signatory city councils. In the case of Vila-seca, the mayor, Pere Segura, and the councillor for Innovation and Tourism, Cristina Cid, were present.<\/p>\n<p>The event was also attended by business associations and private entities, such as Federaci\u00f3n Empresarial de Hosteler\u00eda y Turismo de la Provincia de Tarragona, PortAventura, Aquopolis Costa Daurada, la Asociaci\u00f3n Hotelera de la Costa Dorada, la Asociaci\u00f3n de Campings de la Costa Dorada i Terres de l&#8217;Ebre, Asociaci\u00f3n de Apartamentos Tur\u00edsticos de la Costa Dorada, Asociaci\u00f3n Costa Dorada Destino de Golf y Pitch &amp; Putt, among others.<\/p>\n<p>The Conveni C\u00f3rner provides for participation in a total of eleven promotional activities with presence at 8 fairs and other events, under the umbrella of the Agencia Catalana de Turismo. In this sense, the Costa Dorada will be present at WTM (London), MITT (Moscow), Copenhagen Bike Show (Copenhagen), IGTM (Rome) and Expo du V\u00e9lo (Strasbourg) at the international level; FITUR (Madrid) and NAVARTUR (Pamplona) at the state level and B-TRAVEL (Barcelona) at the national level.<\/p>\n<p>In the field of communication and marketing, a joint advertising campaign will be developed in the most important outbound markets of the Costa Dorada, which will include three projects with actions aimed at the Catalan, Spanish and French markets.<\/p>\n<p>Picture: Diputaci\u00f3 de Tarragona<\/p>\n","protected":false},"excerpt":{"rendered":"<p>The plenary hall of the Provincial Council of Tarragona has hosted on Tuesday 8th February, the presentation of the Conveni C\u00f3rner of Costa Dorada which provides for the joint participation of 27 public and private institutions, including councils, regional councils, board of trustees and associations. The presentation was attended by [&hellip;]<\/p>\n","protected":false},"author":4,"featured_media":18508,"comment_status":"closed","ping_status":"open","sticky":false,"template":"","format":"standard","meta":{"_acf_changed":false,"footnotes":""},"categories":[1],"tags":[],"class_list":["post-18523","post","type-post","status-publish","format-standard","has-post-thumbnail","hentry","category-uncategorized"],"acf":[],"yoast_head":"<!-- This site is optimized with the Yoast SEO plugin v26.6 - https:\/\/yoast.com\/wordpress\/plugins\/seo\/ -->\n<title>Vila-seca participates in Conveni C\u00f3rner 2022 | Vila-seca - La Pineda Platja<\/title>\n<meta name=\"description\" content=\"The plenary hall of the Provincial Council of Tarragona has hosted on Tuesday 8th February, the presentation of the Conveni C\u00f3rner of Costa Dorada which\" \/>\n<meta name=\"robots\" content=\"index, follow, max-snippet:-1, max-image-preview:large, max-video-preview:-1\" \/>\n<link rel=\"canonical\" href=\"https:\/\/lapinedaplatja.info\/en\/vila-seca-assisteix-a-la-presentacio-del-conveni-corner-2022\/\" \/>\n<meta property=\"og:locale\" content=\"en_US\" \/>\n<meta property=\"og:type\" content=\"article\" \/>\n<meta property=\"og:title\" content=\"Vila-seca participates in Conveni C\u00f3rner 2022 | Vila-seca - La Pineda Platja\" \/>\n<meta property=\"og:description\" content=\"The plenary hall of the Provincial Council of Tarragona has hosted on Tuesday 8th February, the presentation of the Conveni C\u00f3rner of Costa Dorada which\" \/>\n<meta property=\"og:url\" content=\"https:\/\/lapinedaplatja.info\/en\/vila-seca-assisteix-a-la-presentacio-del-conveni-corner-2022\/\" \/>\n<meta property=\"og:site_name\" content=\"Vila-seca - La Pineda Platja\" \/>\n<meta property=\"article:publisher\" content=\"https:\/\/www.facebook.com\/lapinedaplatja\/\" \/>\n<meta property=\"article:published_time\" content=\"2022-02-08T13:39:54+00:00\" \/>\n<meta property=\"article:modified_time\" content=\"2022-02-09T08:01:53+00:00\" \/>\n<meta property=\"og:image\" content=\"https:\/\/lapinedaplatja.info\/wp-content\/uploads\/2022\/02\/foto-conveni-corner.jpg\" \/>\n\t<meta property=\"og:image:width\" content=\"1250\" \/>\n\t<meta property=\"og:image:height\" content=\"834\" \/>\n\t<meta property=\"og:image:type\" content=\"image\/jpeg\" \/>\n<meta name=\"author\" content=\"nerea\" \/>\n<meta name=\"twitter:card\" content=\"summary_large_image\" \/>\n<meta name=\"twitter:creator\" content=\"@lapinedaplatja\" \/>\n<meta name=\"twitter:site\" content=\"@lapinedaplatja\" \/>\n<meta name=\"twitter:label1\" content=\"Written by\" \/>\n\t<meta name=\"twitter:data1\" content=\"nerea\" \/>\n\t<meta name=\"twitter:label2\" content=\"Est. reading time\" \/>\n\t<meta name=\"twitter:data2\" content=\"1 minute\" \/>\n<script type=\"application\/ld+json\" class=\"yoast-schema-graph\">{\"@context\":\"https:\/\/schema.org\",\"@graph\":[{\"@type\":\"Article\",\"@id\":\"https:\/\/lapinedaplatja.info\/en\/vila-seca-assisteix-a-la-presentacio-del-conveni-corner-2022\/#article\",\"isPartOf\":{\"@id\":\"https:\/\/lapinedaplatja.info\/en\/vila-seca-assisteix-a-la-presentacio-del-conveni-corner-2022\/\"},\"author\":{\"name\":\"nerea\",\"@id\":\"https:\/\/lapinedaplatja.info\/en\/#\/schema\/person\/29107b3d900b8d3c355b438d5f31edcf\"},\"headline\":\"Vila-seca participates in Conveni C\u00f3rner 2022\",\"datePublished\":\"2022-02-08T13:39:54+00:00\",\"dateModified\":\"2022-02-09T08:01:53+00:00\",\"mainEntityOfPage\":{\"@id\":\"https:\/\/lapinedaplatja.info\/en\/vila-seca-assisteix-a-la-presentacio-del-conveni-corner-2022\/\"},\"wordCount\":276,\"publisher\":{\"@id\":\"https:\/\/lapinedaplatja.info\/en\/#organization\"},\"image\":{\"@id\":\"https:\/\/lapinedaplatja.info\/en\/vila-seca-assisteix-a-la-presentacio-del-conveni-corner-2022\/#primaryimage\"},\"thumbnailUrl\":\"https:\/\/lapinedaplatja.info\/wp-content\/uploads\/2022\/02\/foto-conveni-corner.jpg\",\"inLanguage\":\"en-US\"},{\"@type\":\"WebPage\",\"@id\":\"https:\/\/lapinedaplatja.info\/en\/vila-seca-assisteix-a-la-presentacio-del-conveni-corner-2022\/\",\"url\":\"https:\/\/lapinedaplatja.info\/en\/vila-seca-assisteix-a-la-presentacio-del-conveni-corner-2022\/\",\"name\":\"Vila-seca participates in Conveni C\u00f3rner 2022 | Vila-seca - La Pineda Platja\",\"isPartOf\":{\"@id\":\"https:\/\/lapinedaplatja.info\/en\/#website\"},\"primaryImageOfPage\":{\"@id\":\"https:\/\/lapinedaplatja.info\/en\/vila-seca-assisteix-a-la-presentacio-del-conveni-corner-2022\/#primaryimage\"},\"image\":{\"@id\":\"https:\/\/lapinedaplatja.info\/en\/vila-seca-assisteix-a-la-presentacio-del-conveni-corner-2022\/#primaryimage\"},\"thumbnailUrl\":\"https:\/\/lapinedaplatja.info\/wp-content\/uploads\/2022\/02\/foto-conveni-corner.jpg\",\"datePublished\":\"2022-02-08T13:39:54+00:00\",\"dateModified\":\"2022-02-09T08:01:53+00:00\",\"description\":\"The plenary hall of the Provincial Council of Tarragona has hosted on Tuesday 8th February, the presentation of the Conveni C\u00f3rner of Costa Dorada which\",\"breadcrumb\":{\"@id\":\"https:\/\/lapinedaplatja.info\/en\/vila-seca-assisteix-a-la-presentacio-del-conveni-corner-2022\/#breadcrumb\"},\"inLanguage\":\"en-US\",\"potentialAction\":[{\"@type\":\"ReadAction\",\"target\":[\"https:\/\/lapinedaplatja.info\/en\/vila-seca-assisteix-a-la-presentacio-del-conveni-corner-2022\/\"]}]},{\"@type\":\"ImageObject\",\"inLanguage\":\"en-US\",\"@id\":\"https:\/\/lapinedaplatja.info\/en\/vila-seca-assisteix-a-la-presentacio-del-conveni-corner-2022\/#primaryimage\",\"url\":\"https:\/\/lapinedaplatja.info\/wp-content\/uploads\/2022\/02\/foto-conveni-corner.jpg\",\"contentUrl\":\"https:\/\/lapinedaplatja.info\/wp-content\/uploads\/2022\/02\/foto-conveni-corner.jpg\",\"width\":1250,\"height\":834},{\"@type\":\"BreadcrumbList\",\"@id\":\"https:\/\/lapinedaplatja.info\/en\/vila-seca-assisteix-a-la-presentacio-del-conveni-corner-2022\/#breadcrumb\",\"itemListElement\":[{\"@type\":\"ListItem\",\"position\":1,\"name\":\"Portada\",\"item\":\"https:\/\/lapinedaplatja.info\/en\/\"},{\"@type\":\"ListItem\",\"position\":2,\"name\":\"Vila-seca participates in Conveni C\u00f3rner 2022\"}]},{\"@type\":\"WebSite\",\"@id\":\"https:\/\/lapinedaplatja.info\/en\/#website\",\"url\":\"https:\/\/lapinedaplatja.info\/en\/\",\"name\":\"La Pineda Platja | Vila-seca\",\"description\":\"Oficina de Turismo de La Pineda.\",\"publisher\":{\"@id\":\"https:\/\/lapinedaplatja.info\/en\/#organization\"},\"potentialAction\":[{\"@type\":\"SearchAction\",\"target\":{\"@type\":\"EntryPoint\",\"urlTemplate\":\"https:\/\/lapinedaplatja.info\/en\/?s={search_term_string}\"},\"query-input\":{\"@type\":\"PropertyValueSpecification\",\"valueRequired\":true,\"valueName\":\"search_term_string\"}}],\"inLanguage\":\"en-US\"},{\"@type\":\"Organization\",\"@id\":\"https:\/\/lapinedaplatja.info\/en\/#organization\",\"name\":\"Patronat Municipal de Turisme de Vila-seca\",\"url\":\"https:\/\/lapinedaplatja.info\/en\/\",\"logo\":{\"@type\":\"ImageObject\",\"inLanguage\":\"en-US\",\"@id\":\"https:\/\/lapinedaplatja.info\/en\/#\/schema\/logo\/image\/\",\"url\":\"https:\/\/lapinedaplatja.info\/wp-content\/uploads\/2018\/10\/cropped-13260099_989491457837088_3488030785405353200_n.jpg\",\"contentUrl\":\"https:\/\/lapinedaplatja.info\/wp-content\/uploads\/2018\/10\/cropped-13260099_989491457837088_3488030785405353200_n.jpg\",\"width\":600,\"height\":600,\"caption\":\"Patronat Municipal de Turisme de Vila-seca\"},\"image\":{\"@id\":\"https:\/\/lapinedaplatja.info\/en\/#\/schema\/logo\/image\/\"},\"sameAs\":[\"https:\/\/www.facebook.com\/lapinedaplatja\/\",\"https:\/\/x.com\/lapinedaplatja\",\"https:\/\/www.instagram.com\/lapinedaplatja\/\"]},{\"@type\":\"Person\",\"@id\":\"https:\/\/lapinedaplatja.info\/en\/#\/schema\/person\/29107b3d900b8d3c355b438d5f31edcf\",\"name\":\"nerea\",\"image\":{\"@type\":\"ImageObject\",\"inLanguage\":\"en-US\",\"@id\":\"https:\/\/lapinedaplatja.info\/en\/#\/schema\/person\/image\/\",\"url\":\"https:\/\/secure.gravatar.com\/avatar\/d3b9655a037913ef9c32c9777e65c2c8c6eaaf0460db91392b4a3c47c5e66474?s=96&d=mm&r=g\",\"contentUrl\":\"https:\/\/secure.gravatar.com\/avatar\/d3b9655a037913ef9c32c9777e65c2c8c6eaaf0460db91392b4a3c47c5e66474?s=96&d=mm&r=g\",\"caption\":\"nerea\"}}]}<\/script>\n<!-- \/ Yoast SEO plugin. -->","yoast_head_json":{"title":"Vila-seca participates in Conveni C\u00f3rner 2022 | Vila-seca - La Pineda Platja","description":"The plenary hall of the Provincial Council of Tarragona has hosted on Tuesday 8th February, the presentation of the Conveni C\u00f3rner of Costa Dorada which","robots":{"index":"index","follow":"follow","max-snippet":"max-snippet:-1","max-image-preview":"max-image-preview:large","max-video-preview":"max-video-preview:-1"},"canonical":"https:\/\/lapinedaplatja.info\/en\/vila-seca-assisteix-a-la-presentacio-del-conveni-corner-2022\/","og_locale":"en_US","og_type":"article","og_title":"Vila-seca participates in Conveni C\u00f3rner 2022 | Vila-seca - La Pineda Platja","og_description":"The plenary hall of the Provincial Council of Tarragona has hosted on Tuesday 8th February, the presentation of the Conveni C\u00f3rner of Costa Dorada which","og_url":"https:\/\/lapinedaplatja.info\/en\/vila-seca-assisteix-a-la-presentacio-del-conveni-corner-2022\/","og_site_name":"Vila-seca - La Pineda Platja","article_publisher":"https:\/\/www.facebook.com\/lapinedaplatja\/","article_published_time":"2022-02-08T13:39:54+00:00","article_modified_time":"2022-02-09T08:01:53+00:00","og_image":[{"width":1250,"height":834,"url":"https:\/\/lapinedaplatja.info\/wp-content\/uploads\/2022\/02\/foto-conveni-corner.jpg","type":"image\/jpeg"}],"author":"nerea","twitter_card":"summary_large_image","twitter_creator":"@lapinedaplatja","twitter_site":"@lapinedaplatja","twitter_misc":{"Written by":"nerea","Est. reading time":"1 minute"},"schema":{"@context":"https:\/\/schema.org","@graph":[{"@type":"Article","@id":"https:\/\/lapinedaplatja.info\/en\/vila-seca-assisteix-a-la-presentacio-del-conveni-corner-2022\/#article","isPartOf":{"@id":"https:\/\/lapinedaplatja.info\/en\/vila-seca-assisteix-a-la-presentacio-del-conveni-corner-2022\/"},"author":{"name":"nerea","@id":"https:\/\/lapinedaplatja.info\/en\/#\/schema\/person\/29107b3d900b8d3c355b438d5f31edcf"},"headline":"Vila-seca participates in Conveni C\u00f3rner 2022","datePublished":"2022-02-08T13:39:54+00:00","dateModified":"2022-02-09T08:01:53+00:00","mainEntityOfPage":{"@id":"https:\/\/lapinedaplatja.info\/en\/vila-seca-assisteix-a-la-presentacio-del-conveni-corner-2022\/"},"wordCount":276,"publisher":{"@id":"https:\/\/lapinedaplatja.info\/en\/#organization"},"image":{"@id":"https:\/\/lapinedaplatja.info\/en\/vila-seca-assisteix-a-la-presentacio-del-conveni-corner-2022\/#primaryimage"},"thumbnailUrl":"https:\/\/lapinedaplatja.info\/wp-content\/uploads\/2022\/02\/foto-conveni-corner.jpg","inLanguage":"en-US"},{"@type":"WebPage","@id":"https:\/\/lapinedaplatja.info\/en\/vila-seca-assisteix-a-la-presentacio-del-conveni-corner-2022\/","url":"https:\/\/lapinedaplatja.info\/en\/vila-seca-assisteix-a-la-presentacio-del-conveni-corner-2022\/","name":"Vila-seca participates in Conveni C\u00f3rner 2022 | Vila-seca - La Pineda Platja","isPartOf":{"@id":"https:\/\/lapinedaplatja.info\/en\/#website"},"primaryImageOfPage":{"@id":"https:\/\/lapinedaplatja.info\/en\/vila-seca-assisteix-a-la-presentacio-del-conveni-corner-2022\/#primaryimage"},"image":{"@id":"https:\/\/lapinedaplatja.info\/en\/vila-seca-assisteix-a-la-presentacio-del-conveni-corner-2022\/#primaryimage"},"thumbnailUrl":"https:\/\/lapinedaplatja.info\/wp-content\/uploads\/2022\/02\/foto-conveni-corner.jpg","datePublished":"2022-02-08T13:39:54+00:00","dateModified":"2022-02-09T08:01:53+00:00","description":"The plenary hall of the Provincial Council of Tarragona has hosted on Tuesday 8th February, the presentation of the Conveni C\u00f3rner of Costa Dorada which","breadcrumb":{"@id":"https:\/\/lapinedaplatja.info\/en\/vila-seca-assisteix-a-la-presentacio-del-conveni-corner-2022\/#breadcrumb"},"inLanguage":"en-US","potentialAction":[{"@type":"ReadAction","target":["https:\/\/lapinedaplatja.info\/en\/vila-seca-assisteix-a-la-presentacio-del-conveni-corner-2022\/"]}]},{"@type":"ImageObject","inLanguage":"en-US","@id":"https:\/\/lapinedaplatja.info\/en\/vila-seca-assisteix-a-la-presentacio-del-conveni-corner-2022\/#primaryimage","url":"https:\/\/lapinedaplatja.info\/wp-content\/uploads\/2022\/02\/foto-conveni-corner.jpg","contentUrl":"https:\/\/lapinedaplatja.info\/wp-content\/uploads\/2022\/02\/foto-conveni-corner.jpg","width":1250,"height":834},{"@type":"BreadcrumbList","@id":"https:\/\/lapinedaplatja.info\/en\/vila-seca-assisteix-a-la-presentacio-del-conveni-corner-2022\/#breadcrumb","itemListElement":[{"@type":"ListItem","position":1,"name":"Portada","item":"https:\/\/lapinedaplatja.info\/en\/"},{"@type":"ListItem","position":2,"name":"Vila-seca participates in Conveni C\u00f3rner 2022"}]},{"@type":"WebSite","@id":"https:\/\/lapinedaplatja.info\/en\/#website","url":"https:\/\/lapinedaplatja.info\/en\/","name":"La Pineda Platja | Vila-seca","description":"Oficina de Turismo de La Pineda.","publisher":{"@id":"https:\/\/lapinedaplatja.info\/en\/#organization"},"potentialAction":[{"@type":"SearchAction","target":{"@type":"EntryPoint","urlTemplate":"https:\/\/lapinedaplatja.info\/en\/?s={search_term_string}"},"query-input":{"@type":"PropertyValueSpecification","valueRequired":true,"valueName":"search_term_string"}}],"inLanguage":"en-US"},{"@type":"Organization","@id":"https:\/\/lapinedaplatja.info\/en\/#organization","name":"Patronat Municipal de Turisme de Vila-seca","url":"https:\/\/lapinedaplatja.info\/en\/","logo":{"@type":"ImageObject","inLanguage":"en-US","@id":"https:\/\/lapinedaplatja.info\/en\/#\/schema\/logo\/image\/","url":"https:\/\/lapinedaplatja.info\/wp-content\/uploads\/2018\/10\/cropped-13260099_989491457837088_3488030785405353200_n.jpg","contentUrl":"https:\/\/lapinedaplatja.info\/wp-content\/uploads\/2018\/10\/cropped-13260099_989491457837088_3488030785405353200_n.jpg","width":600,"height":600,"caption":"Patronat Municipal de Turisme de Vila-seca"},"image":{"@id":"https:\/\/lapinedaplatja.info\/en\/#\/schema\/logo\/image\/"},"sameAs":["https:\/\/www.facebook.com\/lapinedaplatja\/","https:\/\/x.com\/lapinedaplatja","https:\/\/www.instagram.com\/lapinedaplatja\/"]},{"@type":"Person","@id":"https:\/\/lapinedaplatja.info\/en\/#\/schema\/person\/29107b3d900b8d3c355b438d5f31edcf","name":"nerea","image":{"@type":"ImageObject","inLanguage":"en-US","@id":"https:\/\/lapinedaplatja.info\/en\/#\/schema\/person\/image\/","url":"https:\/\/secure.gravatar.com\/avatar\/d3b9655a037913ef9c32c9777e65c2c8c6eaaf0460db91392b4a3c47c5e66474?s=96&d=mm&r=g","contentUrl":"https:\/\/secure.gravatar.com\/avatar\/d3b9655a037913ef9c32c9777e65c2c8c6eaaf0460db91392b4a3c47c5e66474?s=96&d=mm&r=g","caption":"nerea"}}]}},"_links":{"self":[{"href":"https:\/\/lapinedaplatja.info\/en\/wp-json\/wp\/v2\/posts\/18523","targetHints":{"allow":["GET"]}}],"collection":[{"href":"https:\/\/lapinedaplatja.info\/en\/wp-json\/wp\/v2\/posts"}],"about":[{"href":"https:\/\/lapinedaplatja.info\/en\/wp-json\/wp\/v2\/types\/post"}],"author":[{"embeddable":true,"href":"https:\/\/lapinedaplatja.info\/en\/wp-json\/wp\/v2\/users\/4"}],"replies":[{"embeddable":true,"href":"https:\/\/lapinedaplatja.info\/en\/wp-json\/wp\/v2\/comments?post=18523"}],"version-history":[{"count":0,"href":"https:\/\/lapinedaplatja.info\/en\/wp-json\/wp\/v2\/posts\/18523\/revisions"}],"wp:featuredmedia":[{"embeddable":true,"href":"https:\/\/lapinedaplatja.info\/en\/wp-json\/wp\/v2\/media\/18508"}],"wp:attachment":[{"href":"https:\/\/lapinedaplatja.info\/en\/wp-json\/wp\/v2\/media?parent=18523"}],"wp:term":[{"taxonomy":"category","embeddable":true,"href":"https:\/\/lapinedaplatja.info\/en\/wp-json\/wp\/v2\/categories?post=18523"},{"taxonomy":"post_tag","embeddable":true,"href":"https:\/\/lapinedaplatja.info\/en\/wp-json\/wp\/v2\/tags?post=18523"}],"curies":[{"name":"wp","href":"https:\/\/api.w.org\/{rel}","templated":true}]}}