{"id":22351,"date":"2023-04-12T14:12:22","date_gmt":"2023-04-12T12:12:22","guid":{"rendered":"https:\/\/lapinedaplatja.info\/presentada-la-ruta-de-degustacio-gourmet-dgusta-vila-seca\/"},"modified":"2023-04-12T14:14:32","modified_gmt":"2023-04-12T12:14:32","slug":"presentada-la-ruta-de-degustacio-gourmet-dgusta-vila-seca","status":"publish","type":"post","link":"https:\/\/lapinedaplatja.info\/en\/presentada-la-ruta-de-degustacio-gourmet-dgusta-vila-seca\/","title":{"rendered":"Presentation of the Dgusta Vila-seca gourmet tasting route"},"content":{"rendered":"<p>Vila-seca today presented a gourmet tasting route that will kick off on Thursday 20 April. Dgusta Vila-seca is a gastronomic event organised by the Vila-seca-La Pineda Hotel and Catering Business Association, the Patronat Municipal de Turisme and the Ajuntament de Vila-seca (Vila-seca Town Council), with the participation of a total of 19 catering establishments in Vila-seca and La Pineda.<\/p>\n<p>The conference was presented by the mayor of Vila-seca, Pere Segura, together with Juan Herv\u00e1s, president of the AEH Vila-seca-La Pineda. Pere Segura highlighted the Dgusta route as a springboard &#8220;to project Vila-seca in the world of gastronomy and thus become a culinary reference point for the surrounding towns&#8221;. For his part, Juan Herv\u00e1s thanked the Ajuntament (Town Council) and the Patronat de Turisme for their collaboration, adding that &#8220;we have excellent gastronomy; that&#8217;s why we want to show it and join forces for Vila-seca and our gastronomy, giving it its own identity&#8221;.<\/p>\n<p>The tastings and pairings will be served every Thursday evening (from 20 April) and will cost 6 euros. It is envisaged that they will continue throughout the year, although there will be a short break in the summer to meet the demands of the high season.<\/p>\n<p>Customers who wish to take part in Dgusta Vila-seca will be able to obtain a &#8220;passport&#8221; in which the stamps of all the establishments visited will be accumulated in order to finally obtain a gift from Bodegas Yzaguirre who, together with the Port of Tarragona, are collaborators in the event.<\/p>\n<p>The establishments participating in Dgusta Vila-seca are the following:<\/p>\n<p><u>Vila-seca<\/u><\/p>\n<ul>\n<li>Giorgio Gelato (parc de la Riera, 3)<\/li>\n<li>Gastronoteca El Centru (carrer del Comte de Sicart, 2)<\/li>\n<li>Raffaella Gastrobar (carrer de la Riera, 86)<\/li>\n<li>Patio &amp; Grill (avinguda de la Generalitat, 56)<\/li>\n<li>Rampers (carrer de Josep Maria Folch i Torres, 4)<\/li>\n<li>Restaurante Can Robles (parc de la Riera, local 1)<\/li>\n<li>Umami Sushi (pla\u00e7a dels Pa\u00efsos Catalans, 2)<\/li>\n<li>Can Tabares (avinguda de Ramon d\u2019Olzina, 9)<\/li>\n<li>El qu\u00e9 dir\u00e1n (avinguda de la Verge de Montserrat, 1)<\/li>\n<li>La Ofi (pla\u00e7a de l\u2019Esgl\u00e9sia, 10)<\/li>\n<li>Pensi\u00f3 Salvad\u00f3 (pla\u00e7a de l\u2019Esgl\u00e9sia, 18)<\/li>\n<li>Bar Malavida (c\/Ramon Llull, 9 local 7B)<\/li>\n<\/ul>\n<p>&nbsp;<\/p>\n<p><u>La Pineda<\/u><\/p>\n<ul>\n<li>Obsidiana Restaurant (passeig de Pau Casals, 111)<\/li>\n<li>Mix Restaurant &amp; Lounge (carrer dels Muntanyals, 5)<\/li>\n<li>Oh La La (carrer d\u2019Enrico Caruso, 12)<\/li>\n<li>Hotel Gran Palas Experience 5* (carrer de la S\u00e9quia Major, 5)<\/li>\n<li>La Braser\u00eda by DP (passeig de Pau Casals, 137)<\/li>\n<li>Taberna Vasca (carrer d\u2019Amadeu Vives, 36)<\/li>\n<li>La Traviata Restaurante (passeig de Pau Casals, 141)<\/li>\n<\/ul>\n","protected":false},"excerpt":{"rendered":"<p>Vila-seca today presented a gourmet tasting route that will kick off on Thursday 20 April. Dgusta Vila-seca is a gastronomic event organised by the Vila-seca-La Pineda Hotel and Catering Business Association, the Patronat Municipal de Turisme and the Ajuntament de Vila-seca (Vila-seca Town Council), with the participation of a total [&hellip;]<\/p>\n","protected":false},"author":4,"featured_media":22345,"comment_status":"closed","ping_status":"open","sticky":false,"template":"","format":"standard","meta":{"_acf_changed":false,"footnotes":""},"categories":[1],"tags":[],"class_list":["post-22351","post","type-post","status-publish","format-standard","has-post-thumbnail","hentry","category-uncategorized"],"acf":[],"yoast_head":"<!-- This site is optimized with the Yoast SEO plugin v26.6 - https:\/\/yoast.com\/wordpress\/plugins\/seo\/ -->\n<title>Presentation of the Dgusta Vila-seca gourmet tasting route | Vila-seca - La Pineda Platja<\/title>\n<meta name=\"description\" content=\"Vila-seca today presented a gourmet tasting route that will kick off on Thursday 20 April. Dgusta Vila-seca is a gastronomic event organised by the\" \/>\n<meta name=\"robots\" content=\"index, follow, max-snippet:-1, max-image-preview:large, max-video-preview:-1\" \/>\n<link rel=\"canonical\" href=\"https:\/\/lapinedaplatja.info\/en\/presentada-la-ruta-de-degustacio-gourmet-dgusta-vila-seca\/\" \/>\n<meta property=\"og:locale\" content=\"en_US\" \/>\n<meta property=\"og:type\" content=\"article\" \/>\n<meta property=\"og:title\" content=\"Presentation of the Dgusta Vila-seca gourmet tasting route | Vila-seca - La Pineda Platja\" \/>\n<meta property=\"og:description\" content=\"Vila-seca today presented a gourmet tasting route that will kick off on Thursday 20 April. Dgusta Vila-seca is a gastronomic event organised by the\" \/>\n<meta property=\"og:url\" content=\"https:\/\/lapinedaplatja.info\/en\/presentada-la-ruta-de-degustacio-gourmet-dgusta-vila-seca\/\" \/>\n<meta property=\"og:site_name\" content=\"Vila-seca - La Pineda Platja\" \/>\n<meta property=\"article:publisher\" content=\"https:\/\/www.facebook.com\/lapinedaplatja\/\" \/>\n<meta property=\"article:published_time\" content=\"2023-04-12T12:12:22+00:00\" \/>\n<meta property=\"article:modified_time\" content=\"2023-04-12T12:14:32+00:00\" \/>\n<meta property=\"og:image\" content=\"https:\/\/lapinedaplatja.info\/wp-content\/uploads\/2023\/04\/IMG_5469.jpg\" \/>\n\t<meta property=\"og:image:width\" content=\"800\" \/>\n\t<meta property=\"og:image:height\" content=\"600\" \/>\n\t<meta property=\"og:image:type\" content=\"image\/jpeg\" \/>\n<meta name=\"author\" content=\"nerea\" \/>\n<meta name=\"twitter:card\" content=\"summary_large_image\" \/>\n<meta name=\"twitter:creator\" content=\"@lapinedaplatja\" \/>\n<meta name=\"twitter:site\" content=\"@lapinedaplatja\" \/>\n<meta name=\"twitter:label1\" content=\"Written by\" \/>\n\t<meta name=\"twitter:data1\" content=\"nerea\" \/>\n\t<meta name=\"twitter:label2\" content=\"Est. reading time\" \/>\n\t<meta name=\"twitter:data2\" content=\"2 minutes\" \/>\n<script type=\"application\/ld+json\" class=\"yoast-schema-graph\">{\"@context\":\"https:\/\/schema.org\",\"@graph\":[{\"@type\":\"Article\",\"@id\":\"https:\/\/lapinedaplatja.info\/en\/presentada-la-ruta-de-degustacio-gourmet-dgusta-vila-seca\/#article\",\"isPartOf\":{\"@id\":\"https:\/\/lapinedaplatja.info\/en\/presentada-la-ruta-de-degustacio-gourmet-dgusta-vila-seca\/\"},\"author\":{\"name\":\"nerea\",\"@id\":\"https:\/\/lapinedaplatja.info\/en\/#\/schema\/person\/29107b3d900b8d3c355b438d5f31edcf\"},\"headline\":\"Presentation of the Dgusta Vila-seca gourmet tasting route\",\"datePublished\":\"2023-04-12T12:12:22+00:00\",\"dateModified\":\"2023-04-12T12:14:32+00:00\",\"mainEntityOfPage\":{\"@id\":\"https:\/\/lapinedaplatja.info\/en\/presentada-la-ruta-de-degustacio-gourmet-dgusta-vila-seca\/\"},\"wordCount\":411,\"publisher\":{\"@id\":\"https:\/\/lapinedaplatja.info\/en\/#organization\"},\"image\":{\"@id\":\"https:\/\/lapinedaplatja.info\/en\/presentada-la-ruta-de-degustacio-gourmet-dgusta-vila-seca\/#primaryimage\"},\"thumbnailUrl\":\"https:\/\/lapinedaplatja.info\/wp-content\/uploads\/2023\/04\/IMG_5469.jpg\",\"inLanguage\":\"en-US\"},{\"@type\":\"WebPage\",\"@id\":\"https:\/\/lapinedaplatja.info\/en\/presentada-la-ruta-de-degustacio-gourmet-dgusta-vila-seca\/\",\"url\":\"https:\/\/lapinedaplatja.info\/en\/presentada-la-ruta-de-degustacio-gourmet-dgusta-vila-seca\/\",\"name\":\"Presentation of the Dgusta Vila-seca gourmet tasting route | Vila-seca - La Pineda Platja\",\"isPartOf\":{\"@id\":\"https:\/\/lapinedaplatja.info\/en\/#website\"},\"primaryImageOfPage\":{\"@id\":\"https:\/\/lapinedaplatja.info\/en\/presentada-la-ruta-de-degustacio-gourmet-dgusta-vila-seca\/#primaryimage\"},\"image\":{\"@id\":\"https:\/\/lapinedaplatja.info\/en\/presentada-la-ruta-de-degustacio-gourmet-dgusta-vila-seca\/#primaryimage\"},\"thumbnailUrl\":\"https:\/\/lapinedaplatja.info\/wp-content\/uploads\/2023\/04\/IMG_5469.jpg\",\"datePublished\":\"2023-04-12T12:12:22+00:00\",\"dateModified\":\"2023-04-12T12:14:32+00:00\",\"description\":\"Vila-seca today presented a gourmet tasting route that will kick off on Thursday 20 April. Dgusta Vila-seca is a gastronomic event organised by the\",\"breadcrumb\":{\"@id\":\"https:\/\/lapinedaplatja.info\/en\/presentada-la-ruta-de-degustacio-gourmet-dgusta-vila-seca\/#breadcrumb\"},\"inLanguage\":\"en-US\",\"potentialAction\":[{\"@type\":\"ReadAction\",\"target\":[\"https:\/\/lapinedaplatja.info\/en\/presentada-la-ruta-de-degustacio-gourmet-dgusta-vila-seca\/\"]}]},{\"@type\":\"ImageObject\",\"inLanguage\":\"en-US\",\"@id\":\"https:\/\/lapinedaplatja.info\/en\/presentada-la-ruta-de-degustacio-gourmet-dgusta-vila-seca\/#primaryimage\",\"url\":\"https:\/\/lapinedaplatja.info\/wp-content\/uploads\/2023\/04\/IMG_5469.jpg\",\"contentUrl\":\"https:\/\/lapinedaplatja.info\/wp-content\/uploads\/2023\/04\/IMG_5469.jpg\",\"width\":4032,\"height\":3024},{\"@type\":\"BreadcrumbList\",\"@id\":\"https:\/\/lapinedaplatja.info\/en\/presentada-la-ruta-de-degustacio-gourmet-dgusta-vila-seca\/#breadcrumb\",\"itemListElement\":[{\"@type\":\"ListItem\",\"position\":1,\"name\":\"Portada\",\"item\":\"https:\/\/lapinedaplatja.info\/en\/\"},{\"@type\":\"ListItem\",\"position\":2,\"name\":\"Presentation of the Dgusta Vila-seca gourmet tasting route\"}]},{\"@type\":\"WebSite\",\"@id\":\"https:\/\/lapinedaplatja.info\/en\/#website\",\"url\":\"https:\/\/lapinedaplatja.info\/en\/\",\"name\":\"La Pineda Platja | Vila-seca\",\"description\":\"Oficina de Turismo de La Pineda.\",\"publisher\":{\"@id\":\"https:\/\/lapinedaplatja.info\/en\/#organization\"},\"potentialAction\":[{\"@type\":\"SearchAction\",\"target\":{\"@type\":\"EntryPoint\",\"urlTemplate\":\"https:\/\/lapinedaplatja.info\/en\/?s={search_term_string}\"},\"query-input\":{\"@type\":\"PropertyValueSpecification\",\"valueRequired\":true,\"valueName\":\"search_term_string\"}}],\"inLanguage\":\"en-US\"},{\"@type\":\"Organization\",\"@id\":\"https:\/\/lapinedaplatja.info\/en\/#organization\",\"name\":\"Patronat Municipal de Turisme de Vila-seca\",\"url\":\"https:\/\/lapinedaplatja.info\/en\/\",\"logo\":{\"@type\":\"ImageObject\",\"inLanguage\":\"en-US\",\"@id\":\"https:\/\/lapinedaplatja.info\/en\/#\/schema\/logo\/image\/\",\"url\":\"https:\/\/lapinedaplatja.info\/wp-content\/uploads\/2018\/10\/cropped-13260099_989491457837088_3488030785405353200_n.jpg\",\"contentUrl\":\"https:\/\/lapinedaplatja.info\/wp-content\/uploads\/2018\/10\/cropped-13260099_989491457837088_3488030785405353200_n.jpg\",\"width\":600,\"height\":600,\"caption\":\"Patronat Municipal de Turisme de Vila-seca\"},\"image\":{\"@id\":\"https:\/\/lapinedaplatja.info\/en\/#\/schema\/logo\/image\/\"},\"sameAs\":[\"https:\/\/www.facebook.com\/lapinedaplatja\/\",\"https:\/\/x.com\/lapinedaplatja\",\"https:\/\/www.instagram.com\/lapinedaplatja\/\"]},{\"@type\":\"Person\",\"@id\":\"https:\/\/lapinedaplatja.info\/en\/#\/schema\/person\/29107b3d900b8d3c355b438d5f31edcf\",\"name\":\"nerea\",\"image\":{\"@type\":\"ImageObject\",\"inLanguage\":\"en-US\",\"@id\":\"https:\/\/lapinedaplatja.info\/en\/#\/schema\/person\/image\/\",\"url\":\"https:\/\/secure.gravatar.com\/avatar\/d3b9655a037913ef9c32c9777e65c2c8c6eaaf0460db91392b4a3c47c5e66474?s=96&d=mm&r=g\",\"contentUrl\":\"https:\/\/secure.gravatar.com\/avatar\/d3b9655a037913ef9c32c9777e65c2c8c6eaaf0460db91392b4a3c47c5e66474?s=96&d=mm&r=g\",\"caption\":\"nerea\"}}]}<\/script>\n<!-- \/ Yoast SEO plugin. -->","yoast_head_json":{"title":"Presentation of the Dgusta Vila-seca gourmet tasting route | Vila-seca - La Pineda Platja","description":"Vila-seca today presented a gourmet tasting route that will kick off on Thursday 20 April. Dgusta Vila-seca is a gastronomic event organised by the","robots":{"index":"index","follow":"follow","max-snippet":"max-snippet:-1","max-image-preview":"max-image-preview:large","max-video-preview":"max-video-preview:-1"},"canonical":"https:\/\/lapinedaplatja.info\/en\/presentada-la-ruta-de-degustacio-gourmet-dgusta-vila-seca\/","og_locale":"en_US","og_type":"article","og_title":"Presentation of the Dgusta Vila-seca gourmet tasting route | Vila-seca - La Pineda Platja","og_description":"Vila-seca today presented a gourmet tasting route that will kick off on Thursday 20 April. Dgusta Vila-seca is a gastronomic event organised by the","og_url":"https:\/\/lapinedaplatja.info\/en\/presentada-la-ruta-de-degustacio-gourmet-dgusta-vila-seca\/","og_site_name":"Vila-seca - La Pineda Platja","article_publisher":"https:\/\/www.facebook.com\/lapinedaplatja\/","article_published_time":"2023-04-12T12:12:22+00:00","article_modified_time":"2023-04-12T12:14:32+00:00","og_image":[{"url":"https:\/\/lapinedaplatja.info\/wp-content\/uploads\/2023\/04\/IMG_5469.jpg","width":800,"height":600,"type":"image\/jpeg"}],"author":"nerea","twitter_card":"summary_large_image","twitter_creator":"@lapinedaplatja","twitter_site":"@lapinedaplatja","twitter_misc":{"Written by":"nerea","Est. reading time":"2 minutes"},"schema":{"@context":"https:\/\/schema.org","@graph":[{"@type":"Article","@id":"https:\/\/lapinedaplatja.info\/en\/presentada-la-ruta-de-degustacio-gourmet-dgusta-vila-seca\/#article","isPartOf":{"@id":"https:\/\/lapinedaplatja.info\/en\/presentada-la-ruta-de-degustacio-gourmet-dgusta-vila-seca\/"},"author":{"name":"nerea","@id":"https:\/\/lapinedaplatja.info\/en\/#\/schema\/person\/29107b3d900b8d3c355b438d5f31edcf"},"headline":"Presentation of the Dgusta Vila-seca gourmet tasting route","datePublished":"2023-04-12T12:12:22+00:00","dateModified":"2023-04-12T12:14:32+00:00","mainEntityOfPage":{"@id":"https:\/\/lapinedaplatja.info\/en\/presentada-la-ruta-de-degustacio-gourmet-dgusta-vila-seca\/"},"wordCount":411,"publisher":{"@id":"https:\/\/lapinedaplatja.info\/en\/#organization"},"image":{"@id":"https:\/\/lapinedaplatja.info\/en\/presentada-la-ruta-de-degustacio-gourmet-dgusta-vila-seca\/#primaryimage"},"thumbnailUrl":"https:\/\/lapinedaplatja.info\/wp-content\/uploads\/2023\/04\/IMG_5469.jpg","inLanguage":"en-US"},{"@type":"WebPage","@id":"https:\/\/lapinedaplatja.info\/en\/presentada-la-ruta-de-degustacio-gourmet-dgusta-vila-seca\/","url":"https:\/\/lapinedaplatja.info\/en\/presentada-la-ruta-de-degustacio-gourmet-dgusta-vila-seca\/","name":"Presentation of the Dgusta Vila-seca gourmet tasting route | Vila-seca - La Pineda Platja","isPartOf":{"@id":"https:\/\/lapinedaplatja.info\/en\/#website"},"primaryImageOfPage":{"@id":"https:\/\/lapinedaplatja.info\/en\/presentada-la-ruta-de-degustacio-gourmet-dgusta-vila-seca\/#primaryimage"},"image":{"@id":"https:\/\/lapinedaplatja.info\/en\/presentada-la-ruta-de-degustacio-gourmet-dgusta-vila-seca\/#primaryimage"},"thumbnailUrl":"https:\/\/lapinedaplatja.info\/wp-content\/uploads\/2023\/04\/IMG_5469.jpg","datePublished":"2023-04-12T12:12:22+00:00","dateModified":"2023-04-12T12:14:32+00:00","description":"Vila-seca today presented a gourmet tasting route that will kick off on Thursday 20 April. Dgusta Vila-seca is a gastronomic event organised by the","breadcrumb":{"@id":"https:\/\/lapinedaplatja.info\/en\/presentada-la-ruta-de-degustacio-gourmet-dgusta-vila-seca\/#breadcrumb"},"inLanguage":"en-US","potentialAction":[{"@type":"ReadAction","target":["https:\/\/lapinedaplatja.info\/en\/presentada-la-ruta-de-degustacio-gourmet-dgusta-vila-seca\/"]}]},{"@type":"ImageObject","inLanguage":"en-US","@id":"https:\/\/lapinedaplatja.info\/en\/presentada-la-ruta-de-degustacio-gourmet-dgusta-vila-seca\/#primaryimage","url":"https:\/\/lapinedaplatja.info\/wp-content\/uploads\/2023\/04\/IMG_5469.jpg","contentUrl":"https:\/\/lapinedaplatja.info\/wp-content\/uploads\/2023\/04\/IMG_5469.jpg","width":4032,"height":3024},{"@type":"BreadcrumbList","@id":"https:\/\/lapinedaplatja.info\/en\/presentada-la-ruta-de-degustacio-gourmet-dgusta-vila-seca\/#breadcrumb","itemListElement":[{"@type":"ListItem","position":1,"name":"Portada","item":"https:\/\/lapinedaplatja.info\/en\/"},{"@type":"ListItem","position":2,"name":"Presentation of the Dgusta Vila-seca gourmet tasting route"}]},{"@type":"WebSite","@id":"https:\/\/lapinedaplatja.info\/en\/#website","url":"https:\/\/lapinedaplatja.info\/en\/","name":"La Pineda Platja | Vila-seca","description":"Oficina de Turismo de La Pineda.","publisher":{"@id":"https:\/\/lapinedaplatja.info\/en\/#organization"},"potentialAction":[{"@type":"SearchAction","target":{"@type":"EntryPoint","urlTemplate":"https:\/\/lapinedaplatja.info\/en\/?s={search_term_string}"},"query-input":{"@type":"PropertyValueSpecification","valueRequired":true,"valueName":"search_term_string"}}],"inLanguage":"en-US"},{"@type":"Organization","@id":"https:\/\/lapinedaplatja.info\/en\/#organization","name":"Patronat Municipal de Turisme de Vila-seca","url":"https:\/\/lapinedaplatja.info\/en\/","logo":{"@type":"ImageObject","inLanguage":"en-US","@id":"https:\/\/lapinedaplatja.info\/en\/#\/schema\/logo\/image\/","url":"https:\/\/lapinedaplatja.info\/wp-content\/uploads\/2018\/10\/cropped-13260099_989491457837088_3488030785405353200_n.jpg","contentUrl":"https:\/\/lapinedaplatja.info\/wp-content\/uploads\/2018\/10\/cropped-13260099_989491457837088_3488030785405353200_n.jpg","width":600,"height":600,"caption":"Patronat Municipal de Turisme de Vila-seca"},"image":{"@id":"https:\/\/lapinedaplatja.info\/en\/#\/schema\/logo\/image\/"},"sameAs":["https:\/\/www.facebook.com\/lapinedaplatja\/","https:\/\/x.com\/lapinedaplatja","https:\/\/www.instagram.com\/lapinedaplatja\/"]},{"@type":"Person","@id":"https:\/\/lapinedaplatja.info\/en\/#\/schema\/person\/29107b3d900b8d3c355b438d5f31edcf","name":"nerea","image":{"@type":"ImageObject","inLanguage":"en-US","@id":"https:\/\/lapinedaplatja.info\/en\/#\/schema\/person\/image\/","url":"https:\/\/secure.gravatar.com\/avatar\/d3b9655a037913ef9c32c9777e65c2c8c6eaaf0460db91392b4a3c47c5e66474?s=96&d=mm&r=g","contentUrl":"https:\/\/secure.gravatar.com\/avatar\/d3b9655a037913ef9c32c9777e65c2c8c6eaaf0460db91392b4a3c47c5e66474?s=96&d=mm&r=g","caption":"nerea"}}]}},"_links":{"self":[{"href":"https:\/\/lapinedaplatja.info\/en\/wp-json\/wp\/v2\/posts\/22351","targetHints":{"allow":["GET"]}}],"collection":[{"href":"https:\/\/lapinedaplatja.info\/en\/wp-json\/wp\/v2\/posts"}],"about":[{"href":"https:\/\/lapinedaplatja.info\/en\/wp-json\/wp\/v2\/types\/post"}],"author":[{"embeddable":true,"href":"https:\/\/lapinedaplatja.info\/en\/wp-json\/wp\/v2\/users\/4"}],"replies":[{"embeddable":true,"href":"https:\/\/lapinedaplatja.info\/en\/wp-json\/wp\/v2\/comments?post=22351"}],"version-history":[{"count":0,"href":"https:\/\/lapinedaplatja.info\/en\/wp-json\/wp\/v2\/posts\/22351\/revisions"}],"wp:featuredmedia":[{"embeddable":true,"href":"https:\/\/lapinedaplatja.info\/en\/wp-json\/wp\/v2\/media\/22345"}],"wp:attachment":[{"href":"https:\/\/lapinedaplatja.info\/en\/wp-json\/wp\/v2\/media?parent=22351"}],"wp:term":[{"taxonomy":"category","embeddable":true,"href":"https:\/\/lapinedaplatja.info\/en\/wp-json\/wp\/v2\/categories?post=22351"},{"taxonomy":"post_tag","embeddable":true,"href":"https:\/\/lapinedaplatja.info\/en\/wp-json\/wp\/v2\/tags?post=22351"}],"curies":[{"name":"wp","href":"https:\/\/api.w.org\/{rel}","templated":true}]}}