{"id":23443,"date":"2023-07-17T11:23:11","date_gmt":"2023-07-17T09:23:11","guid":{"rendered":"https:\/\/lapinedaplatja.info\/tot-a-punt-perque-arrenqui-la-festa-major-destiu-de-vila-seca\/"},"modified":"2023-07-17T11:25:12","modified_gmt":"2023-07-17T09:25:12","slug":"tot-a-punt-perque-arrenqui-la-festa-major-destiu-de-vila-seca","status":"publish","type":"post","link":"https:\/\/lapinedaplatja.info\/en\/tot-a-punt-perque-arrenqui-la-festa-major-destiu-de-vila-seca\/","title":{"rendered":"Everything is ready for the start of Vila-seca&#8217;s Fiesta Major de Verano (Summer Festival)"},"content":{"rendered":"<p>The Vila-seca Summer Festival is about to start. It kicks off on Friday 21 July with the Masandmasshow Tour Bus Open Air with DJ Nacho Lascasas, on the Pau Casals promenade in La Pineda. The following day, Saturday, the more traditional events will begin with a castellera performance, the correfoc, the great fireworks display from the Rac\u00f3 beach and the 80s and 90s Disco Party with DJs Pep S\u00e1nchez and Sanmarini. On 23 July there will be a display of traditional culture along the promenade and the day will end with a parade with the Txaranga Band Tocats.<\/p>\n<p>The festivities of Saint James in La Pineda will continue with the family show &#8220;Vitamina&#8221; on Monday 24 July and the following day, Saint James, there will be havaneres and burnt rum in the Parc del Pinar de Perruquet with the Coral Nova Uni\u00f3 from 9 pm.<\/p>\n<p>On Friday 28th July the Festa Major moves to Vila-seca, where the first event for young and old to enjoy will be the small correfoc from the Pla\u00e7a de les Creus at 8.30 pm. At 10 p.m. the doors of the chill-out space in the garden of the Library will open, as well as on all the other days of the Festa Major until 3 August. In the Parc de la Riera there will be a concert with performances by Amics de Manel and Buhos and, from 11.30 p.m. onwards, the Cubik Space, located in the courtyard of the San Bernat Calv\u00f3 School, will be open to the public. On this occasion there will be a disco party with Rub\u00e9n Romero, and on Saturday 29th and Sunday 30th July there will be a disco party with AMEV. Tickets for the Cubik Space are now available at <a href=\"https:\/\/entrades.vila-seca.cat\">https:\/\/entrades.vila-seca.cat<\/a>.<\/p>\n<p>On Saturday 29th July at 10.00 a.m. the Vila-seca Family Race will take place, a family sports obstacle course through the streets of the historic centre. At 6 p.m. the Cercabirra will gather in front of the Castell de Vila-seca and, half an hour later, there will be a castellera performance in the Pla\u00e7a de l&#8217;Esgl\u00e9sia. And in the evening, there will be a big Fiesta Mayor dance with the Krypton Orchestra in the parc de la Riera.<\/p>\n<p>On Sunday the 30th, many of the traditional events of the town festival will take place. A sample are the 15th Speed Painting Competition, the Lightning Chess Tournament, the Swimming Crossing &#8220;Playa de la Pineda&#8221; at 10.15 am and the route of the vermouth from 12 noon. In the afternoon, the prizes for the Speed Painting Competition held in the morning will be awarded and the main event will be at 8.30 p.m. with the Parade of the Traditional Entourage with festive elements and dances. On Monday 31 July, families can enjoy the family show &#8220;Una carretada de cuentos&#8221; (A cartload of stories) and in the evening, there will be a Night of Humour by V\u00edctor Parrado with &#8220;Buenrollistas&#8221;. On Tuesday 1 August, the little ones will be able to enjoy the show &#8220;Mujeres valientes&#8221; in the Pla\u00e7a d&#8217;Estudi and, in the same place, El Artistre will be the star of the musical night at 22.30 h.<\/p>\n<p>On Wednesday 2 August the Teia Moner Company will present the family show &#8220;Tr\u00f3pico&#8221;, the group Se&#8217;ns va l&#8217;olla will perform &#8220;Historias cortas en espacios cerrados&#8221; at the Celler de Vila-seca at 8.30 p.m. and, finally, the day will end with a night of attic magic with Aleix Vidal in the Pla\u00e7a d&#8217;Estudi. On Thursday 3rd August, Vila-seca&#8217;s Festa Major de Verano de Vila-seca will come to an end with a series of early mornings in the historic centre, a mass at 12 noon and, in the afternoon, the performance of the Ball de Sant Esteve at 7 o&#8217;clock in the Pla\u00e7a de l&#8217;Esgl\u00e9sia and the havaneres at 8 o&#8217;clock in the Pla\u00e7a d&#8217;Estudi. The night will belong to the trabucaires from 10.15 p.m. onwards, when they will start a parade from the Casal Cl\u00e0udia Padr\u00f3. At 11 p.m. sharp, the correfoc (fire run) will start with the Ball de Diables (Devils&#8217; Ball) and the Gran Castillo de Fuegos (Great Fireworks Castle) will close the festival at 11.45 p.m. from the Via M\u00e1xima.<\/p>\n","protected":false},"excerpt":{"rendered":"<p>The Vila-seca Summer Festival is about to start. It kicks off on Friday 21 July with the Masandmasshow Tour Bus Open Air with DJ Nacho Lascasas, on the Pau Casals promenade in La Pineda. The following day, Saturday, the more traditional events will begin with a castellera performance, the correfoc, [&hellip;]<\/p>\n","protected":false},"author":4,"featured_media":23089,"comment_status":"closed","ping_status":"open","sticky":false,"template":"","format":"standard","meta":{"_acf_changed":false,"footnotes":""},"categories":[1],"tags":[],"class_list":["post-23443","post","type-post","status-publish","format-standard","has-post-thumbnail","hentry","category-uncategorized"],"acf":[],"yoast_head":"<!-- This site is optimized with the Yoast SEO plugin v26.6 - https:\/\/yoast.com\/wordpress\/plugins\/seo\/ -->\n<title>Everything is ready for the start of Vila-seca&#039;s Fiesta Major de Verano (Summer Festival) | Vila-seca - La Pineda Platja<\/title>\n<meta name=\"description\" content=\"The Vila-seca Summer Festival is about to start. It kicks off on Friday 21 July with the Masandmasshow Tour Bus Open Air with DJ Nacho Lascasas, on the\" \/>\n<meta name=\"robots\" content=\"index, follow, max-snippet:-1, max-image-preview:large, max-video-preview:-1\" \/>\n<link rel=\"canonical\" href=\"https:\/\/lapinedaplatja.info\/en\/tot-a-punt-perque-arrenqui-la-festa-major-destiu-de-vila-seca\/\" \/>\n<meta property=\"og:locale\" content=\"en_US\" \/>\n<meta property=\"og:type\" content=\"article\" \/>\n<meta property=\"og:title\" content=\"Everything is ready for the start of Vila-seca&#039;s Fiesta Major de Verano (Summer Festival) | Vila-seca - La Pineda Platja\" \/>\n<meta property=\"og:description\" content=\"The Vila-seca Summer Festival is about to start. It kicks off on Friday 21 July with the Masandmasshow Tour Bus Open Air with DJ Nacho Lascasas, on the\" \/>\n<meta property=\"og:url\" content=\"https:\/\/lapinedaplatja.info\/en\/tot-a-punt-perque-arrenqui-la-festa-major-destiu-de-vila-seca\/\" \/>\n<meta property=\"og:site_name\" content=\"Vila-seca - La Pineda Platja\" \/>\n<meta property=\"article:publisher\" content=\"https:\/\/www.facebook.com\/lapinedaplatja\/\" \/>\n<meta property=\"article:published_time\" content=\"2023-07-17T09:23:11+00:00\" \/>\n<meta property=\"article:modified_time\" content=\"2023-07-17T09:25:12+00:00\" \/>\n<meta property=\"og:image\" content=\"https:\/\/lapinedaplatja.info\/wp-content\/uploads\/2022\/07\/web.jpg\" \/>\n\t<meta property=\"og:image:width\" content=\"960\" \/>\n\t<meta property=\"og:image:height\" content=\"540\" \/>\n\t<meta property=\"og:image:type\" content=\"image\/jpeg\" \/>\n<meta name=\"author\" content=\"nerea\" \/>\n<meta name=\"twitter:card\" content=\"summary_large_image\" \/>\n<meta name=\"twitter:creator\" content=\"@lapinedaplatja\" \/>\n<meta name=\"twitter:site\" content=\"@lapinedaplatja\" \/>\n<meta name=\"twitter:label1\" content=\"Written by\" \/>\n\t<meta name=\"twitter:data1\" content=\"nerea\" \/>\n\t<meta name=\"twitter:label2\" content=\"Est. reading time\" \/>\n\t<meta name=\"twitter:data2\" content=\"4 minutes\" \/>\n<script type=\"application\/ld+json\" class=\"yoast-schema-graph\">{\"@context\":\"https:\/\/schema.org\",\"@graph\":[{\"@type\":\"Article\",\"@id\":\"https:\/\/lapinedaplatja.info\/en\/tot-a-punt-perque-arrenqui-la-festa-major-destiu-de-vila-seca\/#article\",\"isPartOf\":{\"@id\":\"https:\/\/lapinedaplatja.info\/en\/tot-a-punt-perque-arrenqui-la-festa-major-destiu-de-vila-seca\/\"},\"author\":{\"name\":\"nerea\",\"@id\":\"https:\/\/lapinedaplatja.info\/en\/#\/schema\/person\/29107b3d900b8d3c355b438d5f31edcf\"},\"headline\":\"Everything is ready for the start of Vila-seca&#8217;s Fiesta Major de Verano (Summer Festival)\",\"datePublished\":\"2023-07-17T09:23:11+00:00\",\"dateModified\":\"2023-07-17T09:25:12+00:00\",\"mainEntityOfPage\":{\"@id\":\"https:\/\/lapinedaplatja.info\/en\/tot-a-punt-perque-arrenqui-la-festa-major-destiu-de-vila-seca\/\"},\"wordCount\":727,\"publisher\":{\"@id\":\"https:\/\/lapinedaplatja.info\/en\/#organization\"},\"image\":{\"@id\":\"https:\/\/lapinedaplatja.info\/en\/tot-a-punt-perque-arrenqui-la-festa-major-destiu-de-vila-seca\/#primaryimage\"},\"thumbnailUrl\":\"https:\/\/lapinedaplatja.info\/wp-content\/uploads\/2022\/07\/web.jpg\",\"inLanguage\":\"en-US\"},{\"@type\":\"WebPage\",\"@id\":\"https:\/\/lapinedaplatja.info\/en\/tot-a-punt-perque-arrenqui-la-festa-major-destiu-de-vila-seca\/\",\"url\":\"https:\/\/lapinedaplatja.info\/en\/tot-a-punt-perque-arrenqui-la-festa-major-destiu-de-vila-seca\/\",\"name\":\"Everything is ready for the start of Vila-seca's Fiesta Major de Verano (Summer Festival) | Vila-seca - La Pineda Platja\",\"isPartOf\":{\"@id\":\"https:\/\/lapinedaplatja.info\/en\/#website\"},\"primaryImageOfPage\":{\"@id\":\"https:\/\/lapinedaplatja.info\/en\/tot-a-punt-perque-arrenqui-la-festa-major-destiu-de-vila-seca\/#primaryimage\"},\"image\":{\"@id\":\"https:\/\/lapinedaplatja.info\/en\/tot-a-punt-perque-arrenqui-la-festa-major-destiu-de-vila-seca\/#primaryimage\"},\"thumbnailUrl\":\"https:\/\/lapinedaplatja.info\/wp-content\/uploads\/2022\/07\/web.jpg\",\"datePublished\":\"2023-07-17T09:23:11+00:00\",\"dateModified\":\"2023-07-17T09:25:12+00:00\",\"description\":\"The Vila-seca Summer Festival is about to start. It kicks off on Friday 21 July with the Masandmasshow Tour Bus Open Air with DJ Nacho Lascasas, on the\",\"breadcrumb\":{\"@id\":\"https:\/\/lapinedaplatja.info\/en\/tot-a-punt-perque-arrenqui-la-festa-major-destiu-de-vila-seca\/#breadcrumb\"},\"inLanguage\":\"en-US\",\"potentialAction\":[{\"@type\":\"ReadAction\",\"target\":[\"https:\/\/lapinedaplatja.info\/en\/tot-a-punt-perque-arrenqui-la-festa-major-destiu-de-vila-seca\/\"]}]},{\"@type\":\"ImageObject\",\"inLanguage\":\"en-US\",\"@id\":\"https:\/\/lapinedaplatja.info\/en\/tot-a-punt-perque-arrenqui-la-festa-major-destiu-de-vila-seca\/#primaryimage\",\"url\":\"https:\/\/lapinedaplatja.info\/wp-content\/uploads\/2022\/07\/web.jpg\",\"contentUrl\":\"https:\/\/lapinedaplatja.info\/wp-content\/uploads\/2022\/07\/web.jpg\",\"width\":960,\"height\":540},{\"@type\":\"BreadcrumbList\",\"@id\":\"https:\/\/lapinedaplatja.info\/en\/tot-a-punt-perque-arrenqui-la-festa-major-destiu-de-vila-seca\/#breadcrumb\",\"itemListElement\":[{\"@type\":\"ListItem\",\"position\":1,\"name\":\"Portada\",\"item\":\"https:\/\/lapinedaplatja.info\/en\/\"},{\"@type\":\"ListItem\",\"position\":2,\"name\":\"Everything is ready for the start of Vila-seca&#8217;s Fiesta Major de Verano (Summer Festival)\"}]},{\"@type\":\"WebSite\",\"@id\":\"https:\/\/lapinedaplatja.info\/en\/#website\",\"url\":\"https:\/\/lapinedaplatja.info\/en\/\",\"name\":\"La Pineda Platja | Vila-seca\",\"description\":\"Oficina de Turismo de La Pineda.\",\"publisher\":{\"@id\":\"https:\/\/lapinedaplatja.info\/en\/#organization\"},\"potentialAction\":[{\"@type\":\"SearchAction\",\"target\":{\"@type\":\"EntryPoint\",\"urlTemplate\":\"https:\/\/lapinedaplatja.info\/en\/?s={search_term_string}\"},\"query-input\":{\"@type\":\"PropertyValueSpecification\",\"valueRequired\":true,\"valueName\":\"search_term_string\"}}],\"inLanguage\":\"en-US\"},{\"@type\":\"Organization\",\"@id\":\"https:\/\/lapinedaplatja.info\/en\/#organization\",\"name\":\"Patronat Municipal de Turisme de Vila-seca\",\"url\":\"https:\/\/lapinedaplatja.info\/en\/\",\"logo\":{\"@type\":\"ImageObject\",\"inLanguage\":\"en-US\",\"@id\":\"https:\/\/lapinedaplatja.info\/en\/#\/schema\/logo\/image\/\",\"url\":\"https:\/\/lapinedaplatja.info\/wp-content\/uploads\/2018\/10\/cropped-13260099_989491457837088_3488030785405353200_n.jpg\",\"contentUrl\":\"https:\/\/lapinedaplatja.info\/wp-content\/uploads\/2018\/10\/cropped-13260099_989491457837088_3488030785405353200_n.jpg\",\"width\":600,\"height\":600,\"caption\":\"Patronat Municipal de Turisme de Vila-seca\"},\"image\":{\"@id\":\"https:\/\/lapinedaplatja.info\/en\/#\/schema\/logo\/image\/\"},\"sameAs\":[\"https:\/\/www.facebook.com\/lapinedaplatja\/\",\"https:\/\/x.com\/lapinedaplatja\",\"https:\/\/www.instagram.com\/lapinedaplatja\/\"]},{\"@type\":\"Person\",\"@id\":\"https:\/\/lapinedaplatja.info\/en\/#\/schema\/person\/29107b3d900b8d3c355b438d5f31edcf\",\"name\":\"nerea\",\"image\":{\"@type\":\"ImageObject\",\"inLanguage\":\"en-US\",\"@id\":\"https:\/\/lapinedaplatja.info\/en\/#\/schema\/person\/image\/\",\"url\":\"https:\/\/secure.gravatar.com\/avatar\/d3b9655a037913ef9c32c9777e65c2c8c6eaaf0460db91392b4a3c47c5e66474?s=96&d=mm&r=g\",\"contentUrl\":\"https:\/\/secure.gravatar.com\/avatar\/d3b9655a037913ef9c32c9777e65c2c8c6eaaf0460db91392b4a3c47c5e66474?s=96&d=mm&r=g\",\"caption\":\"nerea\"}}]}<\/script>\n<!-- \/ Yoast SEO plugin. -->","yoast_head_json":{"title":"Everything is ready for the start of Vila-seca's Fiesta Major de Verano (Summer Festival) | Vila-seca - La Pineda Platja","description":"The Vila-seca Summer Festival is about to start. It kicks off on Friday 21 July with the Masandmasshow Tour Bus Open Air with DJ Nacho Lascasas, on the","robots":{"index":"index","follow":"follow","max-snippet":"max-snippet:-1","max-image-preview":"max-image-preview:large","max-video-preview":"max-video-preview:-1"},"canonical":"https:\/\/lapinedaplatja.info\/en\/tot-a-punt-perque-arrenqui-la-festa-major-destiu-de-vila-seca\/","og_locale":"en_US","og_type":"article","og_title":"Everything is ready for the start of Vila-seca's Fiesta Major de Verano (Summer Festival) | Vila-seca - La Pineda Platja","og_description":"The Vila-seca Summer Festival is about to start. It kicks off on Friday 21 July with the Masandmasshow Tour Bus Open Air with DJ Nacho Lascasas, on the","og_url":"https:\/\/lapinedaplatja.info\/en\/tot-a-punt-perque-arrenqui-la-festa-major-destiu-de-vila-seca\/","og_site_name":"Vila-seca - La Pineda Platja","article_publisher":"https:\/\/www.facebook.com\/lapinedaplatja\/","article_published_time":"2023-07-17T09:23:11+00:00","article_modified_time":"2023-07-17T09:25:12+00:00","og_image":[{"width":960,"height":540,"url":"https:\/\/lapinedaplatja.info\/wp-content\/uploads\/2022\/07\/web.jpg","type":"image\/jpeg"}],"author":"nerea","twitter_card":"summary_large_image","twitter_creator":"@lapinedaplatja","twitter_site":"@lapinedaplatja","twitter_misc":{"Written by":"nerea","Est. reading time":"4 minutes"},"schema":{"@context":"https:\/\/schema.org","@graph":[{"@type":"Article","@id":"https:\/\/lapinedaplatja.info\/en\/tot-a-punt-perque-arrenqui-la-festa-major-destiu-de-vila-seca\/#article","isPartOf":{"@id":"https:\/\/lapinedaplatja.info\/en\/tot-a-punt-perque-arrenqui-la-festa-major-destiu-de-vila-seca\/"},"author":{"name":"nerea","@id":"https:\/\/lapinedaplatja.info\/en\/#\/schema\/person\/29107b3d900b8d3c355b438d5f31edcf"},"headline":"Everything is ready for the start of Vila-seca&#8217;s Fiesta Major de Verano (Summer Festival)","datePublished":"2023-07-17T09:23:11+00:00","dateModified":"2023-07-17T09:25:12+00:00","mainEntityOfPage":{"@id":"https:\/\/lapinedaplatja.info\/en\/tot-a-punt-perque-arrenqui-la-festa-major-destiu-de-vila-seca\/"},"wordCount":727,"publisher":{"@id":"https:\/\/lapinedaplatja.info\/en\/#organization"},"image":{"@id":"https:\/\/lapinedaplatja.info\/en\/tot-a-punt-perque-arrenqui-la-festa-major-destiu-de-vila-seca\/#primaryimage"},"thumbnailUrl":"https:\/\/lapinedaplatja.info\/wp-content\/uploads\/2022\/07\/web.jpg","inLanguage":"en-US"},{"@type":"WebPage","@id":"https:\/\/lapinedaplatja.info\/en\/tot-a-punt-perque-arrenqui-la-festa-major-destiu-de-vila-seca\/","url":"https:\/\/lapinedaplatja.info\/en\/tot-a-punt-perque-arrenqui-la-festa-major-destiu-de-vila-seca\/","name":"Everything is ready for the start of Vila-seca's Fiesta Major de Verano (Summer Festival) | Vila-seca - La Pineda Platja","isPartOf":{"@id":"https:\/\/lapinedaplatja.info\/en\/#website"},"primaryImageOfPage":{"@id":"https:\/\/lapinedaplatja.info\/en\/tot-a-punt-perque-arrenqui-la-festa-major-destiu-de-vila-seca\/#primaryimage"},"image":{"@id":"https:\/\/lapinedaplatja.info\/en\/tot-a-punt-perque-arrenqui-la-festa-major-destiu-de-vila-seca\/#primaryimage"},"thumbnailUrl":"https:\/\/lapinedaplatja.info\/wp-content\/uploads\/2022\/07\/web.jpg","datePublished":"2023-07-17T09:23:11+00:00","dateModified":"2023-07-17T09:25:12+00:00","description":"The Vila-seca Summer Festival is about to start. It kicks off on Friday 21 July with the Masandmasshow Tour Bus Open Air with DJ Nacho Lascasas, on the","breadcrumb":{"@id":"https:\/\/lapinedaplatja.info\/en\/tot-a-punt-perque-arrenqui-la-festa-major-destiu-de-vila-seca\/#breadcrumb"},"inLanguage":"en-US","potentialAction":[{"@type":"ReadAction","target":["https:\/\/lapinedaplatja.info\/en\/tot-a-punt-perque-arrenqui-la-festa-major-destiu-de-vila-seca\/"]}]},{"@type":"ImageObject","inLanguage":"en-US","@id":"https:\/\/lapinedaplatja.info\/en\/tot-a-punt-perque-arrenqui-la-festa-major-destiu-de-vila-seca\/#primaryimage","url":"https:\/\/lapinedaplatja.info\/wp-content\/uploads\/2022\/07\/web.jpg","contentUrl":"https:\/\/lapinedaplatja.info\/wp-content\/uploads\/2022\/07\/web.jpg","width":960,"height":540},{"@type":"BreadcrumbList","@id":"https:\/\/lapinedaplatja.info\/en\/tot-a-punt-perque-arrenqui-la-festa-major-destiu-de-vila-seca\/#breadcrumb","itemListElement":[{"@type":"ListItem","position":1,"name":"Portada","item":"https:\/\/lapinedaplatja.info\/en\/"},{"@type":"ListItem","position":2,"name":"Everything is ready for the start of Vila-seca&#8217;s Fiesta Major de Verano (Summer Festival)"}]},{"@type":"WebSite","@id":"https:\/\/lapinedaplatja.info\/en\/#website","url":"https:\/\/lapinedaplatja.info\/en\/","name":"La Pineda Platja | Vila-seca","description":"Oficina de Turismo de La Pineda.","publisher":{"@id":"https:\/\/lapinedaplatja.info\/en\/#organization"},"potentialAction":[{"@type":"SearchAction","target":{"@type":"EntryPoint","urlTemplate":"https:\/\/lapinedaplatja.info\/en\/?s={search_term_string}"},"query-input":{"@type":"PropertyValueSpecification","valueRequired":true,"valueName":"search_term_string"}}],"inLanguage":"en-US"},{"@type":"Organization","@id":"https:\/\/lapinedaplatja.info\/en\/#organization","name":"Patronat Municipal de Turisme de Vila-seca","url":"https:\/\/lapinedaplatja.info\/en\/","logo":{"@type":"ImageObject","inLanguage":"en-US","@id":"https:\/\/lapinedaplatja.info\/en\/#\/schema\/logo\/image\/","url":"https:\/\/lapinedaplatja.info\/wp-content\/uploads\/2018\/10\/cropped-13260099_989491457837088_3488030785405353200_n.jpg","contentUrl":"https:\/\/lapinedaplatja.info\/wp-content\/uploads\/2018\/10\/cropped-13260099_989491457837088_3488030785405353200_n.jpg","width":600,"height":600,"caption":"Patronat Municipal de Turisme de Vila-seca"},"image":{"@id":"https:\/\/lapinedaplatja.info\/en\/#\/schema\/logo\/image\/"},"sameAs":["https:\/\/www.facebook.com\/lapinedaplatja\/","https:\/\/x.com\/lapinedaplatja","https:\/\/www.instagram.com\/lapinedaplatja\/"]},{"@type":"Person","@id":"https:\/\/lapinedaplatja.info\/en\/#\/schema\/person\/29107b3d900b8d3c355b438d5f31edcf","name":"nerea","image":{"@type":"ImageObject","inLanguage":"en-US","@id":"https:\/\/lapinedaplatja.info\/en\/#\/schema\/person\/image\/","url":"https:\/\/secure.gravatar.com\/avatar\/d3b9655a037913ef9c32c9777e65c2c8c6eaaf0460db91392b4a3c47c5e66474?s=96&d=mm&r=g","contentUrl":"https:\/\/secure.gravatar.com\/avatar\/d3b9655a037913ef9c32c9777e65c2c8c6eaaf0460db91392b4a3c47c5e66474?s=96&d=mm&r=g","caption":"nerea"}}]}},"_links":{"self":[{"href":"https:\/\/lapinedaplatja.info\/en\/wp-json\/wp\/v2\/posts\/23443","targetHints":{"allow":["GET"]}}],"collection":[{"href":"https:\/\/lapinedaplatja.info\/en\/wp-json\/wp\/v2\/posts"}],"about":[{"href":"https:\/\/lapinedaplatja.info\/en\/wp-json\/wp\/v2\/types\/post"}],"author":[{"embeddable":true,"href":"https:\/\/lapinedaplatja.info\/en\/wp-json\/wp\/v2\/users\/4"}],"replies":[{"embeddable":true,"href":"https:\/\/lapinedaplatja.info\/en\/wp-json\/wp\/v2\/comments?post=23443"}],"version-history":[{"count":0,"href":"https:\/\/lapinedaplatja.info\/en\/wp-json\/wp\/v2\/posts\/23443\/revisions"}],"wp:featuredmedia":[{"embeddable":true,"href":"https:\/\/lapinedaplatja.info\/en\/wp-json\/wp\/v2\/media\/23089"}],"wp:attachment":[{"href":"https:\/\/lapinedaplatja.info\/en\/wp-json\/wp\/v2\/media?parent=23443"}],"wp:term":[{"taxonomy":"category","embeddable":true,"href":"https:\/\/lapinedaplatja.info\/en\/wp-json\/wp\/v2\/categories?post=23443"},{"taxonomy":"post_tag","embeddable":true,"href":"https:\/\/lapinedaplatja.info\/en\/wp-json\/wp\/v2\/tags?post=23443"}],"curies":[{"name":"wp","href":"https:\/\/api.w.org\/{rel}","templated":true}]}}