{"id":10047,"date":"2019-07-23T09:09:59","date_gmt":"2019-07-23T09:09:59","guid":{"rendered":"https:\/\/lapinedaplatja.info\/vila-seca-dona-el-tret-de-sortida-a-la-festa-major-destiu\/"},"modified":"2019-07-23T09:12:48","modified_gmt":"2019-07-23T09:12:48","slug":"vila-seca-dona-el-tret-de-sortida-a-la-festa-major-destiu","status":"publish","type":"post","link":"https:\/\/lapinedaplatja.info\/es\/vila-seca-dona-el-tret-de-sortida-a-la-festa-major-destiu\/","title":{"rendered":"Vila-seca da el pistoletazo de salida a la Festa Major d\u2019Estiu"},"content":{"rendered":"\n<p>Organizado\npor el Patronat Municipal de Turisme de Vila-seca, la Festa Major d\u2019Estiu en\nVila-seca dar\u00e1 el pistoletazo de salida el pr\u00f3ximo jueves 25 de julio y se\nalargar\u00e1, con unos sesenta actos programados, hasta el domingo 4 de agosto.\nDurante los primeros d\u00edas, los actos se concentrar\u00e1n en la Pineda, en honor a\nla festividad de Sant Jaume.<\/p>\n\n\n\n<p>Con una gran\ndiversidad de actos y con la m\u00fasica como hilo conductor, destacan los\nconciertos de Marcos San Jos\u00e9, el 26 de julio, en el passeig de Pau Casals y el\ngrupo La Guardia al d\u00eda siguiente, s\u00e1bado. Por su parte, los peque\u00f1os\ndisfrutar\u00e1n de un pasacalles por el passeig Mar\u00edtim con varias estructuras\nitinerantes, personajes gigantes y malabaristas el 26 de julio por la tarde.\nHay que recordar que la recepci\u00f3n de entidades Sant Jaume 2019 tendr\u00e1 lugar el\ns\u00e1bado, 27 de julio, a las 6 de la tarde y, seguidamente, habr\u00e1 Castells en el\nParc del Pinar de Perruquet. Como cada a\u00f1o, el passeig de Pau Casals volver\u00e1 a\nser testigo del Correfoc con el Baile de Diables, seguido del gran castillo de\nfuegos artificiales, a las 23.00 h desde la platja del Rac\u00f3. La tradicional\nTraves\u00eda Nadando \u00abPlaya de la Pineda\u00bb que este a\u00f1o cumple las 32\nediciones ser\u00e1 el domingo, 28 de julio, a las 10.30 h y por la tarde tendr\u00e1\nlugar el XI Trobada de Bastons de les Comarques Meridionals. La Txaranga Band\nTocats cerrar\u00e1 los actos de Festa Major en la Pineda, con un pasacalles el\ndomingo 28 de julio, a las 21.00 h.<\/p>\n\n\n\n<p>Desde el\ndomingo 28 de julio y hasta el domingo 4 de agosto, la fiesta se concentra\ntotalmente en el n\u00facleo de Vila-seca. Hay que destacar los espect\u00e1culos\nfamiliares, mon\u00f3logos y actuaciones musicales de peque\u00f1o formato, con Bsides,\nEl Artristre, Triampa Rumba Catalana que se volver\u00e1n a concentrar la pla\u00e7a de\nEstudi, y los ya consolidados Espai Cubik y Chill Out en el jard\u00edn de la\nBiblioteca. La cercavila del Seguici Tradicional tendr\u00e1 lugar el jueves 1 de\nagosto al atardecer y ya por la noche, Dr. Prats y Dj OGT pondr\u00e1n punto y final\na la jornada con su m\u00fasica y fiesta para los j\u00f3venes, en el Parc de la Riera.\nEn el mismo lugar, al d\u00eda siguiente, viernes, tendr\u00e1 lugar el conocido\n\u00abVila-seca a Tope\u00bb con Saratoga, Centinela y Lujuria. La Invenci\u00f3 del\nC\u00f3s de Sant Esteve, el 3 de agosto, reunir\u00e1 actos tradicionales como por\nejemplo la misa mayor, el Splash de Sosciathlon, la Cercabirra o los Castells.\nEl d\u00eda finalizar\u00e1 con la I Trobada Nacional de Diables per Vegueries, con la\ntabalada en el parc de la Riera y el correfoc desde la calle de Sant Antoni, y\ntambi\u00e9n el gran baile de Festa Major en el Parc de la Riera con la orquesta\nNueva Alaska.<\/p>\n\n\n\n<p>El \u00faltimo\nd\u00eda de Festa Major empezar\u00e1 con el Vila-seca Family Race, la Ruta N-340 de\nVermut de Festa Major, la representaci\u00f3n del Ball de San Esteve y la entrega de\nlos premios de engalanament de balcones y calles, en la pla\u00e7a d\u2019Estudi. Para ir\nfinalizando la fiesta, los trabucaires har\u00e1n su pasacalle a las 22.15 h y el\nBall de Diables \u00abHist\u00f2rics\u00bb arrancar\u00e1 la noche con una tabalada desde\nla calle de Sant Antoni, el correfoc y el lucimiento final. Hay que recordar y\ndestacar que este a\u00f1o el Ball de Diables de Vila-seca conmemora su 30\u00ba\ncumplea\u00f1os y todos los actos de fuego del programa de Festa Major forman parte\nde la celebraci\u00f3n. El final de fiesta llegar\u00e1 con el gran castillo de fuegos de\nartificio desde la V\u00eda M\u00e1xima.<\/p>\n","protected":false},"excerpt":{"rendered":"<p>Organizado por el Patronat Municipal de Turisme de Vila-seca, la Festa Major d\u2019Estiu en Vila-seca dar\u00e1 el pistoletazo de salida el pr\u00f3ximo jueves 25 de julio y se alargar\u00e1, con unos sesenta actos programados, hasta el domingo 4 de agosto. Durante los primeros d\u00edas, los actos se concentrar\u00e1n en la [&hellip;]<\/p>\n","protected":false},"author":4,"featured_media":10044,"comment_status":"closed","ping_status":"open","sticky":false,"template":"","format":"standard","meta":{"_acf_changed":false,"footnotes":""},"categories":[158],"tags":[],"class_list":["post-10047","post","type-post","status-publish","format-standard","has-post-thumbnail","hentry","category-noticies-es"],"acf":[],"yoast_head":"<!-- This site is optimized with the Yoast SEO plugin v26.6 - https:\/\/yoast.com\/wordpress\/plugins\/seo\/ -->\n<title>Vila-seca da el pistoletazo de salida a la Festa Major d\u2019Estiu | Vila-seca<\/title>\n<meta name=\"description\" content=\"Organizado por el Patronat Municipal de Turisme de Vila-seca, la Festa Major d\u2019Estiu en Vila-seca dar\u00e1 el pistoletazo de salida el pr\u00f3ximo jueves 25 de\" \/>\n<meta name=\"robots\" content=\"index, follow, max-snippet:-1, max-image-preview:large, max-video-preview:-1\" \/>\n<link rel=\"canonical\" href=\"https:\/\/lapinedaplatja.info\/es\/vila-seca-dona-el-tret-de-sortida-a-la-festa-major-destiu\/\" \/>\n<meta property=\"og:locale\" content=\"es_ES\" \/>\n<meta property=\"og:type\" content=\"article\" \/>\n<meta property=\"og:title\" content=\"Vila-seca da el pistoletazo de salida a la Festa Major d\u2019Estiu | Vila-seca\" \/>\n<meta property=\"og:description\" content=\"Organizado por el Patronat Municipal de Turisme de Vila-seca, la Festa Major d\u2019Estiu en Vila-seca dar\u00e1 el pistoletazo de salida el pr\u00f3ximo jueves 25 de\" \/>\n<meta property=\"og:url\" content=\"https:\/\/lapinedaplatja.info\/es\/vila-seca-dona-el-tret-de-sortida-a-la-festa-major-destiu\/\" \/>\n<meta property=\"og:site_name\" content=\"Vila-seca\" \/>\n<meta property=\"article:publisher\" content=\"https:\/\/www.facebook.com\/lapinedaplatja\/\" \/>\n<meta property=\"article:published_time\" content=\"2019-07-23T09:09:59+00:00\" \/>\n<meta property=\"article:modified_time\" content=\"2019-07-23T09:12:48+00:00\" \/>\n<meta property=\"og:image\" content=\"https:\/\/lapinedaplatja.info\/wp-content\/uploads\/2019\/07\/Foto-Dr-Prats-P1010092_web-e1563874694695.jpg\" \/>\n\t<meta property=\"og:image:width\" content=\"347\" \/>\n\t<meta property=\"og:image:height\" content=\"179\" \/>\n\t<meta property=\"og:image:type\" content=\"image\/jpeg\" \/>\n<meta name=\"author\" content=\"nerea\" \/>\n<meta name=\"twitter:card\" content=\"summary_large_image\" \/>\n<meta name=\"twitter:creator\" content=\"@lapinedaplatja\" \/>\n<meta name=\"twitter:site\" content=\"@lapinedaplatja\" \/>\n<meta name=\"twitter:label1\" content=\"Escrito por\" \/>\n\t<meta name=\"twitter:data1\" content=\"nerea\" \/>\n\t<meta name=\"twitter:label2\" content=\"Tiempo de lectura\" \/>\n\t<meta name=\"twitter:data2\" content=\"3 minutos\" \/>\n<script type=\"application\/ld+json\" class=\"yoast-schema-graph\">{\"@context\":\"https:\/\/schema.org\",\"@graph\":[{\"@type\":\"Article\",\"@id\":\"https:\/\/lapinedaplatja.info\/es\/vila-seca-dona-el-tret-de-sortida-a-la-festa-major-destiu\/#article\",\"isPartOf\":{\"@id\":\"https:\/\/lapinedaplatja.info\/es\/vila-seca-dona-el-tret-de-sortida-a-la-festa-major-destiu\/\"},\"author\":{\"name\":\"nerea\",\"@id\":\"https:\/\/lapinedaplatja.info\/es\/#\/schema\/person\/29107b3d900b8d3c355b438d5f31edcf\"},\"headline\":\"Vila-seca da el pistoletazo de salida a la Festa Major d\u2019Estiu\",\"datePublished\":\"2019-07-23T09:09:59+00:00\",\"dateModified\":\"2019-07-23T09:12:48+00:00\",\"mainEntityOfPage\":{\"@id\":\"https:\/\/lapinedaplatja.info\/es\/vila-seca-dona-el-tret-de-sortida-a-la-festa-major-destiu\/\"},\"wordCount\":636,\"publisher\":{\"@id\":\"https:\/\/lapinedaplatja.info\/es\/#organization\"},\"image\":{\"@id\":\"https:\/\/lapinedaplatja.info\/es\/vila-seca-dona-el-tret-de-sortida-a-la-festa-major-destiu\/#primaryimage\"},\"thumbnailUrl\":\"https:\/\/lapinedaplatja.info\/wp-content\/uploads\/2019\/07\/Foto-Dr-Prats-P1010092_web-e1563874694695.jpg\",\"articleSection\":[\"Not\u00edcies\"],\"inLanguage\":\"es\"},{\"@type\":\"WebPage\",\"@id\":\"https:\/\/lapinedaplatja.info\/es\/vila-seca-dona-el-tret-de-sortida-a-la-festa-major-destiu\/\",\"url\":\"https:\/\/lapinedaplatja.info\/es\/vila-seca-dona-el-tret-de-sortida-a-la-festa-major-destiu\/\",\"name\":\"Vila-seca da el pistoletazo de salida a la Festa Major d\u2019Estiu | Vila-seca\",\"isPartOf\":{\"@id\":\"https:\/\/lapinedaplatja.info\/es\/#website\"},\"primaryImageOfPage\":{\"@id\":\"https:\/\/lapinedaplatja.info\/es\/vila-seca-dona-el-tret-de-sortida-a-la-festa-major-destiu\/#primaryimage\"},\"image\":{\"@id\":\"https:\/\/lapinedaplatja.info\/es\/vila-seca-dona-el-tret-de-sortida-a-la-festa-major-destiu\/#primaryimage\"},\"thumbnailUrl\":\"https:\/\/lapinedaplatja.info\/wp-content\/uploads\/2019\/07\/Foto-Dr-Prats-P1010092_web-e1563874694695.jpg\",\"datePublished\":\"2019-07-23T09:09:59+00:00\",\"dateModified\":\"2019-07-23T09:12:48+00:00\",\"description\":\"Organizado por el Patronat Municipal de Turisme de Vila-seca, la Festa Major d\u2019Estiu en Vila-seca dar\u00e1 el pistoletazo de salida el pr\u00f3ximo jueves 25 de\",\"breadcrumb\":{\"@id\":\"https:\/\/lapinedaplatja.info\/es\/vila-seca-dona-el-tret-de-sortida-a-la-festa-major-destiu\/#breadcrumb\"},\"inLanguage\":\"es\",\"potentialAction\":[{\"@type\":\"ReadAction\",\"target\":[\"https:\/\/lapinedaplatja.info\/es\/vila-seca-dona-el-tret-de-sortida-a-la-festa-major-destiu\/\"]}]},{\"@type\":\"ImageObject\",\"inLanguage\":\"es\",\"@id\":\"https:\/\/lapinedaplatja.info\/es\/vila-seca-dona-el-tret-de-sortida-a-la-festa-major-destiu\/#primaryimage\",\"url\":\"https:\/\/lapinedaplatja.info\/wp-content\/uploads\/2019\/07\/Foto-Dr-Prats-P1010092_web-e1563874694695.jpg\",\"contentUrl\":\"https:\/\/lapinedaplatja.info\/wp-content\/uploads\/2019\/07\/Foto-Dr-Prats-P1010092_web-e1563874694695.jpg\",\"width\":347,\"height\":179},{\"@type\":\"BreadcrumbList\",\"@id\":\"https:\/\/lapinedaplatja.info\/es\/vila-seca-dona-el-tret-de-sortida-a-la-festa-major-destiu\/#breadcrumb\",\"itemListElement\":[{\"@type\":\"ListItem\",\"position\":1,\"name\":\"Portada\",\"item\":\"https:\/\/lapinedaplatja.info\/es\/\"},{\"@type\":\"ListItem\",\"position\":2,\"name\":\"Vila-seca da el pistoletazo de salida a la Festa Major d\u2019Estiu\"}]},{\"@type\":\"WebSite\",\"@id\":\"https:\/\/lapinedaplatja.info\/es\/#website\",\"url\":\"https:\/\/lapinedaplatja.info\/es\/\",\"name\":\"La Pineda Platja | Vila-seca\",\"description\":\"Destinaci\u00f3 de turisme familiar.\",\"publisher\":{\"@id\":\"https:\/\/lapinedaplatja.info\/es\/#organization\"},\"potentialAction\":[{\"@type\":\"SearchAction\",\"target\":{\"@type\":\"EntryPoint\",\"urlTemplate\":\"https:\/\/lapinedaplatja.info\/es\/?s={search_term_string}\"},\"query-input\":{\"@type\":\"PropertyValueSpecification\",\"valueRequired\":true,\"valueName\":\"search_term_string\"}}],\"inLanguage\":\"es\"},{\"@type\":\"Organization\",\"@id\":\"https:\/\/lapinedaplatja.info\/es\/#organization\",\"name\":\"Patronat Municipal de Turisme de Vila-seca\",\"url\":\"https:\/\/lapinedaplatja.info\/es\/\",\"logo\":{\"@type\":\"ImageObject\",\"inLanguage\":\"es\",\"@id\":\"https:\/\/lapinedaplatja.info\/es\/#\/schema\/logo\/image\/\",\"url\":\"https:\/\/lapinedaplatja.info\/wp-content\/uploads\/2018\/10\/cropped-13260099_989491457837088_3488030785405353200_n.jpg\",\"contentUrl\":\"https:\/\/lapinedaplatja.info\/wp-content\/uploads\/2018\/10\/cropped-13260099_989491457837088_3488030785405353200_n.jpg\",\"width\":600,\"height\":600,\"caption\":\"Patronat Municipal de Turisme de Vila-seca\"},\"image\":{\"@id\":\"https:\/\/lapinedaplatja.info\/es\/#\/schema\/logo\/image\/\"},\"sameAs\":[\"https:\/\/www.facebook.com\/lapinedaplatja\/\",\"https:\/\/x.com\/lapinedaplatja\",\"https:\/\/www.instagram.com\/lapinedaplatja\/\"]},{\"@type\":\"Person\",\"@id\":\"https:\/\/lapinedaplatja.info\/es\/#\/schema\/person\/29107b3d900b8d3c355b438d5f31edcf\",\"name\":\"nerea\",\"image\":{\"@type\":\"ImageObject\",\"inLanguage\":\"es\",\"@id\":\"https:\/\/lapinedaplatja.info\/es\/#\/schema\/person\/image\/\",\"url\":\"https:\/\/secure.gravatar.com\/avatar\/d3b9655a037913ef9c32c9777e65c2c8c6eaaf0460db91392b4a3c47c5e66474?s=96&d=mm&r=g\",\"contentUrl\":\"https:\/\/secure.gravatar.com\/avatar\/d3b9655a037913ef9c32c9777e65c2c8c6eaaf0460db91392b4a3c47c5e66474?s=96&d=mm&r=g\",\"caption\":\"nerea\"}}]}<\/script>\n<!-- \/ Yoast SEO plugin. -->","yoast_head_json":{"title":"Vila-seca da el pistoletazo de salida a la Festa Major d\u2019Estiu | Vila-seca","description":"Organizado por el Patronat Municipal de Turisme de Vila-seca, la Festa Major d\u2019Estiu en Vila-seca dar\u00e1 el pistoletazo de salida el pr\u00f3ximo jueves 25 de","robots":{"index":"index","follow":"follow","max-snippet":"max-snippet:-1","max-image-preview":"max-image-preview:large","max-video-preview":"max-video-preview:-1"},"canonical":"https:\/\/lapinedaplatja.info\/es\/vila-seca-dona-el-tret-de-sortida-a-la-festa-major-destiu\/","og_locale":"es_ES","og_type":"article","og_title":"Vila-seca da el pistoletazo de salida a la Festa Major d\u2019Estiu | Vila-seca","og_description":"Organizado por el Patronat Municipal de Turisme de Vila-seca, la Festa Major d\u2019Estiu en Vila-seca dar\u00e1 el pistoletazo de salida el pr\u00f3ximo jueves 25 de","og_url":"https:\/\/lapinedaplatja.info\/es\/vila-seca-dona-el-tret-de-sortida-a-la-festa-major-destiu\/","og_site_name":"Vila-seca","article_publisher":"https:\/\/www.facebook.com\/lapinedaplatja\/","article_published_time":"2019-07-23T09:09:59+00:00","article_modified_time":"2019-07-23T09:12:48+00:00","og_image":[{"width":347,"height":179,"url":"https:\/\/lapinedaplatja.info\/wp-content\/uploads\/2019\/07\/Foto-Dr-Prats-P1010092_web-e1563874694695.jpg","type":"image\/jpeg"}],"author":"nerea","twitter_card":"summary_large_image","twitter_creator":"@lapinedaplatja","twitter_site":"@lapinedaplatja","twitter_misc":{"Escrito por":"nerea","Tiempo de lectura":"3 minutos"},"schema":{"@context":"https:\/\/schema.org","@graph":[{"@type":"Article","@id":"https:\/\/lapinedaplatja.info\/es\/vila-seca-dona-el-tret-de-sortida-a-la-festa-major-destiu\/#article","isPartOf":{"@id":"https:\/\/lapinedaplatja.info\/es\/vila-seca-dona-el-tret-de-sortida-a-la-festa-major-destiu\/"},"author":{"name":"nerea","@id":"https:\/\/lapinedaplatja.info\/es\/#\/schema\/person\/29107b3d900b8d3c355b438d5f31edcf"},"headline":"Vila-seca da el pistoletazo de salida a la Festa Major d\u2019Estiu","datePublished":"2019-07-23T09:09:59+00:00","dateModified":"2019-07-23T09:12:48+00:00","mainEntityOfPage":{"@id":"https:\/\/lapinedaplatja.info\/es\/vila-seca-dona-el-tret-de-sortida-a-la-festa-major-destiu\/"},"wordCount":636,"publisher":{"@id":"https:\/\/lapinedaplatja.info\/es\/#organization"},"image":{"@id":"https:\/\/lapinedaplatja.info\/es\/vila-seca-dona-el-tret-de-sortida-a-la-festa-major-destiu\/#primaryimage"},"thumbnailUrl":"https:\/\/lapinedaplatja.info\/wp-content\/uploads\/2019\/07\/Foto-Dr-Prats-P1010092_web-e1563874694695.jpg","articleSection":["Not\u00edcies"],"inLanguage":"es"},{"@type":"WebPage","@id":"https:\/\/lapinedaplatja.info\/es\/vila-seca-dona-el-tret-de-sortida-a-la-festa-major-destiu\/","url":"https:\/\/lapinedaplatja.info\/es\/vila-seca-dona-el-tret-de-sortida-a-la-festa-major-destiu\/","name":"Vila-seca da el pistoletazo de salida a la Festa Major d\u2019Estiu | Vila-seca","isPartOf":{"@id":"https:\/\/lapinedaplatja.info\/es\/#website"},"primaryImageOfPage":{"@id":"https:\/\/lapinedaplatja.info\/es\/vila-seca-dona-el-tret-de-sortida-a-la-festa-major-destiu\/#primaryimage"},"image":{"@id":"https:\/\/lapinedaplatja.info\/es\/vila-seca-dona-el-tret-de-sortida-a-la-festa-major-destiu\/#primaryimage"},"thumbnailUrl":"https:\/\/lapinedaplatja.info\/wp-content\/uploads\/2019\/07\/Foto-Dr-Prats-P1010092_web-e1563874694695.jpg","datePublished":"2019-07-23T09:09:59+00:00","dateModified":"2019-07-23T09:12:48+00:00","description":"Organizado por el Patronat Municipal de Turisme de Vila-seca, la Festa Major d\u2019Estiu en Vila-seca dar\u00e1 el pistoletazo de salida el pr\u00f3ximo jueves 25 de","breadcrumb":{"@id":"https:\/\/lapinedaplatja.info\/es\/vila-seca-dona-el-tret-de-sortida-a-la-festa-major-destiu\/#breadcrumb"},"inLanguage":"es","potentialAction":[{"@type":"ReadAction","target":["https:\/\/lapinedaplatja.info\/es\/vila-seca-dona-el-tret-de-sortida-a-la-festa-major-destiu\/"]}]},{"@type":"ImageObject","inLanguage":"es","@id":"https:\/\/lapinedaplatja.info\/es\/vila-seca-dona-el-tret-de-sortida-a-la-festa-major-destiu\/#primaryimage","url":"https:\/\/lapinedaplatja.info\/wp-content\/uploads\/2019\/07\/Foto-Dr-Prats-P1010092_web-e1563874694695.jpg","contentUrl":"https:\/\/lapinedaplatja.info\/wp-content\/uploads\/2019\/07\/Foto-Dr-Prats-P1010092_web-e1563874694695.jpg","width":347,"height":179},{"@type":"BreadcrumbList","@id":"https:\/\/lapinedaplatja.info\/es\/vila-seca-dona-el-tret-de-sortida-a-la-festa-major-destiu\/#breadcrumb","itemListElement":[{"@type":"ListItem","position":1,"name":"Portada","item":"https:\/\/lapinedaplatja.info\/es\/"},{"@type":"ListItem","position":2,"name":"Vila-seca da el pistoletazo de salida a la Festa Major d\u2019Estiu"}]},{"@type":"WebSite","@id":"https:\/\/lapinedaplatja.info\/es\/#website","url":"https:\/\/lapinedaplatja.info\/es\/","name":"La Pineda Platja | Vila-seca","description":"Destinaci\u00f3 de turisme familiar.","publisher":{"@id":"https:\/\/lapinedaplatja.info\/es\/#organization"},"potentialAction":[{"@type":"SearchAction","target":{"@type":"EntryPoint","urlTemplate":"https:\/\/lapinedaplatja.info\/es\/?s={search_term_string}"},"query-input":{"@type":"PropertyValueSpecification","valueRequired":true,"valueName":"search_term_string"}}],"inLanguage":"es"},{"@type":"Organization","@id":"https:\/\/lapinedaplatja.info\/es\/#organization","name":"Patronat Municipal de Turisme de Vila-seca","url":"https:\/\/lapinedaplatja.info\/es\/","logo":{"@type":"ImageObject","inLanguage":"es","@id":"https:\/\/lapinedaplatja.info\/es\/#\/schema\/logo\/image\/","url":"https:\/\/lapinedaplatja.info\/wp-content\/uploads\/2018\/10\/cropped-13260099_989491457837088_3488030785405353200_n.jpg","contentUrl":"https:\/\/lapinedaplatja.info\/wp-content\/uploads\/2018\/10\/cropped-13260099_989491457837088_3488030785405353200_n.jpg","width":600,"height":600,"caption":"Patronat Municipal de Turisme de Vila-seca"},"image":{"@id":"https:\/\/lapinedaplatja.info\/es\/#\/schema\/logo\/image\/"},"sameAs":["https:\/\/www.facebook.com\/lapinedaplatja\/","https:\/\/x.com\/lapinedaplatja","https:\/\/www.instagram.com\/lapinedaplatja\/"]},{"@type":"Person","@id":"https:\/\/lapinedaplatja.info\/es\/#\/schema\/person\/29107b3d900b8d3c355b438d5f31edcf","name":"nerea","image":{"@type":"ImageObject","inLanguage":"es","@id":"https:\/\/lapinedaplatja.info\/es\/#\/schema\/person\/image\/","url":"https:\/\/secure.gravatar.com\/avatar\/d3b9655a037913ef9c32c9777e65c2c8c6eaaf0460db91392b4a3c47c5e66474?s=96&d=mm&r=g","contentUrl":"https:\/\/secure.gravatar.com\/avatar\/d3b9655a037913ef9c32c9777e65c2c8c6eaaf0460db91392b4a3c47c5e66474?s=96&d=mm&r=g","caption":"nerea"}}]}},"_links":{"self":[{"href":"https:\/\/lapinedaplatja.info\/es\/wp-json\/wp\/v2\/posts\/10047","targetHints":{"allow":["GET"]}}],"collection":[{"href":"https:\/\/lapinedaplatja.info\/es\/wp-json\/wp\/v2\/posts"}],"about":[{"href":"https:\/\/lapinedaplatja.info\/es\/wp-json\/wp\/v2\/types\/post"}],"author":[{"embeddable":true,"href":"https:\/\/lapinedaplatja.info\/es\/wp-json\/wp\/v2\/users\/4"}],"replies":[{"embeddable":true,"href":"https:\/\/lapinedaplatja.info\/es\/wp-json\/wp\/v2\/comments?post=10047"}],"version-history":[{"count":0,"href":"https:\/\/lapinedaplatja.info\/es\/wp-json\/wp\/v2\/posts\/10047\/revisions"}],"wp:featuredmedia":[{"embeddable":true,"href":"https:\/\/lapinedaplatja.info\/es\/wp-json\/wp\/v2\/media\/10044"}],"wp:attachment":[{"href":"https:\/\/lapinedaplatja.info\/es\/wp-json\/wp\/v2\/media?parent=10047"}],"wp:term":[{"taxonomy":"category","embeddable":true,"href":"https:\/\/lapinedaplatja.info\/es\/wp-json\/wp\/v2\/categories?post=10047"},{"taxonomy":"post_tag","embeddable":true,"href":"https:\/\/lapinedaplatja.info\/es\/wp-json\/wp\/v2\/tags?post=10047"}],"curies":[{"name":"wp","href":"https:\/\/api.w.org\/{rel}","templated":true}]}}