{"id":11693,"date":"2019-10-03T10:46:47","date_gmt":"2019-10-03T08:46:47","guid":{"rendered":"https:\/\/lapinedaplatja.info\/vila-seca-participa-a-la-fira-top-resa-de-franca\/"},"modified":"2019-10-03T10:49:43","modified_gmt":"2019-10-03T08:49:43","slug":"vila-seca-participa-a-la-fira-top-resa-de-franca","status":"publish","type":"post","link":"https:\/\/lapinedaplatja.info\/es\/vila-seca-participa-a-la-fira-top-resa-de-franca\/","title":{"rendered":"Vila-seca participa en la feria Top Resa de Francia"},"content":{"rendered":"<p>Vila-seca participa del 1 al 4 de octubre en la feria m\u00e1s importante del sector tur\u00edstico en Francia, Top Resa. Se trata de una de las \u00faltimas acciones promocionales del 2019, a trav\u00e9s del Pla Conjunto de Promoci\u00f3n, la FEHT y los Patronatos de Turismo de la Diputaci\u00f3n de Tarragona Costa Daurada, Salou y Cambrils.<\/p>\n<p>Este es el segundo a\u00f1o que consecutivamente asisten a la feria IFTM Top Resa con un estand propio, un lugar pensado porque los empresarios y responsables de los patronatos de turismo puedan explicar sus productos y servicios a los profesionales franceses, establecer nuevos contactos y reforzar los existentes. Este a\u00f1o, tambi\u00e9n se ha instalado una zona con 3 dispositivos de realidad virtual donde los usuarios pueden descubrir Salou, Cambrils y Vila-seca, la Pineda.<\/p>\n<p>Adem\u00e1s de los Patronatos de Turismo de la Diputaci\u00f3n de Tarragona, Cambrils, Salou y Vila-seca, las empresas que tienen presencia al estand en esta edici\u00f3n son: PortAventura World, Hotel Four Elements Suites, Best Hotels, l&#8217;Estaci\u00f3 N\u00e0utica de la Costa Daurada, Ibersol, Hotel Olympus Palace, Hotel Gran Palas Experience, Rentalmar Apartaments, Grupo Olympia, 4R Hotels, Oh!tels, Grupo Reside, Grup Estival Park, Hotel Mercure Atenea Aventura, Viajes Negresco y Calafell Evasi\u00f3n.<\/p>\n<p>&nbsp;<\/p>\n","protected":false},"excerpt":{"rendered":"<p>Vila-seca participa del 1 al 4 de octubre en la feria m\u00e1s importante del sector tur\u00edstico en Francia, Top Resa. Se trata de una de las \u00faltimas acciones promocionales del 2019, a trav\u00e9s del Pla Conjunto de Promoci\u00f3n, la FEHT y los Patronatos de Turismo de la Diputaci\u00f3n de Tarragona [&hellip;]<\/p>\n","protected":false},"author":4,"featured_media":11687,"comment_status":"closed","ping_status":"open","sticky":false,"template":"","format":"standard","meta":{"_acf_changed":false,"footnotes":""},"categories":[158],"tags":[],"class_list":["post-11693","post","type-post","status-publish","format-standard","has-post-thumbnail","hentry","category-noticies-es"],"acf":[],"yoast_head":"<!-- This site is optimized with the Yoast SEO plugin v26.6 - https:\/\/yoast.com\/wordpress\/plugins\/seo\/ -->\n<title>Vila-seca participa en la feria Top Resa de Francia | Vila-seca<\/title>\n<meta name=\"description\" content=\"Vila-seca participa del 1 al 4 de octubre en la feria m\u00e1s importante del sector tur\u00edstico en Francia, Top Resa. Se trata de una de las \u00faltimas acciones\" \/>\n<meta name=\"robots\" content=\"index, follow, max-snippet:-1, max-image-preview:large, max-video-preview:-1\" \/>\n<link rel=\"canonical\" href=\"https:\/\/lapinedaplatja.info\/es\/vila-seca-participa-a-la-fira-top-resa-de-franca\/\" \/>\n<meta property=\"og:locale\" content=\"es_ES\" \/>\n<meta property=\"og:type\" content=\"article\" \/>\n<meta property=\"og:title\" content=\"Vila-seca participa en la feria Top Resa de Francia | Vila-seca\" \/>\n<meta property=\"og:description\" content=\"Vila-seca participa del 1 al 4 de octubre en la feria m\u00e1s importante del sector tur\u00edstico en Francia, Top Resa. Se trata de una de las \u00faltimas acciones\" \/>\n<meta property=\"og:url\" content=\"https:\/\/lapinedaplatja.info\/es\/vila-seca-participa-a-la-fira-top-resa-de-franca\/\" \/>\n<meta property=\"og:site_name\" content=\"Vila-seca\" \/>\n<meta property=\"article:publisher\" content=\"https:\/\/www.facebook.com\/lapinedaplatja\/\" \/>\n<meta property=\"article:published_time\" content=\"2019-10-03T08:46:47+00:00\" \/>\n<meta property=\"article:modified_time\" content=\"2019-10-03T08:49:43+00:00\" \/>\n<meta property=\"og:image\" content=\"https:\/\/lapinedaplatja.info\/wp-content\/uploads\/2019\/10\/TOPRESA-CD-e1570093019514.jpeg\" \/>\n\t<meta property=\"og:image:width\" content=\"1280\" \/>\n\t<meta property=\"og:image:height\" content=\"668\" \/>\n\t<meta property=\"og:image:type\" content=\"image\/jpeg\" \/>\n<meta name=\"author\" content=\"nerea\" \/>\n<meta name=\"twitter:card\" content=\"summary_large_image\" \/>\n<meta name=\"twitter:creator\" content=\"@lapinedaplatja\" \/>\n<meta name=\"twitter:site\" content=\"@lapinedaplatja\" \/>\n<meta name=\"twitter:label1\" content=\"Escrito por\" \/>\n\t<meta name=\"twitter:data1\" content=\"nerea\" \/>\n\t<meta name=\"twitter:label2\" content=\"Tiempo de lectura\" \/>\n\t<meta name=\"twitter:data2\" content=\"1 minuto\" \/>\n<script type=\"application\/ld+json\" class=\"yoast-schema-graph\">{\"@context\":\"https:\/\/schema.org\",\"@graph\":[{\"@type\":\"Article\",\"@id\":\"https:\/\/lapinedaplatja.info\/es\/vila-seca-participa-a-la-fira-top-resa-de-franca\/#article\",\"isPartOf\":{\"@id\":\"https:\/\/lapinedaplatja.info\/es\/vila-seca-participa-a-la-fira-top-resa-de-franca\/\"},\"author\":{\"name\":\"nerea\",\"@id\":\"https:\/\/lapinedaplatja.info\/es\/#\/schema\/person\/29107b3d900b8d3c355b438d5f31edcf\"},\"headline\":\"Vila-seca participa en la feria Top Resa de Francia\",\"datePublished\":\"2019-10-03T08:46:47+00:00\",\"dateModified\":\"2019-10-03T08:49:43+00:00\",\"mainEntityOfPage\":{\"@id\":\"https:\/\/lapinedaplatja.info\/es\/vila-seca-participa-a-la-fira-top-resa-de-franca\/\"},\"wordCount\":218,\"publisher\":{\"@id\":\"https:\/\/lapinedaplatja.info\/es\/#organization\"},\"image\":{\"@id\":\"https:\/\/lapinedaplatja.info\/es\/vila-seca-participa-a-la-fira-top-resa-de-franca\/#primaryimage\"},\"thumbnailUrl\":\"https:\/\/lapinedaplatja.info\/wp-content\/uploads\/2019\/10\/TOPRESA-CD-e1570093019514.jpeg\",\"articleSection\":[\"Not\u00edcies\"],\"inLanguage\":\"es\"},{\"@type\":\"WebPage\",\"@id\":\"https:\/\/lapinedaplatja.info\/es\/vila-seca-participa-a-la-fira-top-resa-de-franca\/\",\"url\":\"https:\/\/lapinedaplatja.info\/es\/vila-seca-participa-a-la-fira-top-resa-de-franca\/\",\"name\":\"Vila-seca participa en la feria Top Resa de Francia | Vila-seca\",\"isPartOf\":{\"@id\":\"https:\/\/lapinedaplatja.info\/es\/#website\"},\"primaryImageOfPage\":{\"@id\":\"https:\/\/lapinedaplatja.info\/es\/vila-seca-participa-a-la-fira-top-resa-de-franca\/#primaryimage\"},\"image\":{\"@id\":\"https:\/\/lapinedaplatja.info\/es\/vila-seca-participa-a-la-fira-top-resa-de-franca\/#primaryimage\"},\"thumbnailUrl\":\"https:\/\/lapinedaplatja.info\/wp-content\/uploads\/2019\/10\/TOPRESA-CD-e1570093019514.jpeg\",\"datePublished\":\"2019-10-03T08:46:47+00:00\",\"dateModified\":\"2019-10-03T08:49:43+00:00\",\"description\":\"Vila-seca participa del 1 al 4 de octubre en la feria m\u00e1s importante del sector tur\u00edstico en Francia, Top Resa. Se trata de una de las \u00faltimas acciones\",\"breadcrumb\":{\"@id\":\"https:\/\/lapinedaplatja.info\/es\/vila-seca-participa-a-la-fira-top-resa-de-franca\/#breadcrumb\"},\"inLanguage\":\"es\",\"potentialAction\":[{\"@type\":\"ReadAction\",\"target\":[\"https:\/\/lapinedaplatja.info\/es\/vila-seca-participa-a-la-fira-top-resa-de-franca\/\"]}]},{\"@type\":\"ImageObject\",\"inLanguage\":\"es\",\"@id\":\"https:\/\/lapinedaplatja.info\/es\/vila-seca-participa-a-la-fira-top-resa-de-franca\/#primaryimage\",\"url\":\"https:\/\/lapinedaplatja.info\/wp-content\/uploads\/2019\/10\/TOPRESA-CD-e1570093019514.jpeg\",\"contentUrl\":\"https:\/\/lapinedaplatja.info\/wp-content\/uploads\/2019\/10\/TOPRESA-CD-e1570093019514.jpeg\",\"width\":1280,\"height\":668},{\"@type\":\"BreadcrumbList\",\"@id\":\"https:\/\/lapinedaplatja.info\/es\/vila-seca-participa-a-la-fira-top-resa-de-franca\/#breadcrumb\",\"itemListElement\":[{\"@type\":\"ListItem\",\"position\":1,\"name\":\"Portada\",\"item\":\"https:\/\/lapinedaplatja.info\/es\/\"},{\"@type\":\"ListItem\",\"position\":2,\"name\":\"Vila-seca participa en la feria Top Resa de Francia\"}]},{\"@type\":\"WebSite\",\"@id\":\"https:\/\/lapinedaplatja.info\/es\/#website\",\"url\":\"https:\/\/lapinedaplatja.info\/es\/\",\"name\":\"La Pineda Platja | Vila-seca\",\"description\":\"Destinaci\u00f3 de turisme familiar.\",\"publisher\":{\"@id\":\"https:\/\/lapinedaplatja.info\/es\/#organization\"},\"potentialAction\":[{\"@type\":\"SearchAction\",\"target\":{\"@type\":\"EntryPoint\",\"urlTemplate\":\"https:\/\/lapinedaplatja.info\/es\/?s={search_term_string}\"},\"query-input\":{\"@type\":\"PropertyValueSpecification\",\"valueRequired\":true,\"valueName\":\"search_term_string\"}}],\"inLanguage\":\"es\"},{\"@type\":\"Organization\",\"@id\":\"https:\/\/lapinedaplatja.info\/es\/#organization\",\"name\":\"Patronat Municipal de Turisme de Vila-seca\",\"url\":\"https:\/\/lapinedaplatja.info\/es\/\",\"logo\":{\"@type\":\"ImageObject\",\"inLanguage\":\"es\",\"@id\":\"https:\/\/lapinedaplatja.info\/es\/#\/schema\/logo\/image\/\",\"url\":\"https:\/\/lapinedaplatja.info\/wp-content\/uploads\/2018\/10\/cropped-13260099_989491457837088_3488030785405353200_n.jpg\",\"contentUrl\":\"https:\/\/lapinedaplatja.info\/wp-content\/uploads\/2018\/10\/cropped-13260099_989491457837088_3488030785405353200_n.jpg\",\"width\":600,\"height\":600,\"caption\":\"Patronat Municipal de Turisme de Vila-seca\"},\"image\":{\"@id\":\"https:\/\/lapinedaplatja.info\/es\/#\/schema\/logo\/image\/\"},\"sameAs\":[\"https:\/\/www.facebook.com\/lapinedaplatja\/\",\"https:\/\/x.com\/lapinedaplatja\",\"https:\/\/www.instagram.com\/lapinedaplatja\/\"]},{\"@type\":\"Person\",\"@id\":\"https:\/\/lapinedaplatja.info\/es\/#\/schema\/person\/29107b3d900b8d3c355b438d5f31edcf\",\"name\":\"nerea\",\"image\":{\"@type\":\"ImageObject\",\"inLanguage\":\"es\",\"@id\":\"https:\/\/lapinedaplatja.info\/es\/#\/schema\/person\/image\/\",\"url\":\"https:\/\/secure.gravatar.com\/avatar\/d3b9655a037913ef9c32c9777e65c2c8c6eaaf0460db91392b4a3c47c5e66474?s=96&d=mm&r=g\",\"contentUrl\":\"https:\/\/secure.gravatar.com\/avatar\/d3b9655a037913ef9c32c9777e65c2c8c6eaaf0460db91392b4a3c47c5e66474?s=96&d=mm&r=g\",\"caption\":\"nerea\"}}]}<\/script>\n<!-- \/ Yoast SEO plugin. -->","yoast_head_json":{"title":"Vila-seca participa en la feria Top Resa de Francia | Vila-seca","description":"Vila-seca participa del 1 al 4 de octubre en la feria m\u00e1s importante del sector tur\u00edstico en Francia, Top Resa. Se trata de una de las \u00faltimas acciones","robots":{"index":"index","follow":"follow","max-snippet":"max-snippet:-1","max-image-preview":"max-image-preview:large","max-video-preview":"max-video-preview:-1"},"canonical":"https:\/\/lapinedaplatja.info\/es\/vila-seca-participa-a-la-fira-top-resa-de-franca\/","og_locale":"es_ES","og_type":"article","og_title":"Vila-seca participa en la feria Top Resa de Francia | Vila-seca","og_description":"Vila-seca participa del 1 al 4 de octubre en la feria m\u00e1s importante del sector tur\u00edstico en Francia, Top Resa. Se trata de una de las \u00faltimas acciones","og_url":"https:\/\/lapinedaplatja.info\/es\/vila-seca-participa-a-la-fira-top-resa-de-franca\/","og_site_name":"Vila-seca","article_publisher":"https:\/\/www.facebook.com\/lapinedaplatja\/","article_published_time":"2019-10-03T08:46:47+00:00","article_modified_time":"2019-10-03T08:49:43+00:00","og_image":[{"width":1280,"height":668,"url":"https:\/\/lapinedaplatja.info\/wp-content\/uploads\/2019\/10\/TOPRESA-CD-e1570093019514.jpeg","type":"image\/jpeg"}],"author":"nerea","twitter_card":"summary_large_image","twitter_creator":"@lapinedaplatja","twitter_site":"@lapinedaplatja","twitter_misc":{"Escrito por":"nerea","Tiempo de lectura":"1 minuto"},"schema":{"@context":"https:\/\/schema.org","@graph":[{"@type":"Article","@id":"https:\/\/lapinedaplatja.info\/es\/vila-seca-participa-a-la-fira-top-resa-de-franca\/#article","isPartOf":{"@id":"https:\/\/lapinedaplatja.info\/es\/vila-seca-participa-a-la-fira-top-resa-de-franca\/"},"author":{"name":"nerea","@id":"https:\/\/lapinedaplatja.info\/es\/#\/schema\/person\/29107b3d900b8d3c355b438d5f31edcf"},"headline":"Vila-seca participa en la feria Top Resa de Francia","datePublished":"2019-10-03T08:46:47+00:00","dateModified":"2019-10-03T08:49:43+00:00","mainEntityOfPage":{"@id":"https:\/\/lapinedaplatja.info\/es\/vila-seca-participa-a-la-fira-top-resa-de-franca\/"},"wordCount":218,"publisher":{"@id":"https:\/\/lapinedaplatja.info\/es\/#organization"},"image":{"@id":"https:\/\/lapinedaplatja.info\/es\/vila-seca-participa-a-la-fira-top-resa-de-franca\/#primaryimage"},"thumbnailUrl":"https:\/\/lapinedaplatja.info\/wp-content\/uploads\/2019\/10\/TOPRESA-CD-e1570093019514.jpeg","articleSection":["Not\u00edcies"],"inLanguage":"es"},{"@type":"WebPage","@id":"https:\/\/lapinedaplatja.info\/es\/vila-seca-participa-a-la-fira-top-resa-de-franca\/","url":"https:\/\/lapinedaplatja.info\/es\/vila-seca-participa-a-la-fira-top-resa-de-franca\/","name":"Vila-seca participa en la feria Top Resa de Francia | Vila-seca","isPartOf":{"@id":"https:\/\/lapinedaplatja.info\/es\/#website"},"primaryImageOfPage":{"@id":"https:\/\/lapinedaplatja.info\/es\/vila-seca-participa-a-la-fira-top-resa-de-franca\/#primaryimage"},"image":{"@id":"https:\/\/lapinedaplatja.info\/es\/vila-seca-participa-a-la-fira-top-resa-de-franca\/#primaryimage"},"thumbnailUrl":"https:\/\/lapinedaplatja.info\/wp-content\/uploads\/2019\/10\/TOPRESA-CD-e1570093019514.jpeg","datePublished":"2019-10-03T08:46:47+00:00","dateModified":"2019-10-03T08:49:43+00:00","description":"Vila-seca participa del 1 al 4 de octubre en la feria m\u00e1s importante del sector tur\u00edstico en Francia, Top Resa. Se trata de una de las \u00faltimas acciones","breadcrumb":{"@id":"https:\/\/lapinedaplatja.info\/es\/vila-seca-participa-a-la-fira-top-resa-de-franca\/#breadcrumb"},"inLanguage":"es","potentialAction":[{"@type":"ReadAction","target":["https:\/\/lapinedaplatja.info\/es\/vila-seca-participa-a-la-fira-top-resa-de-franca\/"]}]},{"@type":"ImageObject","inLanguage":"es","@id":"https:\/\/lapinedaplatja.info\/es\/vila-seca-participa-a-la-fira-top-resa-de-franca\/#primaryimage","url":"https:\/\/lapinedaplatja.info\/wp-content\/uploads\/2019\/10\/TOPRESA-CD-e1570093019514.jpeg","contentUrl":"https:\/\/lapinedaplatja.info\/wp-content\/uploads\/2019\/10\/TOPRESA-CD-e1570093019514.jpeg","width":1280,"height":668},{"@type":"BreadcrumbList","@id":"https:\/\/lapinedaplatja.info\/es\/vila-seca-participa-a-la-fira-top-resa-de-franca\/#breadcrumb","itemListElement":[{"@type":"ListItem","position":1,"name":"Portada","item":"https:\/\/lapinedaplatja.info\/es\/"},{"@type":"ListItem","position":2,"name":"Vila-seca participa en la feria Top Resa de Francia"}]},{"@type":"WebSite","@id":"https:\/\/lapinedaplatja.info\/es\/#website","url":"https:\/\/lapinedaplatja.info\/es\/","name":"La Pineda Platja | Vila-seca","description":"Destinaci\u00f3 de turisme familiar.","publisher":{"@id":"https:\/\/lapinedaplatja.info\/es\/#organization"},"potentialAction":[{"@type":"SearchAction","target":{"@type":"EntryPoint","urlTemplate":"https:\/\/lapinedaplatja.info\/es\/?s={search_term_string}"},"query-input":{"@type":"PropertyValueSpecification","valueRequired":true,"valueName":"search_term_string"}}],"inLanguage":"es"},{"@type":"Organization","@id":"https:\/\/lapinedaplatja.info\/es\/#organization","name":"Patronat Municipal de Turisme de Vila-seca","url":"https:\/\/lapinedaplatja.info\/es\/","logo":{"@type":"ImageObject","inLanguage":"es","@id":"https:\/\/lapinedaplatja.info\/es\/#\/schema\/logo\/image\/","url":"https:\/\/lapinedaplatja.info\/wp-content\/uploads\/2018\/10\/cropped-13260099_989491457837088_3488030785405353200_n.jpg","contentUrl":"https:\/\/lapinedaplatja.info\/wp-content\/uploads\/2018\/10\/cropped-13260099_989491457837088_3488030785405353200_n.jpg","width":600,"height":600,"caption":"Patronat Municipal de Turisme de Vila-seca"},"image":{"@id":"https:\/\/lapinedaplatja.info\/es\/#\/schema\/logo\/image\/"},"sameAs":["https:\/\/www.facebook.com\/lapinedaplatja\/","https:\/\/x.com\/lapinedaplatja","https:\/\/www.instagram.com\/lapinedaplatja\/"]},{"@type":"Person","@id":"https:\/\/lapinedaplatja.info\/es\/#\/schema\/person\/29107b3d900b8d3c355b438d5f31edcf","name":"nerea","image":{"@type":"ImageObject","inLanguage":"es","@id":"https:\/\/lapinedaplatja.info\/es\/#\/schema\/person\/image\/","url":"https:\/\/secure.gravatar.com\/avatar\/d3b9655a037913ef9c32c9777e65c2c8c6eaaf0460db91392b4a3c47c5e66474?s=96&d=mm&r=g","contentUrl":"https:\/\/secure.gravatar.com\/avatar\/d3b9655a037913ef9c32c9777e65c2c8c6eaaf0460db91392b4a3c47c5e66474?s=96&d=mm&r=g","caption":"nerea"}}]}},"_links":{"self":[{"href":"https:\/\/lapinedaplatja.info\/es\/wp-json\/wp\/v2\/posts\/11693","targetHints":{"allow":["GET"]}}],"collection":[{"href":"https:\/\/lapinedaplatja.info\/es\/wp-json\/wp\/v2\/posts"}],"about":[{"href":"https:\/\/lapinedaplatja.info\/es\/wp-json\/wp\/v2\/types\/post"}],"author":[{"embeddable":true,"href":"https:\/\/lapinedaplatja.info\/es\/wp-json\/wp\/v2\/users\/4"}],"replies":[{"embeddable":true,"href":"https:\/\/lapinedaplatja.info\/es\/wp-json\/wp\/v2\/comments?post=11693"}],"version-history":[{"count":0,"href":"https:\/\/lapinedaplatja.info\/es\/wp-json\/wp\/v2\/posts\/11693\/revisions"}],"wp:featuredmedia":[{"embeddable":true,"href":"https:\/\/lapinedaplatja.info\/es\/wp-json\/wp\/v2\/media\/11687"}],"wp:attachment":[{"href":"https:\/\/lapinedaplatja.info\/es\/wp-json\/wp\/v2\/media?parent=11693"}],"wp:term":[{"taxonomy":"category","embeddable":true,"href":"https:\/\/lapinedaplatja.info\/es\/wp-json\/wp\/v2\/categories?post=11693"},{"taxonomy":"post_tag","embeddable":true,"href":"https:\/\/lapinedaplatja.info\/es\/wp-json\/wp\/v2\/tags?post=11693"}],"curies":[{"name":"wp","href":"https:\/\/api.w.org\/{rel}","templated":true}]}}