{"id":20496,"date":"2022-09-14T13:10:42","date_gmt":"2022-09-14T11:10:42","guid":{"rendered":"https:\/\/lapinedaplatja.info\/?p=20496"},"modified":"2022-09-14T13:10:42","modified_gmt":"2022-09-14T11:10:42","slug":"el-festival-internacional-de-cortometrajes-de-vila-seca-recibe-mas-de-650-propuestas-de-42-paises-diferentes-en-su-septima-edicion","status":"publish","type":"post","link":"https:\/\/lapinedaplatja.info\/es\/el-festival-internacional-de-cortometrajes-de-vila-seca-recibe-mas-de-650-propuestas-de-42-paises-diferentes-en-su-septima-edicion\/","title":{"rendered":"El Festival Internacional de Cortometrajes de Vila-seca recibe m\u00e1s de 650 propuestas de 42 pa\u00edses diferentes en su s\u00e9ptima edici\u00f3n"},"content":{"rendered":"<p>El FICVI, Festival Internacional de Cortometrajes de Vila-seca, ha recibido en su s\u00e9ptima edici\u00f3n con un total de 666 cortometrajes inscritos procedentes de 42 pa\u00edses diferentes. Un \u00e9xito que contin\u00faa avalando el FICVI como festival colaborador en la preselecci\u00f3n de cortometrajes por los Premios Goya.<\/p>\n<p>Se han presentado cortometrajes de todo el mundo, Albania, Alemania, Argentina, Austria, B\u00e9lgica, Bolivia, Brasil, Chile, China, Colombia, Corea del Sur, Cuba, Ecuador, Espa\u00f1a, Estados Unidos, Estonia, Francia, India, Ir\u00e1n, Irlanda, Israel, Italia, Lituania, Luxemburgo, Malasia, M\u00e9xico, Noruega, Pa\u00edses Bajos, Panam\u00e1, Paraguay, Polonia, Portugal, Reino Unido, Rep\u00fablica Checa, Rusia, Serbia, Sur\u00e1frica, Taiw\u00e1n, Turqu\u00eda, Uruguay, Uzbekist\u00e1n.<\/p>\n<p>Actualmente se est\u00e1 trabajando en el proceso de selecci\u00f3n de los cortometrajes finalistas y pr\u00f3ximamente se presentar\u00e1 la lista de los finalistas que se podr\u00e1n ver en esta s\u00e9ptima edici\u00f3n que se celebrar\u00e1 del 14 al 23 de octubre en el Celler de Vila-seca.<\/p>\n<p>Celler de Vila-seca, el nuevo emplazamiento del FICVI<\/p>\n<p>El Celler de Vila-seca se encuentra muy cerca del Castell y tiene la consideraci\u00f3n de Bien Cultural de Inter\u00e9s Local. El edificio se construy\u00f3 en 1919, obra del arquitecto Pere Dom\u00e8nech i Roure (hijo del tambi\u00e9n arquitecto Llu\u00eds Dom\u00e8nech y Muntaner). El Celler fue adquirido por el Ayuntamiento de Vila-seca en 2014. Recientemente, se ha llevado a cabo un proyecto de restauraci\u00f3n y musealizaci\u00f3n. El proyecto global pretende crear un Parque Cultural entre los dos grandes equipamientos que dispone la zona de levante: el Castell de Vila-seca, y el conjunto arquitect\u00f3nico del Celler de Vila-seca, para permitir varios usos culturales.<\/p>\n<p>&nbsp;<\/p>\n","protected":false},"excerpt":{"rendered":"<p>El FICVI, Festival Internacional de Cortometrajes de Vila-seca, ha recibido en su s\u00e9ptima edici\u00f3n con un total de 666 cortometrajes inscritos procedentes de 42 pa\u00edses diferentes. Un \u00e9xito que contin\u00faa avalando el FICVI como festival colaborador en la preselecci\u00f3n de cortometrajes por los Premios Goya. Se han presentado cortometrajes de [&hellip;]<\/p>\n","protected":false},"author":4,"featured_media":20492,"comment_status":"closed","ping_status":"open","sticky":false,"template":"","format":"standard","meta":{"_acf_changed":false,"footnotes":""},"categories":[158],"tags":[],"class_list":["post-20496","post","type-post","status-publish","format-standard","has-post-thumbnail","hentry","category-noticies-es"],"acf":[],"yoast_head":"<!-- This site is optimized with the Yoast SEO plugin v26.6 - https:\/\/yoast.com\/wordpress\/plugins\/seo\/ -->\n<title>El Festival Internacional de Cortometrajes de Vila-seca recibe m\u00e1s de 650 propuestas de 42 pa\u00edses diferentes en su s\u00e9ptima edici\u00f3n | Vila-seca<\/title>\n<meta name=\"description\" content=\"El FICVI, Festival Internacional de Cortometrajes de Vila-seca, ha recibido en su s\u00e9ptima edici\u00f3n con un total de 666 cortometrajes inscritos procedentes\" \/>\n<meta name=\"robots\" content=\"index, follow, max-snippet:-1, max-image-preview:large, max-video-preview:-1\" \/>\n<link rel=\"canonical\" href=\"https:\/\/lapinedaplatja.info\/es\/el-festival-internacional-de-cortometrajes-de-vila-seca-recibe-mas-de-650-propuestas-de-42-paises-diferentes-en-su-septima-edicion\/\" \/>\n<meta property=\"og:locale\" content=\"es_ES\" \/>\n<meta property=\"og:type\" content=\"article\" \/>\n<meta property=\"og:title\" content=\"El Festival Internacional de Cortometrajes de Vila-seca recibe m\u00e1s de 650 propuestas de 42 pa\u00edses diferentes en su s\u00e9ptima edici\u00f3n | Vila-seca\" \/>\n<meta property=\"og:description\" content=\"El FICVI, Festival Internacional de Cortometrajes de Vila-seca, ha recibido en su s\u00e9ptima edici\u00f3n con un total de 666 cortometrajes inscritos procedentes\" \/>\n<meta property=\"og:url\" content=\"https:\/\/lapinedaplatja.info\/es\/el-festival-internacional-de-cortometrajes-de-vila-seca-recibe-mas-de-650-propuestas-de-42-paises-diferentes-en-su-septima-edicion\/\" \/>\n<meta property=\"og:site_name\" content=\"Vila-seca\" \/>\n<meta property=\"article:publisher\" content=\"https:\/\/www.facebook.com\/lapinedaplatja\/\" \/>\n<meta property=\"article:published_time\" content=\"2022-09-14T11:10:42+00:00\" \/>\n<meta property=\"og:image\" content=\"https:\/\/lapinedaplatja.info\/wp-content\/uploads\/2022\/09\/ficvi.jpg\" \/>\n\t<meta property=\"og:image:width\" content=\"872\" \/>\n\t<meta property=\"og:image:height\" content=\"602\" \/>\n\t<meta property=\"og:image:type\" content=\"image\/jpeg\" \/>\n<meta name=\"author\" content=\"nerea\" \/>\n<meta name=\"twitter:card\" content=\"summary_large_image\" \/>\n<meta name=\"twitter:creator\" content=\"@lapinedaplatja\" \/>\n<meta name=\"twitter:site\" content=\"@lapinedaplatja\" \/>\n<meta name=\"twitter:label1\" content=\"Escrito por\" \/>\n\t<meta name=\"twitter:data1\" content=\"nerea\" \/>\n\t<meta name=\"twitter:label2\" content=\"Tiempo de lectura\" \/>\n\t<meta name=\"twitter:data2\" content=\"1 minuto\" \/>\n<script type=\"application\/ld+json\" class=\"yoast-schema-graph\">{\"@context\":\"https:\/\/schema.org\",\"@graph\":[{\"@type\":\"Article\",\"@id\":\"https:\/\/lapinedaplatja.info\/es\/el-festival-internacional-de-cortometrajes-de-vila-seca-recibe-mas-de-650-propuestas-de-42-paises-diferentes-en-su-septima-edicion\/#article\",\"isPartOf\":{\"@id\":\"https:\/\/lapinedaplatja.info\/es\/el-festival-internacional-de-cortometrajes-de-vila-seca-recibe-mas-de-650-propuestas-de-42-paises-diferentes-en-su-septima-edicion\/\"},\"author\":{\"name\":\"nerea\",\"@id\":\"https:\/\/lapinedaplatja.info\/es\/#\/schema\/person\/29107b3d900b8d3c355b438d5f31edcf\"},\"headline\":\"El Festival Internacional de Cortometrajes de Vila-seca recibe m\u00e1s de 650 propuestas de 42 pa\u00edses diferentes en su s\u00e9ptima edici\u00f3n\",\"datePublished\":\"2022-09-14T11:10:42+00:00\",\"mainEntityOfPage\":{\"@id\":\"https:\/\/lapinedaplatja.info\/es\/el-festival-internacional-de-cortometrajes-de-vila-seca-recibe-mas-de-650-propuestas-de-42-paises-diferentes-en-su-septima-edicion\/\"},\"wordCount\":298,\"publisher\":{\"@id\":\"https:\/\/lapinedaplatja.info\/es\/#organization\"},\"image\":{\"@id\":\"https:\/\/lapinedaplatja.info\/es\/el-festival-internacional-de-cortometrajes-de-vila-seca-recibe-mas-de-650-propuestas-de-42-paises-diferentes-en-su-septima-edicion\/#primaryimage\"},\"thumbnailUrl\":\"https:\/\/lapinedaplatja.info\/wp-content\/uploads\/2022\/09\/ficvi.jpg\",\"articleSection\":[\"Not\u00edcies\"],\"inLanguage\":\"es\"},{\"@type\":\"WebPage\",\"@id\":\"https:\/\/lapinedaplatja.info\/es\/el-festival-internacional-de-cortometrajes-de-vila-seca-recibe-mas-de-650-propuestas-de-42-paises-diferentes-en-su-septima-edicion\/\",\"url\":\"https:\/\/lapinedaplatja.info\/es\/el-festival-internacional-de-cortometrajes-de-vila-seca-recibe-mas-de-650-propuestas-de-42-paises-diferentes-en-su-septima-edicion\/\",\"name\":\"El Festival Internacional de Cortometrajes de Vila-seca recibe m\u00e1s de 650 propuestas de 42 pa\u00edses diferentes en su s\u00e9ptima edici\u00f3n | Vila-seca\",\"isPartOf\":{\"@id\":\"https:\/\/lapinedaplatja.info\/es\/#website\"},\"primaryImageOfPage\":{\"@id\":\"https:\/\/lapinedaplatja.info\/es\/el-festival-internacional-de-cortometrajes-de-vila-seca-recibe-mas-de-650-propuestas-de-42-paises-diferentes-en-su-septima-edicion\/#primaryimage\"},\"image\":{\"@id\":\"https:\/\/lapinedaplatja.info\/es\/el-festival-internacional-de-cortometrajes-de-vila-seca-recibe-mas-de-650-propuestas-de-42-paises-diferentes-en-su-septima-edicion\/#primaryimage\"},\"thumbnailUrl\":\"https:\/\/lapinedaplatja.info\/wp-content\/uploads\/2022\/09\/ficvi.jpg\",\"datePublished\":\"2022-09-14T11:10:42+00:00\",\"description\":\"El FICVI, Festival Internacional de Cortometrajes de Vila-seca, ha recibido en su s\u00e9ptima edici\u00f3n con un total de 666 cortometrajes inscritos procedentes\",\"breadcrumb\":{\"@id\":\"https:\/\/lapinedaplatja.info\/es\/el-festival-internacional-de-cortometrajes-de-vila-seca-recibe-mas-de-650-propuestas-de-42-paises-diferentes-en-su-septima-edicion\/#breadcrumb\"},\"inLanguage\":\"es\",\"potentialAction\":[{\"@type\":\"ReadAction\",\"target\":[\"https:\/\/lapinedaplatja.info\/es\/el-festival-internacional-de-cortometrajes-de-vila-seca-recibe-mas-de-650-propuestas-de-42-paises-diferentes-en-su-septima-edicion\/\"]}]},{\"@type\":\"ImageObject\",\"inLanguage\":\"es\",\"@id\":\"https:\/\/lapinedaplatja.info\/es\/el-festival-internacional-de-cortometrajes-de-vila-seca-recibe-mas-de-650-propuestas-de-42-paises-diferentes-en-su-septima-edicion\/#primaryimage\",\"url\":\"https:\/\/lapinedaplatja.info\/wp-content\/uploads\/2022\/09\/ficvi.jpg\",\"contentUrl\":\"https:\/\/lapinedaplatja.info\/wp-content\/uploads\/2022\/09\/ficvi.jpg\",\"width\":872,\"height\":602},{\"@type\":\"BreadcrumbList\",\"@id\":\"https:\/\/lapinedaplatja.info\/es\/el-festival-internacional-de-cortometrajes-de-vila-seca-recibe-mas-de-650-propuestas-de-42-paises-diferentes-en-su-septima-edicion\/#breadcrumb\",\"itemListElement\":[{\"@type\":\"ListItem\",\"position\":1,\"name\":\"Portada\",\"item\":\"https:\/\/lapinedaplatja.info\/es\/\"},{\"@type\":\"ListItem\",\"position\":2,\"name\":\"El Festival Internacional de Cortometrajes de Vila-seca recibe m\u00e1s de 650 propuestas de 42 pa\u00edses diferentes en su s\u00e9ptima edici\u00f3n\"}]},{\"@type\":\"WebSite\",\"@id\":\"https:\/\/lapinedaplatja.info\/es\/#website\",\"url\":\"https:\/\/lapinedaplatja.info\/es\/\",\"name\":\"La Pineda Platja | Vila-seca\",\"description\":\"Destinaci\u00f3 de turisme familiar.\",\"publisher\":{\"@id\":\"https:\/\/lapinedaplatja.info\/es\/#organization\"},\"potentialAction\":[{\"@type\":\"SearchAction\",\"target\":{\"@type\":\"EntryPoint\",\"urlTemplate\":\"https:\/\/lapinedaplatja.info\/es\/?s={search_term_string}\"},\"query-input\":{\"@type\":\"PropertyValueSpecification\",\"valueRequired\":true,\"valueName\":\"search_term_string\"}}],\"inLanguage\":\"es\"},{\"@type\":\"Organization\",\"@id\":\"https:\/\/lapinedaplatja.info\/es\/#organization\",\"name\":\"Patronat Municipal de Turisme de Vila-seca\",\"url\":\"https:\/\/lapinedaplatja.info\/es\/\",\"logo\":{\"@type\":\"ImageObject\",\"inLanguage\":\"es\",\"@id\":\"https:\/\/lapinedaplatja.info\/es\/#\/schema\/logo\/image\/\",\"url\":\"https:\/\/lapinedaplatja.info\/wp-content\/uploads\/2018\/10\/cropped-13260099_989491457837088_3488030785405353200_n.jpg\",\"contentUrl\":\"https:\/\/lapinedaplatja.info\/wp-content\/uploads\/2018\/10\/cropped-13260099_989491457837088_3488030785405353200_n.jpg\",\"width\":600,\"height\":600,\"caption\":\"Patronat Municipal de Turisme de Vila-seca\"},\"image\":{\"@id\":\"https:\/\/lapinedaplatja.info\/es\/#\/schema\/logo\/image\/\"},\"sameAs\":[\"https:\/\/www.facebook.com\/lapinedaplatja\/\",\"https:\/\/x.com\/lapinedaplatja\",\"https:\/\/www.instagram.com\/lapinedaplatja\/\"]},{\"@type\":\"Person\",\"@id\":\"https:\/\/lapinedaplatja.info\/es\/#\/schema\/person\/29107b3d900b8d3c355b438d5f31edcf\",\"name\":\"nerea\",\"image\":{\"@type\":\"ImageObject\",\"inLanguage\":\"es\",\"@id\":\"https:\/\/lapinedaplatja.info\/es\/#\/schema\/person\/image\/\",\"url\":\"https:\/\/secure.gravatar.com\/avatar\/d3b9655a037913ef9c32c9777e65c2c8c6eaaf0460db91392b4a3c47c5e66474?s=96&d=mm&r=g\",\"contentUrl\":\"https:\/\/secure.gravatar.com\/avatar\/d3b9655a037913ef9c32c9777e65c2c8c6eaaf0460db91392b4a3c47c5e66474?s=96&d=mm&r=g\",\"caption\":\"nerea\"}}]}<\/script>\n<!-- \/ Yoast SEO plugin. -->","yoast_head_json":{"title":"El Festival Internacional de Cortometrajes de Vila-seca recibe m\u00e1s de 650 propuestas de 42 pa\u00edses diferentes en su s\u00e9ptima edici\u00f3n | Vila-seca","description":"El FICVI, Festival Internacional de Cortometrajes de Vila-seca, ha recibido en su s\u00e9ptima edici\u00f3n con un total de 666 cortometrajes inscritos procedentes","robots":{"index":"index","follow":"follow","max-snippet":"max-snippet:-1","max-image-preview":"max-image-preview:large","max-video-preview":"max-video-preview:-1"},"canonical":"https:\/\/lapinedaplatja.info\/es\/el-festival-internacional-de-cortometrajes-de-vila-seca-recibe-mas-de-650-propuestas-de-42-paises-diferentes-en-su-septima-edicion\/","og_locale":"es_ES","og_type":"article","og_title":"El Festival Internacional de Cortometrajes de Vila-seca recibe m\u00e1s de 650 propuestas de 42 pa\u00edses diferentes en su s\u00e9ptima edici\u00f3n | Vila-seca","og_description":"El FICVI, Festival Internacional de Cortometrajes de Vila-seca, ha recibido en su s\u00e9ptima edici\u00f3n con un total de 666 cortometrajes inscritos procedentes","og_url":"https:\/\/lapinedaplatja.info\/es\/el-festival-internacional-de-cortometrajes-de-vila-seca-recibe-mas-de-650-propuestas-de-42-paises-diferentes-en-su-septima-edicion\/","og_site_name":"Vila-seca","article_publisher":"https:\/\/www.facebook.com\/lapinedaplatja\/","article_published_time":"2022-09-14T11:10:42+00:00","og_image":[{"width":872,"height":602,"url":"https:\/\/lapinedaplatja.info\/wp-content\/uploads\/2022\/09\/ficvi.jpg","type":"image\/jpeg"}],"author":"nerea","twitter_card":"summary_large_image","twitter_creator":"@lapinedaplatja","twitter_site":"@lapinedaplatja","twitter_misc":{"Escrito por":"nerea","Tiempo de lectura":"1 minuto"},"schema":{"@context":"https:\/\/schema.org","@graph":[{"@type":"Article","@id":"https:\/\/lapinedaplatja.info\/es\/el-festival-internacional-de-cortometrajes-de-vila-seca-recibe-mas-de-650-propuestas-de-42-paises-diferentes-en-su-septima-edicion\/#article","isPartOf":{"@id":"https:\/\/lapinedaplatja.info\/es\/el-festival-internacional-de-cortometrajes-de-vila-seca-recibe-mas-de-650-propuestas-de-42-paises-diferentes-en-su-septima-edicion\/"},"author":{"name":"nerea","@id":"https:\/\/lapinedaplatja.info\/es\/#\/schema\/person\/29107b3d900b8d3c355b438d5f31edcf"},"headline":"El Festival Internacional de Cortometrajes de Vila-seca recibe m\u00e1s de 650 propuestas de 42 pa\u00edses diferentes en su s\u00e9ptima edici\u00f3n","datePublished":"2022-09-14T11:10:42+00:00","mainEntityOfPage":{"@id":"https:\/\/lapinedaplatja.info\/es\/el-festival-internacional-de-cortometrajes-de-vila-seca-recibe-mas-de-650-propuestas-de-42-paises-diferentes-en-su-septima-edicion\/"},"wordCount":298,"publisher":{"@id":"https:\/\/lapinedaplatja.info\/es\/#organization"},"image":{"@id":"https:\/\/lapinedaplatja.info\/es\/el-festival-internacional-de-cortometrajes-de-vila-seca-recibe-mas-de-650-propuestas-de-42-paises-diferentes-en-su-septima-edicion\/#primaryimage"},"thumbnailUrl":"https:\/\/lapinedaplatja.info\/wp-content\/uploads\/2022\/09\/ficvi.jpg","articleSection":["Not\u00edcies"],"inLanguage":"es"},{"@type":"WebPage","@id":"https:\/\/lapinedaplatja.info\/es\/el-festival-internacional-de-cortometrajes-de-vila-seca-recibe-mas-de-650-propuestas-de-42-paises-diferentes-en-su-septima-edicion\/","url":"https:\/\/lapinedaplatja.info\/es\/el-festival-internacional-de-cortometrajes-de-vila-seca-recibe-mas-de-650-propuestas-de-42-paises-diferentes-en-su-septima-edicion\/","name":"El Festival Internacional de Cortometrajes de Vila-seca recibe m\u00e1s de 650 propuestas de 42 pa\u00edses diferentes en su s\u00e9ptima edici\u00f3n | Vila-seca","isPartOf":{"@id":"https:\/\/lapinedaplatja.info\/es\/#website"},"primaryImageOfPage":{"@id":"https:\/\/lapinedaplatja.info\/es\/el-festival-internacional-de-cortometrajes-de-vila-seca-recibe-mas-de-650-propuestas-de-42-paises-diferentes-en-su-septima-edicion\/#primaryimage"},"image":{"@id":"https:\/\/lapinedaplatja.info\/es\/el-festival-internacional-de-cortometrajes-de-vila-seca-recibe-mas-de-650-propuestas-de-42-paises-diferentes-en-su-septima-edicion\/#primaryimage"},"thumbnailUrl":"https:\/\/lapinedaplatja.info\/wp-content\/uploads\/2022\/09\/ficvi.jpg","datePublished":"2022-09-14T11:10:42+00:00","description":"El FICVI, Festival Internacional de Cortometrajes de Vila-seca, ha recibido en su s\u00e9ptima edici\u00f3n con un total de 666 cortometrajes inscritos procedentes","breadcrumb":{"@id":"https:\/\/lapinedaplatja.info\/es\/el-festival-internacional-de-cortometrajes-de-vila-seca-recibe-mas-de-650-propuestas-de-42-paises-diferentes-en-su-septima-edicion\/#breadcrumb"},"inLanguage":"es","potentialAction":[{"@type":"ReadAction","target":["https:\/\/lapinedaplatja.info\/es\/el-festival-internacional-de-cortometrajes-de-vila-seca-recibe-mas-de-650-propuestas-de-42-paises-diferentes-en-su-septima-edicion\/"]}]},{"@type":"ImageObject","inLanguage":"es","@id":"https:\/\/lapinedaplatja.info\/es\/el-festival-internacional-de-cortometrajes-de-vila-seca-recibe-mas-de-650-propuestas-de-42-paises-diferentes-en-su-septima-edicion\/#primaryimage","url":"https:\/\/lapinedaplatja.info\/wp-content\/uploads\/2022\/09\/ficvi.jpg","contentUrl":"https:\/\/lapinedaplatja.info\/wp-content\/uploads\/2022\/09\/ficvi.jpg","width":872,"height":602},{"@type":"BreadcrumbList","@id":"https:\/\/lapinedaplatja.info\/es\/el-festival-internacional-de-cortometrajes-de-vila-seca-recibe-mas-de-650-propuestas-de-42-paises-diferentes-en-su-septima-edicion\/#breadcrumb","itemListElement":[{"@type":"ListItem","position":1,"name":"Portada","item":"https:\/\/lapinedaplatja.info\/es\/"},{"@type":"ListItem","position":2,"name":"El Festival Internacional de Cortometrajes de Vila-seca recibe m\u00e1s de 650 propuestas de 42 pa\u00edses diferentes en su s\u00e9ptima edici\u00f3n"}]},{"@type":"WebSite","@id":"https:\/\/lapinedaplatja.info\/es\/#website","url":"https:\/\/lapinedaplatja.info\/es\/","name":"La Pineda Platja | Vila-seca","description":"Destinaci\u00f3 de turisme familiar.","publisher":{"@id":"https:\/\/lapinedaplatja.info\/es\/#organization"},"potentialAction":[{"@type":"SearchAction","target":{"@type":"EntryPoint","urlTemplate":"https:\/\/lapinedaplatja.info\/es\/?s={search_term_string}"},"query-input":{"@type":"PropertyValueSpecification","valueRequired":true,"valueName":"search_term_string"}}],"inLanguage":"es"},{"@type":"Organization","@id":"https:\/\/lapinedaplatja.info\/es\/#organization","name":"Patronat Municipal de Turisme de Vila-seca","url":"https:\/\/lapinedaplatja.info\/es\/","logo":{"@type":"ImageObject","inLanguage":"es","@id":"https:\/\/lapinedaplatja.info\/es\/#\/schema\/logo\/image\/","url":"https:\/\/lapinedaplatja.info\/wp-content\/uploads\/2018\/10\/cropped-13260099_989491457837088_3488030785405353200_n.jpg","contentUrl":"https:\/\/lapinedaplatja.info\/wp-content\/uploads\/2018\/10\/cropped-13260099_989491457837088_3488030785405353200_n.jpg","width":600,"height":600,"caption":"Patronat Municipal de Turisme de Vila-seca"},"image":{"@id":"https:\/\/lapinedaplatja.info\/es\/#\/schema\/logo\/image\/"},"sameAs":["https:\/\/www.facebook.com\/lapinedaplatja\/","https:\/\/x.com\/lapinedaplatja","https:\/\/www.instagram.com\/lapinedaplatja\/"]},{"@type":"Person","@id":"https:\/\/lapinedaplatja.info\/es\/#\/schema\/person\/29107b3d900b8d3c355b438d5f31edcf","name":"nerea","image":{"@type":"ImageObject","inLanguage":"es","@id":"https:\/\/lapinedaplatja.info\/es\/#\/schema\/person\/image\/","url":"https:\/\/secure.gravatar.com\/avatar\/d3b9655a037913ef9c32c9777e65c2c8c6eaaf0460db91392b4a3c47c5e66474?s=96&d=mm&r=g","contentUrl":"https:\/\/secure.gravatar.com\/avatar\/d3b9655a037913ef9c32c9777e65c2c8c6eaaf0460db91392b4a3c47c5e66474?s=96&d=mm&r=g","caption":"nerea"}}]}},"_links":{"self":[{"href":"https:\/\/lapinedaplatja.info\/es\/wp-json\/wp\/v2\/posts\/20496","targetHints":{"allow":["GET"]}}],"collection":[{"href":"https:\/\/lapinedaplatja.info\/es\/wp-json\/wp\/v2\/posts"}],"about":[{"href":"https:\/\/lapinedaplatja.info\/es\/wp-json\/wp\/v2\/types\/post"}],"author":[{"embeddable":true,"href":"https:\/\/lapinedaplatja.info\/es\/wp-json\/wp\/v2\/users\/4"}],"replies":[{"embeddable":true,"href":"https:\/\/lapinedaplatja.info\/es\/wp-json\/wp\/v2\/comments?post=20496"}],"version-history":[{"count":0,"href":"https:\/\/lapinedaplatja.info\/es\/wp-json\/wp\/v2\/posts\/20496\/revisions"}],"wp:featuredmedia":[{"embeddable":true,"href":"https:\/\/lapinedaplatja.info\/es\/wp-json\/wp\/v2\/media\/20492"}],"wp:attachment":[{"href":"https:\/\/lapinedaplatja.info\/es\/wp-json\/wp\/v2\/media?parent=20496"}],"wp:term":[{"taxonomy":"category","embeddable":true,"href":"https:\/\/lapinedaplatja.info\/es\/wp-json\/wp\/v2\/categories?post=20496"},{"taxonomy":"post_tag","embeddable":true,"href":"https:\/\/lapinedaplatja.info\/es\/wp-json\/wp\/v2\/tags?post=20496"}],"curies":[{"name":"wp","href":"https:\/\/api.w.org\/{rel}","templated":true}]}}