{"id":23065,"date":"2023-07-10T12:00:29","date_gmt":"2023-07-10T10:00:29","guid":{"rendered":"https:\/\/lapinedaplatja.info\/la-vuitena-edicio-del-ficvi-rep-1-140-curts-de-53-paisos\/"},"modified":"2023-07-10T12:03:15","modified_gmt":"2023-07-10T10:03:15","slug":"la-vuitena-edicio-del-ficvi-rep-1-140-curts-de-53-paisos","status":"publish","type":"post","link":"https:\/\/lapinedaplatja.info\/es\/la-vuitena-edicio-del-ficvi-rep-1-140-curts-de-53-paisos\/","title":{"rendered":"La octava edici\u00f3n del FICVI recibe 1.140 cortos de 53 pa\u00edses"},"content":{"rendered":"<p>El Festival Internacional de Cortometrajes de Vila-seca (FICVI) ha cerrado el periodo de inscripci\u00f3n de la octava edici\u00f3n con 1.140 cortometrajes inscritos, 474 m\u00e1s que el a\u00f1o pasado. Los trabajos provienen de 53 pa\u00edses y hay 28 producciones en lengua catalana.<\/p>\n<p>Los organizadores explican que a partir de ahora se trabajar\u00e1 en el proceso de selecci\u00f3n de los cortometrajes finalistas. Durante el mes de julio se presentar\u00e1 la lista de los trabajos que competir\u00e1n por los galardones de esta nueva edici\u00f3n, que los organizadores consideran \u201cla m\u00e1s exitosa\u201d de su historia.<\/p>\n<p>El certamen tendr\u00e1 lugar del 13 al 22 de octubre en el Celler de Vila-seca. El FICVI, que organiza el Patronato de Turismo de Vila-seca, volver\u00e1 a ser este a\u00f1o festival colaborador en la preselecci\u00f3n de cortometrajes por los Premios Goya. El a\u00f1o pasado, el cortometraje \u2018Amarradas\u2019, de Carmen C\u00f3rdoba -Premio de animaci\u00f3n del FICVI 22-, qued\u00f3 entre los cinco mejores cortometrajes de animaci\u00f3n a los Goya y \u2018La Entrega\u2019, de Pedro D\u00edaz -Premio Nacional del FICVI 22-, qued\u00f3 tambi\u00e9n entre los finalistas a mejor cortometraje de ficci\u00f3n.<\/p>\n","protected":false},"excerpt":{"rendered":"<p>El Festival Internacional de Cortometrajes de Vila-seca (FICVI) ha cerrado el periodo de inscripci\u00f3n de la octava edici\u00f3n con 1.140 cortometrajes inscritos, 474 m\u00e1s que el a\u00f1o pasado. Los trabajos provienen de 53 pa\u00edses y hay 28 producciones en lengua catalana. Los organizadores explican que a partir de ahora se [&hellip;]<\/p>\n","protected":false},"author":4,"featured_media":23061,"comment_status":"closed","ping_status":"open","sticky":false,"template":"","format":"standard","meta":{"_acf_changed":false,"footnotes":""},"categories":[158],"tags":[],"class_list":["post-23065","post","type-post","status-publish","format-standard","has-post-thumbnail","hentry","category-noticies-es"],"acf":[],"yoast_head":"<!-- This site is optimized with the Yoast SEO plugin v26.6 - https:\/\/yoast.com\/wordpress\/plugins\/seo\/ -->\n<title>La octava edici\u00f3n del FICVI recibe 1.140 cortos de 53 pa\u00edses | Vila-seca<\/title>\n<meta name=\"description\" content=\"El Festival Internacional de Cortometrajes de Vila-seca (FICVI) ha cerrado el periodo de inscripci\u00f3n de la octava edici\u00f3n con 1.140 cortometrajes\" \/>\n<meta name=\"robots\" content=\"index, follow, max-snippet:-1, max-image-preview:large, max-video-preview:-1\" \/>\n<link rel=\"canonical\" href=\"https:\/\/lapinedaplatja.info\/es\/la-vuitena-edicio-del-ficvi-rep-1-140-curts-de-53-paisos\/\" \/>\n<meta property=\"og:locale\" content=\"es_ES\" \/>\n<meta property=\"og:type\" content=\"article\" \/>\n<meta property=\"og:title\" content=\"La octava edici\u00f3n del FICVI recibe 1.140 cortos de 53 pa\u00edses | Vila-seca\" \/>\n<meta property=\"og:description\" content=\"El Festival Internacional de Cortometrajes de Vila-seca (FICVI) ha cerrado el periodo de inscripci\u00f3n de la octava edici\u00f3n con 1.140 cortometrajes\" \/>\n<meta property=\"og:url\" content=\"https:\/\/lapinedaplatja.info\/es\/la-vuitena-edicio-del-ficvi-rep-1-140-curts-de-53-paisos\/\" \/>\n<meta property=\"og:site_name\" content=\"Vila-seca\" \/>\n<meta property=\"article:publisher\" content=\"https:\/\/www.facebook.com\/lapinedaplatja\/\" \/>\n<meta property=\"article:published_time\" content=\"2023-07-10T10:00:29+00:00\" \/>\n<meta property=\"article:modified_time\" content=\"2023-07-10T10:03:15+00:00\" \/>\n<meta property=\"og:image\" content=\"https:\/\/lapinedaplatja.info\/wp-content\/uploads\/2023\/07\/amarradas-2.jpg\" \/>\n\t<meta property=\"og:image:width\" content=\"794\" \/>\n\t<meta property=\"og:image:height\" content=\"440\" \/>\n\t<meta property=\"og:image:type\" content=\"image\/jpeg\" \/>\n<meta name=\"author\" content=\"nerea\" \/>\n<meta name=\"twitter:card\" content=\"summary_large_image\" \/>\n<meta name=\"twitter:creator\" content=\"@lapinedaplatja\" \/>\n<meta name=\"twitter:site\" content=\"@lapinedaplatja\" \/>\n<meta name=\"twitter:label1\" content=\"Escrito por\" \/>\n\t<meta name=\"twitter:data1\" content=\"nerea\" \/>\n\t<meta name=\"twitter:label2\" content=\"Tiempo de lectura\" \/>\n\t<meta name=\"twitter:data2\" content=\"1 minuto\" \/>\n<script type=\"application\/ld+json\" class=\"yoast-schema-graph\">{\"@context\":\"https:\/\/schema.org\",\"@graph\":[{\"@type\":\"Article\",\"@id\":\"https:\/\/lapinedaplatja.info\/es\/la-vuitena-edicio-del-ficvi-rep-1-140-curts-de-53-paisos\/#article\",\"isPartOf\":{\"@id\":\"https:\/\/lapinedaplatja.info\/es\/la-vuitena-edicio-del-ficvi-rep-1-140-curts-de-53-paisos\/\"},\"author\":{\"name\":\"nerea\",\"@id\":\"https:\/\/lapinedaplatja.info\/es\/#\/schema\/person\/29107b3d900b8d3c355b438d5f31edcf\"},\"headline\":\"La octava edici\u00f3n del FICVI recibe 1.140 cortos de 53 pa\u00edses\",\"datePublished\":\"2023-07-10T10:00:29+00:00\",\"dateModified\":\"2023-07-10T10:03:15+00:00\",\"mainEntityOfPage\":{\"@id\":\"https:\/\/lapinedaplatja.info\/es\/la-vuitena-edicio-del-ficvi-rep-1-140-curts-de-53-paisos\/\"},\"wordCount\":202,\"publisher\":{\"@id\":\"https:\/\/lapinedaplatja.info\/es\/#organization\"},\"image\":{\"@id\":\"https:\/\/lapinedaplatja.info\/es\/la-vuitena-edicio-del-ficvi-rep-1-140-curts-de-53-paisos\/#primaryimage\"},\"thumbnailUrl\":\"https:\/\/lapinedaplatja.info\/wp-content\/uploads\/2023\/07\/amarradas-2.jpg\",\"articleSection\":[\"Not\u00edcies\"],\"inLanguage\":\"es\"},{\"@type\":\"WebPage\",\"@id\":\"https:\/\/lapinedaplatja.info\/es\/la-vuitena-edicio-del-ficvi-rep-1-140-curts-de-53-paisos\/\",\"url\":\"https:\/\/lapinedaplatja.info\/es\/la-vuitena-edicio-del-ficvi-rep-1-140-curts-de-53-paisos\/\",\"name\":\"La octava edici\u00f3n del FICVI recibe 1.140 cortos de 53 pa\u00edses | Vila-seca\",\"isPartOf\":{\"@id\":\"https:\/\/lapinedaplatja.info\/es\/#website\"},\"primaryImageOfPage\":{\"@id\":\"https:\/\/lapinedaplatja.info\/es\/la-vuitena-edicio-del-ficvi-rep-1-140-curts-de-53-paisos\/#primaryimage\"},\"image\":{\"@id\":\"https:\/\/lapinedaplatja.info\/es\/la-vuitena-edicio-del-ficvi-rep-1-140-curts-de-53-paisos\/#primaryimage\"},\"thumbnailUrl\":\"https:\/\/lapinedaplatja.info\/wp-content\/uploads\/2023\/07\/amarradas-2.jpg\",\"datePublished\":\"2023-07-10T10:00:29+00:00\",\"dateModified\":\"2023-07-10T10:03:15+00:00\",\"description\":\"El Festival Internacional de Cortometrajes de Vila-seca (FICVI) ha cerrado el periodo de inscripci\u00f3n de la octava edici\u00f3n con 1.140 cortometrajes\",\"breadcrumb\":{\"@id\":\"https:\/\/lapinedaplatja.info\/es\/la-vuitena-edicio-del-ficvi-rep-1-140-curts-de-53-paisos\/#breadcrumb\"},\"inLanguage\":\"es\",\"potentialAction\":[{\"@type\":\"ReadAction\",\"target\":[\"https:\/\/lapinedaplatja.info\/es\/la-vuitena-edicio-del-ficvi-rep-1-140-curts-de-53-paisos\/\"]}]},{\"@type\":\"ImageObject\",\"inLanguage\":\"es\",\"@id\":\"https:\/\/lapinedaplatja.info\/es\/la-vuitena-edicio-del-ficvi-rep-1-140-curts-de-53-paisos\/#primaryimage\",\"url\":\"https:\/\/lapinedaplatja.info\/wp-content\/uploads\/2023\/07\/amarradas-2.jpg\",\"contentUrl\":\"https:\/\/lapinedaplatja.info\/wp-content\/uploads\/2023\/07\/amarradas-2.jpg\",\"width\":794,\"height\":440,\"caption\":\"Created with GIMP\"},{\"@type\":\"BreadcrumbList\",\"@id\":\"https:\/\/lapinedaplatja.info\/es\/la-vuitena-edicio-del-ficvi-rep-1-140-curts-de-53-paisos\/#breadcrumb\",\"itemListElement\":[{\"@type\":\"ListItem\",\"position\":1,\"name\":\"Portada\",\"item\":\"https:\/\/lapinedaplatja.info\/es\/\"},{\"@type\":\"ListItem\",\"position\":2,\"name\":\"La octava edici\u00f3n del FICVI recibe 1.140 cortos de 53 pa\u00edses\"}]},{\"@type\":\"WebSite\",\"@id\":\"https:\/\/lapinedaplatja.info\/es\/#website\",\"url\":\"https:\/\/lapinedaplatja.info\/es\/\",\"name\":\"La Pineda Platja | Vila-seca\",\"description\":\"Destinaci\u00f3 de turisme familiar.\",\"publisher\":{\"@id\":\"https:\/\/lapinedaplatja.info\/es\/#organization\"},\"potentialAction\":[{\"@type\":\"SearchAction\",\"target\":{\"@type\":\"EntryPoint\",\"urlTemplate\":\"https:\/\/lapinedaplatja.info\/es\/?s={search_term_string}\"},\"query-input\":{\"@type\":\"PropertyValueSpecification\",\"valueRequired\":true,\"valueName\":\"search_term_string\"}}],\"inLanguage\":\"es\"},{\"@type\":\"Organization\",\"@id\":\"https:\/\/lapinedaplatja.info\/es\/#organization\",\"name\":\"Patronat Municipal de Turisme de Vila-seca\",\"url\":\"https:\/\/lapinedaplatja.info\/es\/\",\"logo\":{\"@type\":\"ImageObject\",\"inLanguage\":\"es\",\"@id\":\"https:\/\/lapinedaplatja.info\/es\/#\/schema\/logo\/image\/\",\"url\":\"https:\/\/lapinedaplatja.info\/wp-content\/uploads\/2018\/10\/cropped-13260099_989491457837088_3488030785405353200_n.jpg\",\"contentUrl\":\"https:\/\/lapinedaplatja.info\/wp-content\/uploads\/2018\/10\/cropped-13260099_989491457837088_3488030785405353200_n.jpg\",\"width\":600,\"height\":600,\"caption\":\"Patronat Municipal de Turisme de Vila-seca\"},\"image\":{\"@id\":\"https:\/\/lapinedaplatja.info\/es\/#\/schema\/logo\/image\/\"},\"sameAs\":[\"https:\/\/www.facebook.com\/lapinedaplatja\/\",\"https:\/\/x.com\/lapinedaplatja\",\"https:\/\/www.instagram.com\/lapinedaplatja\/\"]},{\"@type\":\"Person\",\"@id\":\"https:\/\/lapinedaplatja.info\/es\/#\/schema\/person\/29107b3d900b8d3c355b438d5f31edcf\",\"name\":\"nerea\",\"image\":{\"@type\":\"ImageObject\",\"inLanguage\":\"es\",\"@id\":\"https:\/\/lapinedaplatja.info\/es\/#\/schema\/person\/image\/\",\"url\":\"https:\/\/secure.gravatar.com\/avatar\/d3b9655a037913ef9c32c9777e65c2c8c6eaaf0460db91392b4a3c47c5e66474?s=96&d=mm&r=g\",\"contentUrl\":\"https:\/\/secure.gravatar.com\/avatar\/d3b9655a037913ef9c32c9777e65c2c8c6eaaf0460db91392b4a3c47c5e66474?s=96&d=mm&r=g\",\"caption\":\"nerea\"}}]}<\/script>\n<!-- \/ Yoast SEO plugin. -->","yoast_head_json":{"title":"La octava edici\u00f3n del FICVI recibe 1.140 cortos de 53 pa\u00edses | Vila-seca","description":"El Festival Internacional de Cortometrajes de Vila-seca (FICVI) ha cerrado el periodo de inscripci\u00f3n de la octava edici\u00f3n con 1.140 cortometrajes","robots":{"index":"index","follow":"follow","max-snippet":"max-snippet:-1","max-image-preview":"max-image-preview:large","max-video-preview":"max-video-preview:-1"},"canonical":"https:\/\/lapinedaplatja.info\/es\/la-vuitena-edicio-del-ficvi-rep-1-140-curts-de-53-paisos\/","og_locale":"es_ES","og_type":"article","og_title":"La octava edici\u00f3n del FICVI recibe 1.140 cortos de 53 pa\u00edses | Vila-seca","og_description":"El Festival Internacional de Cortometrajes de Vila-seca (FICVI) ha cerrado el periodo de inscripci\u00f3n de la octava edici\u00f3n con 1.140 cortometrajes","og_url":"https:\/\/lapinedaplatja.info\/es\/la-vuitena-edicio-del-ficvi-rep-1-140-curts-de-53-paisos\/","og_site_name":"Vila-seca","article_publisher":"https:\/\/www.facebook.com\/lapinedaplatja\/","article_published_time":"2023-07-10T10:00:29+00:00","article_modified_time":"2023-07-10T10:03:15+00:00","og_image":[{"width":794,"height":440,"url":"https:\/\/lapinedaplatja.info\/wp-content\/uploads\/2023\/07\/amarradas-2.jpg","type":"image\/jpeg"}],"author":"nerea","twitter_card":"summary_large_image","twitter_creator":"@lapinedaplatja","twitter_site":"@lapinedaplatja","twitter_misc":{"Escrito por":"nerea","Tiempo de lectura":"1 minuto"},"schema":{"@context":"https:\/\/schema.org","@graph":[{"@type":"Article","@id":"https:\/\/lapinedaplatja.info\/es\/la-vuitena-edicio-del-ficvi-rep-1-140-curts-de-53-paisos\/#article","isPartOf":{"@id":"https:\/\/lapinedaplatja.info\/es\/la-vuitena-edicio-del-ficvi-rep-1-140-curts-de-53-paisos\/"},"author":{"name":"nerea","@id":"https:\/\/lapinedaplatja.info\/es\/#\/schema\/person\/29107b3d900b8d3c355b438d5f31edcf"},"headline":"La octava edici\u00f3n del FICVI recibe 1.140 cortos de 53 pa\u00edses","datePublished":"2023-07-10T10:00:29+00:00","dateModified":"2023-07-10T10:03:15+00:00","mainEntityOfPage":{"@id":"https:\/\/lapinedaplatja.info\/es\/la-vuitena-edicio-del-ficvi-rep-1-140-curts-de-53-paisos\/"},"wordCount":202,"publisher":{"@id":"https:\/\/lapinedaplatja.info\/es\/#organization"},"image":{"@id":"https:\/\/lapinedaplatja.info\/es\/la-vuitena-edicio-del-ficvi-rep-1-140-curts-de-53-paisos\/#primaryimage"},"thumbnailUrl":"https:\/\/lapinedaplatja.info\/wp-content\/uploads\/2023\/07\/amarradas-2.jpg","articleSection":["Not\u00edcies"],"inLanguage":"es"},{"@type":"WebPage","@id":"https:\/\/lapinedaplatja.info\/es\/la-vuitena-edicio-del-ficvi-rep-1-140-curts-de-53-paisos\/","url":"https:\/\/lapinedaplatja.info\/es\/la-vuitena-edicio-del-ficvi-rep-1-140-curts-de-53-paisos\/","name":"La octava edici\u00f3n del FICVI recibe 1.140 cortos de 53 pa\u00edses | Vila-seca","isPartOf":{"@id":"https:\/\/lapinedaplatja.info\/es\/#website"},"primaryImageOfPage":{"@id":"https:\/\/lapinedaplatja.info\/es\/la-vuitena-edicio-del-ficvi-rep-1-140-curts-de-53-paisos\/#primaryimage"},"image":{"@id":"https:\/\/lapinedaplatja.info\/es\/la-vuitena-edicio-del-ficvi-rep-1-140-curts-de-53-paisos\/#primaryimage"},"thumbnailUrl":"https:\/\/lapinedaplatja.info\/wp-content\/uploads\/2023\/07\/amarradas-2.jpg","datePublished":"2023-07-10T10:00:29+00:00","dateModified":"2023-07-10T10:03:15+00:00","description":"El Festival Internacional de Cortometrajes de Vila-seca (FICVI) ha cerrado el periodo de inscripci\u00f3n de la octava edici\u00f3n con 1.140 cortometrajes","breadcrumb":{"@id":"https:\/\/lapinedaplatja.info\/es\/la-vuitena-edicio-del-ficvi-rep-1-140-curts-de-53-paisos\/#breadcrumb"},"inLanguage":"es","potentialAction":[{"@type":"ReadAction","target":["https:\/\/lapinedaplatja.info\/es\/la-vuitena-edicio-del-ficvi-rep-1-140-curts-de-53-paisos\/"]}]},{"@type":"ImageObject","inLanguage":"es","@id":"https:\/\/lapinedaplatja.info\/es\/la-vuitena-edicio-del-ficvi-rep-1-140-curts-de-53-paisos\/#primaryimage","url":"https:\/\/lapinedaplatja.info\/wp-content\/uploads\/2023\/07\/amarradas-2.jpg","contentUrl":"https:\/\/lapinedaplatja.info\/wp-content\/uploads\/2023\/07\/amarradas-2.jpg","width":794,"height":440,"caption":"Created with GIMP"},{"@type":"BreadcrumbList","@id":"https:\/\/lapinedaplatja.info\/es\/la-vuitena-edicio-del-ficvi-rep-1-140-curts-de-53-paisos\/#breadcrumb","itemListElement":[{"@type":"ListItem","position":1,"name":"Portada","item":"https:\/\/lapinedaplatja.info\/es\/"},{"@type":"ListItem","position":2,"name":"La octava edici\u00f3n del FICVI recibe 1.140 cortos de 53 pa\u00edses"}]},{"@type":"WebSite","@id":"https:\/\/lapinedaplatja.info\/es\/#website","url":"https:\/\/lapinedaplatja.info\/es\/","name":"La Pineda Platja | Vila-seca","description":"Destinaci\u00f3 de turisme familiar.","publisher":{"@id":"https:\/\/lapinedaplatja.info\/es\/#organization"},"potentialAction":[{"@type":"SearchAction","target":{"@type":"EntryPoint","urlTemplate":"https:\/\/lapinedaplatja.info\/es\/?s={search_term_string}"},"query-input":{"@type":"PropertyValueSpecification","valueRequired":true,"valueName":"search_term_string"}}],"inLanguage":"es"},{"@type":"Organization","@id":"https:\/\/lapinedaplatja.info\/es\/#organization","name":"Patronat Municipal de Turisme de Vila-seca","url":"https:\/\/lapinedaplatja.info\/es\/","logo":{"@type":"ImageObject","inLanguage":"es","@id":"https:\/\/lapinedaplatja.info\/es\/#\/schema\/logo\/image\/","url":"https:\/\/lapinedaplatja.info\/wp-content\/uploads\/2018\/10\/cropped-13260099_989491457837088_3488030785405353200_n.jpg","contentUrl":"https:\/\/lapinedaplatja.info\/wp-content\/uploads\/2018\/10\/cropped-13260099_989491457837088_3488030785405353200_n.jpg","width":600,"height":600,"caption":"Patronat Municipal de Turisme de Vila-seca"},"image":{"@id":"https:\/\/lapinedaplatja.info\/es\/#\/schema\/logo\/image\/"},"sameAs":["https:\/\/www.facebook.com\/lapinedaplatja\/","https:\/\/x.com\/lapinedaplatja","https:\/\/www.instagram.com\/lapinedaplatja\/"]},{"@type":"Person","@id":"https:\/\/lapinedaplatja.info\/es\/#\/schema\/person\/29107b3d900b8d3c355b438d5f31edcf","name":"nerea","image":{"@type":"ImageObject","inLanguage":"es","@id":"https:\/\/lapinedaplatja.info\/es\/#\/schema\/person\/image\/","url":"https:\/\/secure.gravatar.com\/avatar\/d3b9655a037913ef9c32c9777e65c2c8c6eaaf0460db91392b4a3c47c5e66474?s=96&d=mm&r=g","contentUrl":"https:\/\/secure.gravatar.com\/avatar\/d3b9655a037913ef9c32c9777e65c2c8c6eaaf0460db91392b4a3c47c5e66474?s=96&d=mm&r=g","caption":"nerea"}}]}},"_links":{"self":[{"href":"https:\/\/lapinedaplatja.info\/es\/wp-json\/wp\/v2\/posts\/23065","targetHints":{"allow":["GET"]}}],"collection":[{"href":"https:\/\/lapinedaplatja.info\/es\/wp-json\/wp\/v2\/posts"}],"about":[{"href":"https:\/\/lapinedaplatja.info\/es\/wp-json\/wp\/v2\/types\/post"}],"author":[{"embeddable":true,"href":"https:\/\/lapinedaplatja.info\/es\/wp-json\/wp\/v2\/users\/4"}],"replies":[{"embeddable":true,"href":"https:\/\/lapinedaplatja.info\/es\/wp-json\/wp\/v2\/comments?post=23065"}],"version-history":[{"count":0,"href":"https:\/\/lapinedaplatja.info\/es\/wp-json\/wp\/v2\/posts\/23065\/revisions"}],"wp:featuredmedia":[{"embeddable":true,"href":"https:\/\/lapinedaplatja.info\/es\/wp-json\/wp\/v2\/media\/23061"}],"wp:attachment":[{"href":"https:\/\/lapinedaplatja.info\/es\/wp-json\/wp\/v2\/media?parent=23065"}],"wp:term":[{"taxonomy":"category","embeddable":true,"href":"https:\/\/lapinedaplatja.info\/es\/wp-json\/wp\/v2\/categories?post=23065"},{"taxonomy":"post_tag","embeddable":true,"href":"https:\/\/lapinedaplatja.info\/es\/wp-json\/wp\/v2\/tags?post=23065"}],"curies":[{"name":"wp","href":"https:\/\/api.w.org\/{rel}","templated":true}]}}