{"id":28152,"date":"2024-10-18T12:37:01","date_gmt":"2024-10-18T10:37:01","guid":{"rendered":"https:\/\/lapinedaplatja.info\/cinc-films-seleccionats-pel-festival-de-curtmetratges-de-vila-seca-opten-a-ser-nominats-als-premis-goya\/"},"modified":"2024-10-18T15:57:19","modified_gmt":"2024-10-18T13:57:19","slug":"cinc-films-seleccionats-pel-festival-de-curtmetratges-de-vila-seca-opten-a-ser-nominats-als-premis-goya","status":"publish","type":"post","link":"https:\/\/lapinedaplatja.info\/es\/cinc-films-seleccionats-pel-festival-de-curtmetratges-de-vila-seca-opten-a-ser-nominats-als-premis-goya\/","title":{"rendered":"Ocho films seleccionados para el Festival de Cortometrajes de Vila-seca optan a ser nominados a los Premios Goya"},"content":{"rendered":"<p>Ocho cortometrajes seleccionados por el equipo de programaci\u00f3n del Festival Internacional de Cortometrajes de Vila-seca (FICVI) optan a ser nominados a los Premios Goya 2025. La Academia de las Artes y las Ciencias Cinematogr\u00e1ficas ya ha anunciado la lista de t\u00edtulos que pueden llegar a competir en las categor\u00edas de Mejor Cortometraje de Ficci\u00f3n, Documental y Animaci\u00f3n, y por tanto ir a la gala de la 39 edici\u00f3n del certamen, que se celebrar\u00e1 en Granada el pr\u00f3ximo 8 de febrero.<\/p>\n<p>Entre los cortometrajes preseleccionados de los Goya hay tres films que se podr\u00e1n ver este a\u00f1o en el FICVI y dos m\u00e1s que formaron parte de la programaci\u00f3n de la edici\u00f3n del 2023. Los cortometrajes de este 2024 son \u2018La gran obra\u2019, producido por Llu\u00eds Qu\u00edlez Sala y dirigido por \u00c0lex Lora; \u2018Mentiste Amanda\u2019, producido por Nuria Mu\u00f1oz Ort\u00edn y dirigido por Eva Libertad y Nuria Mu\u00f1oz Ort\u00edn, y \u2018Els Buits\u201d, producido por Carlotta Schiavon, Ian de la Rosa y Laura Rubirola Sala y dirigido por Isa Luengo, Marina Freixa Roca y Sof\u00eda Esteve. Por otro lado, los films de la anterior edici\u00f3n son &#8216;Sis\u00e8 Primera&#8217;, de Albert Carb\u00f3 (que recibi\u00f3 el premio de Jurado Joven), &#8216;Alegre y ol\u00e9&#8217;, de Clara Santaolaya, \u201cBen\u201d de Miki Dur\u00e1n, \u201cPerder\u201d de Rub\u00e9n Guindo, i \u201cSolo un ensayo\u201d de Hugo Sanz.<\/p>\n<p>El FICVI, con entrada gratuita, se llevar\u00e1 a cabo del 8 al 17 de noviembre en el emblem\u00e1tico edificio del Celler de Vila-seca, donde se proyectar\u00e1n un total de 46 cortometrajes entre la secci\u00f3n oficial y la secci\u00f3n joven. La programaci\u00f3n completa se har\u00e1 p\u00fablica el pr\u00f3ximo 28 de octubre en una rueda de prensa que contar\u00e1 con a la participaci\u00f3n del alcalde de Vila-seca, Pere Segura; la presidenta del Patronato Municipal de Turismo, Llu\u00efsa Clav\u00e9, y la directora art\u00edstica del festival, Alba Bresol\u00ed.<\/p>\n<p>El FICVI es un festival organizado por el Patronato Municipal de Turismo de Vila-seca con la colaboraci\u00f3n de la Diputaci\u00f3n de Tarragona y la productora Parallel 40. Se trata de un certamen especializado en el formato del cortometraje que quiere acercar el mejor cine internacional y nacional al municipio de Vila-seca, apostando por un cine emergente, atrevido, y diverso. El objetivo es difundir y promover la cinematograf\u00eda, apoyando a directores y directoras de cortometrajes y creando un espacio de referencia donde puedan dar a conocer sus trabajos.<\/p>\n<p><strong>\u00daltimos d\u00edas para inscribirse a los nuevos talleres gratuitos<\/strong><\/p>\n<p>Por otro lado, contin\u00faan abiertas hasta el 30 de octubre las inscripciones para los dos nuevos talleres gratuitos de la novena edici\u00f3n del FICVI: el taller de retrato cinematogr\u00e1fico IN SITU y el taller de fotograf\u00eda Panor\u00e1micas con c\u00e1mara instant\u00e1nea. Las dos actividades est\u00e1n abiertas a todo el mundo y no se requiere tener ninguna experiencia previa. Las personas interesadas en aprender y experimentar en el mundo del cine o de la fotograf\u00eda solo hace falta que entren a la web del festival www.ficvi.cat y rellenar el formulario correspondiente.<\/p>\n<p>La secci\u00f3n IN SITU, que ya es un cl\u00e1sico del festival, llega este a\u00f1o acompa\u00f1ada de un taller de retrato cinematogr\u00e1fico dirigido a personas mayores de 14 a\u00f1os (se pueden hacer excepciones si el menor va acompa\u00f1ado de un adulto). Durante la jornada, que se llevar\u00e1 a cabo el s\u00e1bado 9 de noviembre de 10:30 h a 16 h en el Castell de Vila-seca, las persones participantes aprender\u00e1n y pondr\u00e1n en pr\u00e1ctica nociones t\u00e9cnicas y narrativas para poder realizar un retrato cinematogr\u00e1fico en formado cortometraje de alguna persona o grupo de personas del municipio.<\/p>\n<p>A partir de aqu\u00ed, los aspirantes a cineastas tendr\u00e1n cuatro d\u00edas para filmar y editar una pieza de un m\u00e1ximo de 3 minutos, que podr\u00e1n presentar a la secci\u00f3n IN SITU hasta el 13 de noviembre a las 9:59 h, y se proyectar\u00e1 el 14 de noviembre al festival. El primer premio ser\u00e1 de 700 euros de dotaci\u00f3n econ\u00f3mica y el segundo de 300.<\/p>\n<p>El objetivo del concurso IN SITU es potenciar el inter\u00e9s por el cine y promover el aumento de creaciones cinematogr\u00e1ficas locales, a la vez que se da voz al vecindario de Vila-seca, se pone en valor su testigo, y se crea una radiograf\u00eda demogr\u00e1fica del municipio.<\/p>\n<p>Por otro lado, la segunda propuesta del FICVI es un taller de panor\u00e1micas con c\u00e1mara instant\u00e1nea, a cargo de la asociaci\u00f3n cultural A Bao A Qu, que se realizar\u00e1 el domingo 10 de noviembre en dos sesiones: de 10 h a 11:30 h y de 12 h a 13:30 h. La actividad, abierta a familias, j\u00f3venes y adultos, consiste al crear peque\u00f1as panor\u00e1micas formadas por dos o tres fotograf\u00edas de los mejores rincones de Vila-seca.<\/p>\n<p>&nbsp;<\/p>\n<p><strong>Shorts &amp; Wine<\/strong><\/p>\n<p>Finalmente, como novedad, tambi\u00e9n se incorpora en el programa del festival el encuentro Shorts &amp; Wine, que maridar\u00e1 cortometrajes de animaci\u00f3n y vinos DO Tarragona el d\u00eda 16 de noviembre de las 12:30 h a las 14 h al vest\u00edbulo del Celler de Vila-seca. Para este evento de networking y reconocimiento cinematogr\u00e1fico se seleccionar\u00e1n cuatro cortometrajes que se hayan proyectado al festival y un sumiller de la Facultad de Enolog\u00eda de la Universitat Rovira i Virgili (URV) los maridar\u00e1 con cuatro vinos diferentes.<\/p>\n","protected":false},"excerpt":{"rendered":"<p>Ocho cortometrajes seleccionados por el equipo de programaci\u00f3n del Festival Internacional de Cortometrajes de Vila-seca (FICVI) optan a ser nominados a los Premios Goya 2025. La Academia de las Artes y las Ciencias Cinematogr\u00e1ficas ya ha anunciado la lista de t\u00edtulos que pueden llegar a competir en las categor\u00edas de [&hellip;]<\/p>\n","protected":false},"author":4,"featured_media":28151,"comment_status":"closed","ping_status":"open","sticky":false,"template":"","format":"standard","meta":{"_acf_changed":false,"footnotes":""},"categories":[158],"tags":[],"class_list":["post-28152","post","type-post","status-publish","format-standard","has-post-thumbnail","hentry","category-noticies-es"],"acf":[],"yoast_head":"<!-- This site is optimized with the Yoast SEO plugin v26.6 - https:\/\/yoast.com\/wordpress\/plugins\/seo\/ -->\n<title>Ocho films seleccionados para el Festival de Cortometrajes de Vila-seca optan a ser nominados a los Premios Goya | Vila-seca<\/title>\n<meta name=\"description\" content=\"Ocho cortometrajes seleccionados por el equipo de programaci\u00f3n del Festival Internacional de Cortometrajes de Vila-seca (FICVI) optan a ser nominados a\" \/>\n<meta name=\"robots\" content=\"index, follow, max-snippet:-1, max-image-preview:large, max-video-preview:-1\" \/>\n<link rel=\"canonical\" href=\"https:\/\/lapinedaplatja.info\/es\/cinc-films-seleccionats-pel-festival-de-curtmetratges-de-vila-seca-opten-a-ser-nominats-als-premis-goya\/\" \/>\n<meta property=\"og:locale\" content=\"es_ES\" \/>\n<meta property=\"og:type\" content=\"article\" \/>\n<meta property=\"og:title\" content=\"Ocho films seleccionados para el Festival de Cortometrajes de Vila-seca optan a ser nominados a los Premios Goya | Vila-seca\" \/>\n<meta property=\"og:description\" content=\"Ocho cortometrajes seleccionados por el equipo de programaci\u00f3n del Festival Internacional de Cortometrajes de Vila-seca (FICVI) optan a ser nominados a\" \/>\n<meta property=\"og:url\" content=\"https:\/\/lapinedaplatja.info\/es\/cinc-films-seleccionats-pel-festival-de-curtmetratges-de-vila-seca-opten-a-ser-nominats-als-premis-goya\/\" \/>\n<meta property=\"og:site_name\" content=\"Vila-seca\" \/>\n<meta property=\"article:publisher\" content=\"https:\/\/www.facebook.com\/lapinedaplatja\/\" \/>\n<meta property=\"article:published_time\" content=\"2024-10-18T10:37:01+00:00\" \/>\n<meta property=\"article:modified_time\" content=\"2024-10-18T13:57:19+00:00\" \/>\n<meta property=\"og:image\" content=\"https:\/\/lapinedaplatja.info\/wp-content\/uploads\/2024\/10\/sise-primera-2.jpg\" \/>\n\t<meta property=\"og:image:width\" content=\"1920\" \/>\n\t<meta property=\"og:image:height\" content=\"1039\" \/>\n\t<meta property=\"og:image:type\" content=\"image\/jpeg\" \/>\n<meta name=\"author\" content=\"nerea\" \/>\n<meta name=\"twitter:card\" content=\"summary_large_image\" \/>\n<meta name=\"twitter:creator\" content=\"@lapinedaplatja\" \/>\n<meta name=\"twitter:site\" content=\"@lapinedaplatja\" \/>\n<meta name=\"twitter:label1\" content=\"Escrito por\" \/>\n\t<meta name=\"twitter:data1\" content=\"nerea\" \/>\n\t<meta name=\"twitter:label2\" content=\"Tiempo de lectura\" \/>\n\t<meta name=\"twitter:data2\" content=\"5 minutos\" \/>\n<script type=\"application\/ld+json\" class=\"yoast-schema-graph\">{\"@context\":\"https:\/\/schema.org\",\"@graph\":[{\"@type\":\"Article\",\"@id\":\"https:\/\/lapinedaplatja.info\/es\/cinc-films-seleccionats-pel-festival-de-curtmetratges-de-vila-seca-opten-a-ser-nominats-als-premis-goya\/#article\",\"isPartOf\":{\"@id\":\"https:\/\/lapinedaplatja.info\/es\/cinc-films-seleccionats-pel-festival-de-curtmetratges-de-vila-seca-opten-a-ser-nominats-als-premis-goya\/\"},\"author\":{\"name\":\"nerea\",\"@id\":\"https:\/\/lapinedaplatja.info\/es\/#\/schema\/person\/29107b3d900b8d3c355b438d5f31edcf\"},\"headline\":\"Ocho films seleccionados para el Festival de Cortometrajes de Vila-seca optan a ser nominados a los Premios Goya\",\"datePublished\":\"2024-10-18T10:37:01+00:00\",\"dateModified\":\"2024-10-18T13:57:19+00:00\",\"mainEntityOfPage\":{\"@id\":\"https:\/\/lapinedaplatja.info\/es\/cinc-films-seleccionats-pel-festival-de-curtmetratges-de-vila-seca-opten-a-ser-nominats-als-premis-goya\/\"},\"wordCount\":928,\"publisher\":{\"@id\":\"https:\/\/lapinedaplatja.info\/es\/#organization\"},\"image\":{\"@id\":\"https:\/\/lapinedaplatja.info\/es\/cinc-films-seleccionats-pel-festival-de-curtmetratges-de-vila-seca-opten-a-ser-nominats-als-premis-goya\/#primaryimage\"},\"thumbnailUrl\":\"https:\/\/lapinedaplatja.info\/wp-content\/uploads\/2024\/10\/sise-primera-2.jpg\",\"articleSection\":[\"Not\u00edcies\"],\"inLanguage\":\"es\"},{\"@type\":\"WebPage\",\"@id\":\"https:\/\/lapinedaplatja.info\/es\/cinc-films-seleccionats-pel-festival-de-curtmetratges-de-vila-seca-opten-a-ser-nominats-als-premis-goya\/\",\"url\":\"https:\/\/lapinedaplatja.info\/es\/cinc-films-seleccionats-pel-festival-de-curtmetratges-de-vila-seca-opten-a-ser-nominats-als-premis-goya\/\",\"name\":\"Ocho films seleccionados para el Festival de Cortometrajes de Vila-seca optan a ser nominados a los Premios Goya | Vila-seca\",\"isPartOf\":{\"@id\":\"https:\/\/lapinedaplatja.info\/es\/#website\"},\"primaryImageOfPage\":{\"@id\":\"https:\/\/lapinedaplatja.info\/es\/cinc-films-seleccionats-pel-festival-de-curtmetratges-de-vila-seca-opten-a-ser-nominats-als-premis-goya\/#primaryimage\"},\"image\":{\"@id\":\"https:\/\/lapinedaplatja.info\/es\/cinc-films-seleccionats-pel-festival-de-curtmetratges-de-vila-seca-opten-a-ser-nominats-als-premis-goya\/#primaryimage\"},\"thumbnailUrl\":\"https:\/\/lapinedaplatja.info\/wp-content\/uploads\/2024\/10\/sise-primera-2.jpg\",\"datePublished\":\"2024-10-18T10:37:01+00:00\",\"dateModified\":\"2024-10-18T13:57:19+00:00\",\"description\":\"Ocho cortometrajes seleccionados por el equipo de programaci\u00f3n del Festival Internacional de Cortometrajes de Vila-seca (FICVI) optan a ser nominados a\",\"breadcrumb\":{\"@id\":\"https:\/\/lapinedaplatja.info\/es\/cinc-films-seleccionats-pel-festival-de-curtmetratges-de-vila-seca-opten-a-ser-nominats-als-premis-goya\/#breadcrumb\"},\"inLanguage\":\"es\",\"potentialAction\":[{\"@type\":\"ReadAction\",\"target\":[\"https:\/\/lapinedaplatja.info\/es\/cinc-films-seleccionats-pel-festival-de-curtmetratges-de-vila-seca-opten-a-ser-nominats-als-premis-goya\/\"]}]},{\"@type\":\"ImageObject\",\"inLanguage\":\"es\",\"@id\":\"https:\/\/lapinedaplatja.info\/es\/cinc-films-seleccionats-pel-festival-de-curtmetratges-de-vila-seca-opten-a-ser-nominats-als-premis-goya\/#primaryimage\",\"url\":\"https:\/\/lapinedaplatja.info\/wp-content\/uploads\/2024\/10\/sise-primera-2.jpg\",\"contentUrl\":\"https:\/\/lapinedaplatja.info\/wp-content\/uploads\/2024\/10\/sise-primera-2.jpg\",\"width\":1920,\"height\":1039},{\"@type\":\"BreadcrumbList\",\"@id\":\"https:\/\/lapinedaplatja.info\/es\/cinc-films-seleccionats-pel-festival-de-curtmetratges-de-vila-seca-opten-a-ser-nominats-als-premis-goya\/#breadcrumb\",\"itemListElement\":[{\"@type\":\"ListItem\",\"position\":1,\"name\":\"Portada\",\"item\":\"https:\/\/lapinedaplatja.info\/es\/\"},{\"@type\":\"ListItem\",\"position\":2,\"name\":\"Ocho films seleccionados para el Festival de Cortometrajes de Vila-seca optan a ser nominados a los Premios Goya\"}]},{\"@type\":\"WebSite\",\"@id\":\"https:\/\/lapinedaplatja.info\/es\/#website\",\"url\":\"https:\/\/lapinedaplatja.info\/es\/\",\"name\":\"La Pineda Platja | Vila-seca\",\"description\":\"Destinaci\u00f3 de turisme familiar.\",\"publisher\":{\"@id\":\"https:\/\/lapinedaplatja.info\/es\/#organization\"},\"potentialAction\":[{\"@type\":\"SearchAction\",\"target\":{\"@type\":\"EntryPoint\",\"urlTemplate\":\"https:\/\/lapinedaplatja.info\/es\/?s={search_term_string}\"},\"query-input\":{\"@type\":\"PropertyValueSpecification\",\"valueRequired\":true,\"valueName\":\"search_term_string\"}}],\"inLanguage\":\"es\"},{\"@type\":\"Organization\",\"@id\":\"https:\/\/lapinedaplatja.info\/es\/#organization\",\"name\":\"Patronat Municipal de Turisme de Vila-seca\",\"url\":\"https:\/\/lapinedaplatja.info\/es\/\",\"logo\":{\"@type\":\"ImageObject\",\"inLanguage\":\"es\",\"@id\":\"https:\/\/lapinedaplatja.info\/es\/#\/schema\/logo\/image\/\",\"url\":\"https:\/\/lapinedaplatja.info\/wp-content\/uploads\/2018\/10\/cropped-13260099_989491457837088_3488030785405353200_n.jpg\",\"contentUrl\":\"https:\/\/lapinedaplatja.info\/wp-content\/uploads\/2018\/10\/cropped-13260099_989491457837088_3488030785405353200_n.jpg\",\"width\":600,\"height\":600,\"caption\":\"Patronat Municipal de Turisme de Vila-seca\"},\"image\":{\"@id\":\"https:\/\/lapinedaplatja.info\/es\/#\/schema\/logo\/image\/\"},\"sameAs\":[\"https:\/\/www.facebook.com\/lapinedaplatja\/\",\"https:\/\/x.com\/lapinedaplatja\",\"https:\/\/www.instagram.com\/lapinedaplatja\/\"]},{\"@type\":\"Person\",\"@id\":\"https:\/\/lapinedaplatja.info\/es\/#\/schema\/person\/29107b3d900b8d3c355b438d5f31edcf\",\"name\":\"nerea\",\"image\":{\"@type\":\"ImageObject\",\"inLanguage\":\"es\",\"@id\":\"https:\/\/lapinedaplatja.info\/es\/#\/schema\/person\/image\/\",\"url\":\"https:\/\/secure.gravatar.com\/avatar\/d3b9655a037913ef9c32c9777e65c2c8c6eaaf0460db91392b4a3c47c5e66474?s=96&d=mm&r=g\",\"contentUrl\":\"https:\/\/secure.gravatar.com\/avatar\/d3b9655a037913ef9c32c9777e65c2c8c6eaaf0460db91392b4a3c47c5e66474?s=96&d=mm&r=g\",\"caption\":\"nerea\"}}]}<\/script>\n<!-- \/ Yoast SEO plugin. -->","yoast_head_json":{"title":"Ocho films seleccionados para el Festival de Cortometrajes de Vila-seca optan a ser nominados a los Premios Goya | Vila-seca","description":"Ocho cortometrajes seleccionados por el equipo de programaci\u00f3n del Festival Internacional de Cortometrajes de Vila-seca (FICVI) optan a ser nominados a","robots":{"index":"index","follow":"follow","max-snippet":"max-snippet:-1","max-image-preview":"max-image-preview:large","max-video-preview":"max-video-preview:-1"},"canonical":"https:\/\/lapinedaplatja.info\/es\/cinc-films-seleccionats-pel-festival-de-curtmetratges-de-vila-seca-opten-a-ser-nominats-als-premis-goya\/","og_locale":"es_ES","og_type":"article","og_title":"Ocho films seleccionados para el Festival de Cortometrajes de Vila-seca optan a ser nominados a los Premios Goya | Vila-seca","og_description":"Ocho cortometrajes seleccionados por el equipo de programaci\u00f3n del Festival Internacional de Cortometrajes de Vila-seca (FICVI) optan a ser nominados a","og_url":"https:\/\/lapinedaplatja.info\/es\/cinc-films-seleccionats-pel-festival-de-curtmetratges-de-vila-seca-opten-a-ser-nominats-als-premis-goya\/","og_site_name":"Vila-seca","article_publisher":"https:\/\/www.facebook.com\/lapinedaplatja\/","article_published_time":"2024-10-18T10:37:01+00:00","article_modified_time":"2024-10-18T13:57:19+00:00","og_image":[{"width":1920,"height":1039,"url":"https:\/\/lapinedaplatja.info\/wp-content\/uploads\/2024\/10\/sise-primera-2.jpg","type":"image\/jpeg"}],"author":"nerea","twitter_card":"summary_large_image","twitter_creator":"@lapinedaplatja","twitter_site":"@lapinedaplatja","twitter_misc":{"Escrito por":"nerea","Tiempo de lectura":"5 minutos"},"schema":{"@context":"https:\/\/schema.org","@graph":[{"@type":"Article","@id":"https:\/\/lapinedaplatja.info\/es\/cinc-films-seleccionats-pel-festival-de-curtmetratges-de-vila-seca-opten-a-ser-nominats-als-premis-goya\/#article","isPartOf":{"@id":"https:\/\/lapinedaplatja.info\/es\/cinc-films-seleccionats-pel-festival-de-curtmetratges-de-vila-seca-opten-a-ser-nominats-als-premis-goya\/"},"author":{"name":"nerea","@id":"https:\/\/lapinedaplatja.info\/es\/#\/schema\/person\/29107b3d900b8d3c355b438d5f31edcf"},"headline":"Ocho films seleccionados para el Festival de Cortometrajes de Vila-seca optan a ser nominados a los Premios Goya","datePublished":"2024-10-18T10:37:01+00:00","dateModified":"2024-10-18T13:57:19+00:00","mainEntityOfPage":{"@id":"https:\/\/lapinedaplatja.info\/es\/cinc-films-seleccionats-pel-festival-de-curtmetratges-de-vila-seca-opten-a-ser-nominats-als-premis-goya\/"},"wordCount":928,"publisher":{"@id":"https:\/\/lapinedaplatja.info\/es\/#organization"},"image":{"@id":"https:\/\/lapinedaplatja.info\/es\/cinc-films-seleccionats-pel-festival-de-curtmetratges-de-vila-seca-opten-a-ser-nominats-als-premis-goya\/#primaryimage"},"thumbnailUrl":"https:\/\/lapinedaplatja.info\/wp-content\/uploads\/2024\/10\/sise-primera-2.jpg","articleSection":["Not\u00edcies"],"inLanguage":"es"},{"@type":"WebPage","@id":"https:\/\/lapinedaplatja.info\/es\/cinc-films-seleccionats-pel-festival-de-curtmetratges-de-vila-seca-opten-a-ser-nominats-als-premis-goya\/","url":"https:\/\/lapinedaplatja.info\/es\/cinc-films-seleccionats-pel-festival-de-curtmetratges-de-vila-seca-opten-a-ser-nominats-als-premis-goya\/","name":"Ocho films seleccionados para el Festival de Cortometrajes de Vila-seca optan a ser nominados a los Premios Goya | Vila-seca","isPartOf":{"@id":"https:\/\/lapinedaplatja.info\/es\/#website"},"primaryImageOfPage":{"@id":"https:\/\/lapinedaplatja.info\/es\/cinc-films-seleccionats-pel-festival-de-curtmetratges-de-vila-seca-opten-a-ser-nominats-als-premis-goya\/#primaryimage"},"image":{"@id":"https:\/\/lapinedaplatja.info\/es\/cinc-films-seleccionats-pel-festival-de-curtmetratges-de-vila-seca-opten-a-ser-nominats-als-premis-goya\/#primaryimage"},"thumbnailUrl":"https:\/\/lapinedaplatja.info\/wp-content\/uploads\/2024\/10\/sise-primera-2.jpg","datePublished":"2024-10-18T10:37:01+00:00","dateModified":"2024-10-18T13:57:19+00:00","description":"Ocho cortometrajes seleccionados por el equipo de programaci\u00f3n del Festival Internacional de Cortometrajes de Vila-seca (FICVI) optan a ser nominados a","breadcrumb":{"@id":"https:\/\/lapinedaplatja.info\/es\/cinc-films-seleccionats-pel-festival-de-curtmetratges-de-vila-seca-opten-a-ser-nominats-als-premis-goya\/#breadcrumb"},"inLanguage":"es","potentialAction":[{"@type":"ReadAction","target":["https:\/\/lapinedaplatja.info\/es\/cinc-films-seleccionats-pel-festival-de-curtmetratges-de-vila-seca-opten-a-ser-nominats-als-premis-goya\/"]}]},{"@type":"ImageObject","inLanguage":"es","@id":"https:\/\/lapinedaplatja.info\/es\/cinc-films-seleccionats-pel-festival-de-curtmetratges-de-vila-seca-opten-a-ser-nominats-als-premis-goya\/#primaryimage","url":"https:\/\/lapinedaplatja.info\/wp-content\/uploads\/2024\/10\/sise-primera-2.jpg","contentUrl":"https:\/\/lapinedaplatja.info\/wp-content\/uploads\/2024\/10\/sise-primera-2.jpg","width":1920,"height":1039},{"@type":"BreadcrumbList","@id":"https:\/\/lapinedaplatja.info\/es\/cinc-films-seleccionats-pel-festival-de-curtmetratges-de-vila-seca-opten-a-ser-nominats-als-premis-goya\/#breadcrumb","itemListElement":[{"@type":"ListItem","position":1,"name":"Portada","item":"https:\/\/lapinedaplatja.info\/es\/"},{"@type":"ListItem","position":2,"name":"Ocho films seleccionados para el Festival de Cortometrajes de Vila-seca optan a ser nominados a los Premios Goya"}]},{"@type":"WebSite","@id":"https:\/\/lapinedaplatja.info\/es\/#website","url":"https:\/\/lapinedaplatja.info\/es\/","name":"La Pineda Platja | Vila-seca","description":"Destinaci\u00f3 de turisme familiar.","publisher":{"@id":"https:\/\/lapinedaplatja.info\/es\/#organization"},"potentialAction":[{"@type":"SearchAction","target":{"@type":"EntryPoint","urlTemplate":"https:\/\/lapinedaplatja.info\/es\/?s={search_term_string}"},"query-input":{"@type":"PropertyValueSpecification","valueRequired":true,"valueName":"search_term_string"}}],"inLanguage":"es"},{"@type":"Organization","@id":"https:\/\/lapinedaplatja.info\/es\/#organization","name":"Patronat Municipal de Turisme de Vila-seca","url":"https:\/\/lapinedaplatja.info\/es\/","logo":{"@type":"ImageObject","inLanguage":"es","@id":"https:\/\/lapinedaplatja.info\/es\/#\/schema\/logo\/image\/","url":"https:\/\/lapinedaplatja.info\/wp-content\/uploads\/2018\/10\/cropped-13260099_989491457837088_3488030785405353200_n.jpg","contentUrl":"https:\/\/lapinedaplatja.info\/wp-content\/uploads\/2018\/10\/cropped-13260099_989491457837088_3488030785405353200_n.jpg","width":600,"height":600,"caption":"Patronat Municipal de Turisme de Vila-seca"},"image":{"@id":"https:\/\/lapinedaplatja.info\/es\/#\/schema\/logo\/image\/"},"sameAs":["https:\/\/www.facebook.com\/lapinedaplatja\/","https:\/\/x.com\/lapinedaplatja","https:\/\/www.instagram.com\/lapinedaplatja\/"]},{"@type":"Person","@id":"https:\/\/lapinedaplatja.info\/es\/#\/schema\/person\/29107b3d900b8d3c355b438d5f31edcf","name":"nerea","image":{"@type":"ImageObject","inLanguage":"es","@id":"https:\/\/lapinedaplatja.info\/es\/#\/schema\/person\/image\/","url":"https:\/\/secure.gravatar.com\/avatar\/d3b9655a037913ef9c32c9777e65c2c8c6eaaf0460db91392b4a3c47c5e66474?s=96&d=mm&r=g","contentUrl":"https:\/\/secure.gravatar.com\/avatar\/d3b9655a037913ef9c32c9777e65c2c8c6eaaf0460db91392b4a3c47c5e66474?s=96&d=mm&r=g","caption":"nerea"}}]}},"_links":{"self":[{"href":"https:\/\/lapinedaplatja.info\/es\/wp-json\/wp\/v2\/posts\/28152","targetHints":{"allow":["GET"]}}],"collection":[{"href":"https:\/\/lapinedaplatja.info\/es\/wp-json\/wp\/v2\/posts"}],"about":[{"href":"https:\/\/lapinedaplatja.info\/es\/wp-json\/wp\/v2\/types\/post"}],"author":[{"embeddable":true,"href":"https:\/\/lapinedaplatja.info\/es\/wp-json\/wp\/v2\/users\/4"}],"replies":[{"embeddable":true,"href":"https:\/\/lapinedaplatja.info\/es\/wp-json\/wp\/v2\/comments?post=28152"}],"version-history":[{"count":0,"href":"https:\/\/lapinedaplatja.info\/es\/wp-json\/wp\/v2\/posts\/28152\/revisions"}],"wp:featuredmedia":[{"embeddable":true,"href":"https:\/\/lapinedaplatja.info\/es\/wp-json\/wp\/v2\/media\/28151"}],"wp:attachment":[{"href":"https:\/\/lapinedaplatja.info\/es\/wp-json\/wp\/v2\/media?parent=28152"}],"wp:term":[{"taxonomy":"category","embeddable":true,"href":"https:\/\/lapinedaplatja.info\/es\/wp-json\/wp\/v2\/categories?post=28152"},{"taxonomy":"post_tag","embeddable":true,"href":"https:\/\/lapinedaplatja.info\/es\/wp-json\/wp\/v2\/tags?post=28152"}],"curies":[{"name":"wp","href":"https:\/\/api.w.org\/{rel}","templated":true}]}}