{"id":28325,"date":"2025-01-30T11:41:43","date_gmt":"2025-01-30T10:41:43","guid":{"rendered":"https:\/\/lapinedaplatja.info\/vila-seca-inicia-la-promocio-turistica-de-2025-amb-la-seva-presencia-a-fitur\/"},"modified":"2025-01-30T11:43:19","modified_gmt":"2025-01-30T10:43:19","slug":"vila-seca-inicia-la-promocio-turistica-de-2025-amb-la-seva-presencia-a-fitur","status":"publish","type":"post","link":"https:\/\/lapinedaplatja.info\/es\/vila-seca-inicia-la-promocio-turistica-de-2025-amb-la-seva-presencia-a-fitur\/","title":{"rendered":"Vila-seca inicia la promoci\u00f3n tur\u00edstica de 2025 con su presencia en FITUR"},"content":{"rendered":"<p>Vila-seca inicia su calendario promocional de 2025 reafirmando su compromiso con el turismo internacional mediante su participaci\u00f3n en FITUR, una de las ferias m\u00e1s importantes del sector, que se celebr\u00f3 en Madrid del 22 al 26 de enero. La presencia del municipio en este evento se lleva a cabo en colaboraci\u00f3n con la Alian\u00e7a Tur\u00edstica, formada por Cambrils, Salou, Reus y Vila-seca, bajo la coordinaci\u00f3n del Patronato de Turismo de la Diputaci\u00f3n de Tarragona y la marca Costa Daurada, as\u00ed como la Agencia Catalana de Turismo con la marca Catalunya Experience.<\/p>\n<p>En FITUR, Vila-seca presenta su oferta tur\u00edstica basada en el turismo familiar, cultural, gastron\u00f3mico y de experiencias, con un \u00e9nfasis especial en la sostenibilidad y la innovaci\u00f3n. El principal objetivo de su participaci\u00f3n es consolidarse como un destino de referencia y establecer alianzas con operadores tur\u00edsticos para atraer nuevos visitantes internacionales, especialmente de mercados emergentes.<\/p>\n<p>Con esta acci\u00f3n promocional, Vila-seca refuerza su posicionamiento dentro de la Costa Daurada como un destino que combina naturaleza, cultura y experiencias familiares de calidad. Adem\u00e1s, FITUR se convierte en una oportunidad estrat\u00e9gica para mostrar su compromiso con un modelo tur\u00edstico sostenible y competitivo, asegurando un futuro de crecimiento y \u00e9xitos para el municipio.<\/p>\n","protected":false},"excerpt":{"rendered":"<p>Vila-seca inicia su calendario promocional de 2025 reafirmando su compromiso con el turismo internacional mediante su participaci\u00f3n en FITUR, una de las ferias m\u00e1s importantes del sector, que se celebr\u00f3 en Madrid del 22 al 26 de enero. La presencia del municipio en este evento se lleva a cabo en [&hellip;]<\/p>\n","protected":false},"author":4,"featured_media":28321,"comment_status":"closed","ping_status":"open","sticky":false,"template":"","format":"standard","meta":{"_acf_changed":false,"footnotes":""},"categories":[158],"tags":[],"class_list":["post-28325","post","type-post","status-publish","format-standard","has-post-thumbnail","hentry","category-noticies-es"],"acf":[],"yoast_head":"<!-- This site is optimized with the Yoast SEO plugin v26.6 - https:\/\/yoast.com\/wordpress\/plugins\/seo\/ -->\n<title>Vila-seca inicia la promoci\u00f3n tur\u00edstica de 2025 con su presencia en FITUR | Vila-seca<\/title>\n<meta name=\"description\" content=\"Vila-seca inicia su calendario promocional de 2025 reafirmando su compromiso con el turismo internacional mediante su participaci\u00f3n en FITUR, una de las\" \/>\n<meta name=\"robots\" content=\"index, follow, max-snippet:-1, max-image-preview:large, max-video-preview:-1\" \/>\n<link rel=\"canonical\" href=\"https:\/\/lapinedaplatja.info\/es\/vila-seca-inicia-la-promocio-turistica-de-2025-amb-la-seva-presencia-a-fitur\/\" \/>\n<meta property=\"og:locale\" content=\"es_ES\" \/>\n<meta property=\"og:type\" content=\"article\" \/>\n<meta property=\"og:title\" content=\"Vila-seca inicia la promoci\u00f3n tur\u00edstica de 2025 con su presencia en FITUR | Vila-seca\" \/>\n<meta property=\"og:description\" content=\"Vila-seca inicia su calendario promocional de 2025 reafirmando su compromiso con el turismo internacional mediante su participaci\u00f3n en FITUR, una de las\" \/>\n<meta property=\"og:url\" content=\"https:\/\/lapinedaplatja.info\/es\/vila-seca-inicia-la-promocio-turistica-de-2025-amb-la-seva-presencia-a-fitur\/\" \/>\n<meta property=\"og:site_name\" content=\"Vila-seca\" \/>\n<meta property=\"article:publisher\" content=\"https:\/\/www.facebook.com\/lapinedaplatja\/\" \/>\n<meta property=\"article:published_time\" content=\"2025-01-30T10:41:43+00:00\" \/>\n<meta property=\"article:modified_time\" content=\"2025-01-30T10:43:19+00:00\" \/>\n<meta property=\"og:image\" content=\"https:\/\/lapinedaplatja.info\/wp-content\/uploads\/2025\/01\/df90b87d-cb35-446e-8314-bd82c83eab4b.jpg\" \/>\n\t<meta property=\"og:image:width\" content=\"1600\" \/>\n\t<meta property=\"og:image:height\" content=\"1200\" \/>\n\t<meta property=\"og:image:type\" content=\"image\/jpeg\" \/>\n<meta name=\"author\" content=\"nerea\" \/>\n<meta name=\"twitter:card\" content=\"summary_large_image\" \/>\n<meta name=\"twitter:creator\" content=\"@lapinedaplatja\" \/>\n<meta name=\"twitter:site\" content=\"@lapinedaplatja\" \/>\n<meta name=\"twitter:label1\" content=\"Escrito por\" \/>\n\t<meta name=\"twitter:data1\" content=\"nerea\" \/>\n\t<meta name=\"twitter:label2\" content=\"Tiempo de lectura\" \/>\n\t<meta name=\"twitter:data2\" content=\"2 minutos\" \/>\n<script type=\"application\/ld+json\" class=\"yoast-schema-graph\">{\"@context\":\"https:\/\/schema.org\",\"@graph\":[{\"@type\":\"Article\",\"@id\":\"https:\/\/lapinedaplatja.info\/es\/vila-seca-inicia-la-promocio-turistica-de-2025-amb-la-seva-presencia-a-fitur\/#article\",\"isPartOf\":{\"@id\":\"https:\/\/lapinedaplatja.info\/es\/vila-seca-inicia-la-promocio-turistica-de-2025-amb-la-seva-presencia-a-fitur\/\"},\"author\":{\"name\":\"nerea\",\"@id\":\"https:\/\/lapinedaplatja.info\/es\/#\/schema\/person\/29107b3d900b8d3c355b438d5f31edcf\"},\"headline\":\"Vila-seca inicia la promoci\u00f3n tur\u00edstica de 2025 con su presencia en FITUR\",\"datePublished\":\"2025-01-30T10:41:43+00:00\",\"dateModified\":\"2025-01-30T10:43:19+00:00\",\"mainEntityOfPage\":{\"@id\":\"https:\/\/lapinedaplatja.info\/es\/vila-seca-inicia-la-promocio-turistica-de-2025-amb-la-seva-presencia-a-fitur\/\"},\"wordCount\":226,\"publisher\":{\"@id\":\"https:\/\/lapinedaplatja.info\/es\/#organization\"},\"image\":{\"@id\":\"https:\/\/lapinedaplatja.info\/es\/vila-seca-inicia-la-promocio-turistica-de-2025-amb-la-seva-presencia-a-fitur\/#primaryimage\"},\"thumbnailUrl\":\"https:\/\/lapinedaplatja.info\/wp-content\/uploads\/2025\/01\/df90b87d-cb35-446e-8314-bd82c83eab4b.jpg\",\"articleSection\":[\"Not\u00edcies\"],\"inLanguage\":\"es\"},{\"@type\":\"WebPage\",\"@id\":\"https:\/\/lapinedaplatja.info\/es\/vila-seca-inicia-la-promocio-turistica-de-2025-amb-la-seva-presencia-a-fitur\/\",\"url\":\"https:\/\/lapinedaplatja.info\/es\/vila-seca-inicia-la-promocio-turistica-de-2025-amb-la-seva-presencia-a-fitur\/\",\"name\":\"Vila-seca inicia la promoci\u00f3n tur\u00edstica de 2025 con su presencia en FITUR | Vila-seca\",\"isPartOf\":{\"@id\":\"https:\/\/lapinedaplatja.info\/es\/#website\"},\"primaryImageOfPage\":{\"@id\":\"https:\/\/lapinedaplatja.info\/es\/vila-seca-inicia-la-promocio-turistica-de-2025-amb-la-seva-presencia-a-fitur\/#primaryimage\"},\"image\":{\"@id\":\"https:\/\/lapinedaplatja.info\/es\/vila-seca-inicia-la-promocio-turistica-de-2025-amb-la-seva-presencia-a-fitur\/#primaryimage\"},\"thumbnailUrl\":\"https:\/\/lapinedaplatja.info\/wp-content\/uploads\/2025\/01\/df90b87d-cb35-446e-8314-bd82c83eab4b.jpg\",\"datePublished\":\"2025-01-30T10:41:43+00:00\",\"dateModified\":\"2025-01-30T10:43:19+00:00\",\"description\":\"Vila-seca inicia su calendario promocional de 2025 reafirmando su compromiso con el turismo internacional mediante su participaci\u00f3n en FITUR, una de las\",\"breadcrumb\":{\"@id\":\"https:\/\/lapinedaplatja.info\/es\/vila-seca-inicia-la-promocio-turistica-de-2025-amb-la-seva-presencia-a-fitur\/#breadcrumb\"},\"inLanguage\":\"es\",\"potentialAction\":[{\"@type\":\"ReadAction\",\"target\":[\"https:\/\/lapinedaplatja.info\/es\/vila-seca-inicia-la-promocio-turistica-de-2025-amb-la-seva-presencia-a-fitur\/\"]}]},{\"@type\":\"ImageObject\",\"inLanguage\":\"es\",\"@id\":\"https:\/\/lapinedaplatja.info\/es\/vila-seca-inicia-la-promocio-turistica-de-2025-amb-la-seva-presencia-a-fitur\/#primaryimage\",\"url\":\"https:\/\/lapinedaplatja.info\/wp-content\/uploads\/2025\/01\/df90b87d-cb35-446e-8314-bd82c83eab4b.jpg\",\"contentUrl\":\"https:\/\/lapinedaplatja.info\/wp-content\/uploads\/2025\/01\/df90b87d-cb35-446e-8314-bd82c83eab4b.jpg\",\"width\":1600,\"height\":1200},{\"@type\":\"BreadcrumbList\",\"@id\":\"https:\/\/lapinedaplatja.info\/es\/vila-seca-inicia-la-promocio-turistica-de-2025-amb-la-seva-presencia-a-fitur\/#breadcrumb\",\"itemListElement\":[{\"@type\":\"ListItem\",\"position\":1,\"name\":\"Portada\",\"item\":\"https:\/\/lapinedaplatja.info\/es\/\"},{\"@type\":\"ListItem\",\"position\":2,\"name\":\"Vila-seca inicia la promoci\u00f3n tur\u00edstica de 2025 con su presencia en FITUR\"}]},{\"@type\":\"WebSite\",\"@id\":\"https:\/\/lapinedaplatja.info\/es\/#website\",\"url\":\"https:\/\/lapinedaplatja.info\/es\/\",\"name\":\"La Pineda Platja | Vila-seca\",\"description\":\"Destinaci\u00f3 de turisme familiar.\",\"publisher\":{\"@id\":\"https:\/\/lapinedaplatja.info\/es\/#organization\"},\"potentialAction\":[{\"@type\":\"SearchAction\",\"target\":{\"@type\":\"EntryPoint\",\"urlTemplate\":\"https:\/\/lapinedaplatja.info\/es\/?s={search_term_string}\"},\"query-input\":{\"@type\":\"PropertyValueSpecification\",\"valueRequired\":true,\"valueName\":\"search_term_string\"}}],\"inLanguage\":\"es\"},{\"@type\":\"Organization\",\"@id\":\"https:\/\/lapinedaplatja.info\/es\/#organization\",\"name\":\"Patronat Municipal de Turisme de Vila-seca\",\"url\":\"https:\/\/lapinedaplatja.info\/es\/\",\"logo\":{\"@type\":\"ImageObject\",\"inLanguage\":\"es\",\"@id\":\"https:\/\/lapinedaplatja.info\/es\/#\/schema\/logo\/image\/\",\"url\":\"https:\/\/lapinedaplatja.info\/wp-content\/uploads\/2018\/10\/cropped-13260099_989491457837088_3488030785405353200_n.jpg\",\"contentUrl\":\"https:\/\/lapinedaplatja.info\/wp-content\/uploads\/2018\/10\/cropped-13260099_989491457837088_3488030785405353200_n.jpg\",\"width\":600,\"height\":600,\"caption\":\"Patronat Municipal de Turisme de Vila-seca\"},\"image\":{\"@id\":\"https:\/\/lapinedaplatja.info\/es\/#\/schema\/logo\/image\/\"},\"sameAs\":[\"https:\/\/www.facebook.com\/lapinedaplatja\/\",\"https:\/\/x.com\/lapinedaplatja\",\"https:\/\/www.instagram.com\/lapinedaplatja\/\"]},{\"@type\":\"Person\",\"@id\":\"https:\/\/lapinedaplatja.info\/es\/#\/schema\/person\/29107b3d900b8d3c355b438d5f31edcf\",\"name\":\"nerea\",\"image\":{\"@type\":\"ImageObject\",\"inLanguage\":\"es\",\"@id\":\"https:\/\/lapinedaplatja.info\/es\/#\/schema\/person\/image\/\",\"url\":\"https:\/\/secure.gravatar.com\/avatar\/d3b9655a037913ef9c32c9777e65c2c8c6eaaf0460db91392b4a3c47c5e66474?s=96&d=mm&r=g\",\"contentUrl\":\"https:\/\/secure.gravatar.com\/avatar\/d3b9655a037913ef9c32c9777e65c2c8c6eaaf0460db91392b4a3c47c5e66474?s=96&d=mm&r=g\",\"caption\":\"nerea\"}}]}<\/script>\n<!-- \/ Yoast SEO plugin. -->","yoast_head_json":{"title":"Vila-seca inicia la promoci\u00f3n tur\u00edstica de 2025 con su presencia en FITUR | Vila-seca","description":"Vila-seca inicia su calendario promocional de 2025 reafirmando su compromiso con el turismo internacional mediante su participaci\u00f3n en FITUR, una de las","robots":{"index":"index","follow":"follow","max-snippet":"max-snippet:-1","max-image-preview":"max-image-preview:large","max-video-preview":"max-video-preview:-1"},"canonical":"https:\/\/lapinedaplatja.info\/es\/vila-seca-inicia-la-promocio-turistica-de-2025-amb-la-seva-presencia-a-fitur\/","og_locale":"es_ES","og_type":"article","og_title":"Vila-seca inicia la promoci\u00f3n tur\u00edstica de 2025 con su presencia en FITUR | Vila-seca","og_description":"Vila-seca inicia su calendario promocional de 2025 reafirmando su compromiso con el turismo internacional mediante su participaci\u00f3n en FITUR, una de las","og_url":"https:\/\/lapinedaplatja.info\/es\/vila-seca-inicia-la-promocio-turistica-de-2025-amb-la-seva-presencia-a-fitur\/","og_site_name":"Vila-seca","article_publisher":"https:\/\/www.facebook.com\/lapinedaplatja\/","article_published_time":"2025-01-30T10:41:43+00:00","article_modified_time":"2025-01-30T10:43:19+00:00","og_image":[{"width":1600,"height":1200,"url":"https:\/\/lapinedaplatja.info\/wp-content\/uploads\/2025\/01\/df90b87d-cb35-446e-8314-bd82c83eab4b.jpg","type":"image\/jpeg"}],"author":"nerea","twitter_card":"summary_large_image","twitter_creator":"@lapinedaplatja","twitter_site":"@lapinedaplatja","twitter_misc":{"Escrito por":"nerea","Tiempo de lectura":"2 minutos"},"schema":{"@context":"https:\/\/schema.org","@graph":[{"@type":"Article","@id":"https:\/\/lapinedaplatja.info\/es\/vila-seca-inicia-la-promocio-turistica-de-2025-amb-la-seva-presencia-a-fitur\/#article","isPartOf":{"@id":"https:\/\/lapinedaplatja.info\/es\/vila-seca-inicia-la-promocio-turistica-de-2025-amb-la-seva-presencia-a-fitur\/"},"author":{"name":"nerea","@id":"https:\/\/lapinedaplatja.info\/es\/#\/schema\/person\/29107b3d900b8d3c355b438d5f31edcf"},"headline":"Vila-seca inicia la promoci\u00f3n tur\u00edstica de 2025 con su presencia en FITUR","datePublished":"2025-01-30T10:41:43+00:00","dateModified":"2025-01-30T10:43:19+00:00","mainEntityOfPage":{"@id":"https:\/\/lapinedaplatja.info\/es\/vila-seca-inicia-la-promocio-turistica-de-2025-amb-la-seva-presencia-a-fitur\/"},"wordCount":226,"publisher":{"@id":"https:\/\/lapinedaplatja.info\/es\/#organization"},"image":{"@id":"https:\/\/lapinedaplatja.info\/es\/vila-seca-inicia-la-promocio-turistica-de-2025-amb-la-seva-presencia-a-fitur\/#primaryimage"},"thumbnailUrl":"https:\/\/lapinedaplatja.info\/wp-content\/uploads\/2025\/01\/df90b87d-cb35-446e-8314-bd82c83eab4b.jpg","articleSection":["Not\u00edcies"],"inLanguage":"es"},{"@type":"WebPage","@id":"https:\/\/lapinedaplatja.info\/es\/vila-seca-inicia-la-promocio-turistica-de-2025-amb-la-seva-presencia-a-fitur\/","url":"https:\/\/lapinedaplatja.info\/es\/vila-seca-inicia-la-promocio-turistica-de-2025-amb-la-seva-presencia-a-fitur\/","name":"Vila-seca inicia la promoci\u00f3n tur\u00edstica de 2025 con su presencia en FITUR | Vila-seca","isPartOf":{"@id":"https:\/\/lapinedaplatja.info\/es\/#website"},"primaryImageOfPage":{"@id":"https:\/\/lapinedaplatja.info\/es\/vila-seca-inicia-la-promocio-turistica-de-2025-amb-la-seva-presencia-a-fitur\/#primaryimage"},"image":{"@id":"https:\/\/lapinedaplatja.info\/es\/vila-seca-inicia-la-promocio-turistica-de-2025-amb-la-seva-presencia-a-fitur\/#primaryimage"},"thumbnailUrl":"https:\/\/lapinedaplatja.info\/wp-content\/uploads\/2025\/01\/df90b87d-cb35-446e-8314-bd82c83eab4b.jpg","datePublished":"2025-01-30T10:41:43+00:00","dateModified":"2025-01-30T10:43:19+00:00","description":"Vila-seca inicia su calendario promocional de 2025 reafirmando su compromiso con el turismo internacional mediante su participaci\u00f3n en FITUR, una de las","breadcrumb":{"@id":"https:\/\/lapinedaplatja.info\/es\/vila-seca-inicia-la-promocio-turistica-de-2025-amb-la-seva-presencia-a-fitur\/#breadcrumb"},"inLanguage":"es","potentialAction":[{"@type":"ReadAction","target":["https:\/\/lapinedaplatja.info\/es\/vila-seca-inicia-la-promocio-turistica-de-2025-amb-la-seva-presencia-a-fitur\/"]}]},{"@type":"ImageObject","inLanguage":"es","@id":"https:\/\/lapinedaplatja.info\/es\/vila-seca-inicia-la-promocio-turistica-de-2025-amb-la-seva-presencia-a-fitur\/#primaryimage","url":"https:\/\/lapinedaplatja.info\/wp-content\/uploads\/2025\/01\/df90b87d-cb35-446e-8314-bd82c83eab4b.jpg","contentUrl":"https:\/\/lapinedaplatja.info\/wp-content\/uploads\/2025\/01\/df90b87d-cb35-446e-8314-bd82c83eab4b.jpg","width":1600,"height":1200},{"@type":"BreadcrumbList","@id":"https:\/\/lapinedaplatja.info\/es\/vila-seca-inicia-la-promocio-turistica-de-2025-amb-la-seva-presencia-a-fitur\/#breadcrumb","itemListElement":[{"@type":"ListItem","position":1,"name":"Portada","item":"https:\/\/lapinedaplatja.info\/es\/"},{"@type":"ListItem","position":2,"name":"Vila-seca inicia la promoci\u00f3n tur\u00edstica de 2025 con su presencia en FITUR"}]},{"@type":"WebSite","@id":"https:\/\/lapinedaplatja.info\/es\/#website","url":"https:\/\/lapinedaplatja.info\/es\/","name":"La Pineda Platja | Vila-seca","description":"Destinaci\u00f3 de turisme familiar.","publisher":{"@id":"https:\/\/lapinedaplatja.info\/es\/#organization"},"potentialAction":[{"@type":"SearchAction","target":{"@type":"EntryPoint","urlTemplate":"https:\/\/lapinedaplatja.info\/es\/?s={search_term_string}"},"query-input":{"@type":"PropertyValueSpecification","valueRequired":true,"valueName":"search_term_string"}}],"inLanguage":"es"},{"@type":"Organization","@id":"https:\/\/lapinedaplatja.info\/es\/#organization","name":"Patronat Municipal de Turisme de Vila-seca","url":"https:\/\/lapinedaplatja.info\/es\/","logo":{"@type":"ImageObject","inLanguage":"es","@id":"https:\/\/lapinedaplatja.info\/es\/#\/schema\/logo\/image\/","url":"https:\/\/lapinedaplatja.info\/wp-content\/uploads\/2018\/10\/cropped-13260099_989491457837088_3488030785405353200_n.jpg","contentUrl":"https:\/\/lapinedaplatja.info\/wp-content\/uploads\/2018\/10\/cropped-13260099_989491457837088_3488030785405353200_n.jpg","width":600,"height":600,"caption":"Patronat Municipal de Turisme de Vila-seca"},"image":{"@id":"https:\/\/lapinedaplatja.info\/es\/#\/schema\/logo\/image\/"},"sameAs":["https:\/\/www.facebook.com\/lapinedaplatja\/","https:\/\/x.com\/lapinedaplatja","https:\/\/www.instagram.com\/lapinedaplatja\/"]},{"@type":"Person","@id":"https:\/\/lapinedaplatja.info\/es\/#\/schema\/person\/29107b3d900b8d3c355b438d5f31edcf","name":"nerea","image":{"@type":"ImageObject","inLanguage":"es","@id":"https:\/\/lapinedaplatja.info\/es\/#\/schema\/person\/image\/","url":"https:\/\/secure.gravatar.com\/avatar\/d3b9655a037913ef9c32c9777e65c2c8c6eaaf0460db91392b4a3c47c5e66474?s=96&d=mm&r=g","contentUrl":"https:\/\/secure.gravatar.com\/avatar\/d3b9655a037913ef9c32c9777e65c2c8c6eaaf0460db91392b4a3c47c5e66474?s=96&d=mm&r=g","caption":"nerea"}}]}},"_links":{"self":[{"href":"https:\/\/lapinedaplatja.info\/es\/wp-json\/wp\/v2\/posts\/28325","targetHints":{"allow":["GET"]}}],"collection":[{"href":"https:\/\/lapinedaplatja.info\/es\/wp-json\/wp\/v2\/posts"}],"about":[{"href":"https:\/\/lapinedaplatja.info\/es\/wp-json\/wp\/v2\/types\/post"}],"author":[{"embeddable":true,"href":"https:\/\/lapinedaplatja.info\/es\/wp-json\/wp\/v2\/users\/4"}],"replies":[{"embeddable":true,"href":"https:\/\/lapinedaplatja.info\/es\/wp-json\/wp\/v2\/comments?post=28325"}],"version-history":[{"count":0,"href":"https:\/\/lapinedaplatja.info\/es\/wp-json\/wp\/v2\/posts\/28325\/revisions"}],"wp:featuredmedia":[{"embeddable":true,"href":"https:\/\/lapinedaplatja.info\/es\/wp-json\/wp\/v2\/media\/28321"}],"wp:attachment":[{"href":"https:\/\/lapinedaplatja.info\/es\/wp-json\/wp\/v2\/media?parent=28325"}],"wp:term":[{"taxonomy":"category","embeddable":true,"href":"https:\/\/lapinedaplatja.info\/es\/wp-json\/wp\/v2\/categories?post=28325"},{"taxonomy":"post_tag","embeddable":true,"href":"https:\/\/lapinedaplatja.info\/es\/wp-json\/wp\/v2\/tags?post=28325"}],"curies":[{"name":"wp","href":"https:\/\/api.w.org\/{rel}","templated":true}]}}