{"id":37077,"date":"2026-04-30T12:16:49","date_gmt":"2026-04-30T10:16:49","guid":{"rendered":"https:\/\/lapinedaplatja.info\/vila-seca-a-la-cinquena-edicio-de-la-jornada-de-conectividad-aerea\/"},"modified":"2026-04-30T12:18:09","modified_gmt":"2026-04-30T10:18:09","slug":"vila-seca-a-la-cinquena-edicio-de-la-jornada-de-conectividad-aerea","status":"publish","type":"post","link":"https:\/\/lapinedaplatja.info\/es\/vila-seca-a-la-cinquena-edicio-de-la-jornada-de-conectividad-aerea\/","title":{"rendered":"Vila-seca, en la quinta edici\u00f3n de la Jornada de Conectividad A\u00e9rea"},"content":{"rendered":"\n<p>El Patronato Municipal de Turismo de Vila-seca ha participado en la quinta edici\u00f3n de la Jornada de Conectividad A\u00e9rea, celebrada los d\u00edas 28 y 29 de abril en Reus, un encuentro estrat\u00e9gico para el desarrollo de las conexiones a\u00e9reas y la promoci\u00f3n tur\u00edstica del territorio.<\/p>\n\n\n\n<p>El evento, organizado por Turespa\u00f1a y Aena, ha contado con la colaboraci\u00f3n de la Ag\u00e8ncia Catalana de Turisme y el Patronat de Turisme de la Diputaci\u00f3 de Tarragona, y ha reunido a profesionales del sector tur\u00edstico y aeroportuario para compartir conocimiento, estrategias y oportunidades de futuro.<\/p>\n\n\n\n<p>La representaci\u00f3n de Vila-seca ha corrido a cargo de la presidenta del Patronato Municipal de Turismo, Llu\u00efsa Clav\u00e9, junto con el equipo t\u00e9cnico del organismo, reafirmando as\u00ed la implicaci\u00f3n institucional en este tipo de foros especializados.<\/p>\n\n\n\n<p>La jornada se inici\u00f3 el martes 28 de abril con un workshop t\u00e9cnico de reuniones profesionales, orientado a fomentar sinergias entre destinos y operadores.<\/p>\n\n\n\n<p>El mi\u00e9rcoles 29 de abril, el programa se desarroll\u00f3 en el Palau Bofarull, con diversas ponencias y mesas de debate centradas en la conectividad a\u00e9rea, la competitividad de los destinos y las nuevas tendencias del mercado tur\u00edstico.<\/p>\n\n\n\n<p>La participaci\u00f3n de Vila-seca en esta jornada refuerza su compromiso con la mejora de la conectividad del Aeropuerto de Reus y con la promoci\u00f3n de la destinaci\u00f3n Vila-seca, la Pineda Platja, en los mercados emisores internacionales. Este tipo de encuentros se convierten en clave para consolidar alianzas y seguir posicionando la Costa Daurada como un destino tur\u00edstico de referencia durante todo el a\u00f1o.<\/p>\n","protected":false},"excerpt":{"rendered":"<p>El Patronato Municipal de Turismo de Vila-seca ha participado en la quinta edici\u00f3n de la Jornada de Conectividad A\u00e9rea, celebrada los d\u00edas 28 y 29 de abril en Reus, un encuentro estrat\u00e9gico para el desarrollo de las conexiones a\u00e9reas y la promoci\u00f3n tur\u00edstica del territorio. El evento, organizado por Turespa\u00f1a [&hellip;]<\/p>\n","protected":false},"author":4,"featured_media":37075,"comment_status":"closed","ping_status":"open","sticky":false,"template":"","format":"standard","meta":{"_acf_changed":false,"footnotes":""},"categories":[158],"tags":[],"class_list":["post-37077","post","type-post","status-publish","format-standard","has-post-thumbnail","hentry","category-noticies-es"],"acf":[],"yoast_head":"<!-- This site is optimized with the Yoast SEO plugin v26.6 - https:\/\/yoast.com\/wordpress\/plugins\/seo\/ -->\n<title>Vila-seca, en la quinta edici\u00f3n de la Jornada de Conectividad A\u00e9rea | Vila-seca<\/title>\n<meta name=\"description\" content=\"El Patronato Municipal de Turismo de Vila-seca ha participado en la quinta edici\u00f3n de la Jornada de Conectividad A\u00e9rea, celebrada los d\u00edas 28 y 29 de\" \/>\n<meta name=\"robots\" content=\"index, follow, max-snippet:-1, max-image-preview:large, max-video-preview:-1\" \/>\n<link rel=\"canonical\" href=\"https:\/\/lapinedaplatja.info\/es\/vila-seca-a-la-cinquena-edicio-de-la-jornada-de-conectividad-aerea\/\" \/>\n<meta property=\"og:locale\" content=\"es_ES\" \/>\n<meta property=\"og:type\" content=\"article\" \/>\n<meta property=\"og:title\" content=\"Vila-seca, en la quinta edici\u00f3n de la Jornada de Conectividad A\u00e9rea | Vila-seca\" \/>\n<meta property=\"og:description\" content=\"El Patronato Municipal de Turismo de Vila-seca ha participado en la quinta edici\u00f3n de la Jornada de Conectividad A\u00e9rea, celebrada los d\u00edas 28 y 29 de\" \/>\n<meta property=\"og:url\" content=\"https:\/\/lapinedaplatja.info\/es\/vila-seca-a-la-cinquena-edicio-de-la-jornada-de-conectividad-aerea\/\" \/>\n<meta property=\"og:site_name\" content=\"Vila-seca\" \/>\n<meta property=\"article:publisher\" content=\"https:\/\/www.facebook.com\/lapinedaplatja\/\" \/>\n<meta property=\"article:published_time\" content=\"2026-04-30T10:16:49+00:00\" \/>\n<meta property=\"article:modified_time\" content=\"2026-04-30T10:18:09+00:00\" \/>\n<meta property=\"og:image\" content=\"https:\/\/lapinedaplatja.info\/wp-content\/uploads\/2026\/04\/fe9497c2-2e24-4476-80e7-f9f94f71f1ce.jpg\" \/>\n\t<meta property=\"og:image:width\" content=\"640\" \/>\n\t<meta property=\"og:image:height\" content=\"481\" \/>\n\t<meta property=\"og:image:type\" content=\"image\/jpeg\" \/>\n<meta name=\"author\" content=\"nerea\" \/>\n<meta name=\"twitter:card\" content=\"summary_large_image\" \/>\n<meta name=\"twitter:creator\" content=\"@lapinedaplatja\" \/>\n<meta name=\"twitter:site\" content=\"@lapinedaplatja\" \/>\n<meta name=\"twitter:label1\" content=\"Escrito por\" \/>\n\t<meta name=\"twitter:data1\" content=\"nerea\" \/>\n\t<meta name=\"twitter:label2\" content=\"Tiempo de lectura\" \/>\n\t<meta name=\"twitter:data2\" content=\"2 minutos\" \/>\n<script type=\"application\/ld+json\" class=\"yoast-schema-graph\">{\"@context\":\"https:\/\/schema.org\",\"@graph\":[{\"@type\":\"Article\",\"@id\":\"https:\/\/lapinedaplatja.info\/es\/vila-seca-a-la-cinquena-edicio-de-la-jornada-de-conectividad-aerea\/#article\",\"isPartOf\":{\"@id\":\"https:\/\/lapinedaplatja.info\/es\/vila-seca-a-la-cinquena-edicio-de-la-jornada-de-conectividad-aerea\/\"},\"author\":{\"name\":\"nerea\",\"@id\":\"https:\/\/lapinedaplatja.info\/es\/#\/schema\/person\/29107b3d900b8d3c355b438d5f31edcf\"},\"headline\":\"Vila-seca, en la quinta edici\u00f3n de la Jornada de Conectividad A\u00e9rea\",\"datePublished\":\"2026-04-30T10:16:49+00:00\",\"dateModified\":\"2026-04-30T10:18:09+00:00\",\"mainEntityOfPage\":{\"@id\":\"https:\/\/lapinedaplatja.info\/es\/vila-seca-a-la-cinquena-edicio-de-la-jornada-de-conectividad-aerea\/\"},\"wordCount\":284,\"publisher\":{\"@id\":\"https:\/\/lapinedaplatja.info\/es\/#organization\"},\"image\":{\"@id\":\"https:\/\/lapinedaplatja.info\/es\/vila-seca-a-la-cinquena-edicio-de-la-jornada-de-conectividad-aerea\/#primaryimage\"},\"thumbnailUrl\":\"https:\/\/lapinedaplatja.info\/wp-content\/uploads\/2026\/04\/fe9497c2-2e24-4476-80e7-f9f94f71f1ce.jpg\",\"articleSection\":[\"Not\u00edcies\"],\"inLanguage\":\"es\"},{\"@type\":\"WebPage\",\"@id\":\"https:\/\/lapinedaplatja.info\/es\/vila-seca-a-la-cinquena-edicio-de-la-jornada-de-conectividad-aerea\/\",\"url\":\"https:\/\/lapinedaplatja.info\/es\/vila-seca-a-la-cinquena-edicio-de-la-jornada-de-conectividad-aerea\/\",\"name\":\"Vila-seca, en la quinta edici\u00f3n de la Jornada de Conectividad A\u00e9rea | Vila-seca\",\"isPartOf\":{\"@id\":\"https:\/\/lapinedaplatja.info\/es\/#website\"},\"primaryImageOfPage\":{\"@id\":\"https:\/\/lapinedaplatja.info\/es\/vila-seca-a-la-cinquena-edicio-de-la-jornada-de-conectividad-aerea\/#primaryimage\"},\"image\":{\"@id\":\"https:\/\/lapinedaplatja.info\/es\/vila-seca-a-la-cinquena-edicio-de-la-jornada-de-conectividad-aerea\/#primaryimage\"},\"thumbnailUrl\":\"https:\/\/lapinedaplatja.info\/wp-content\/uploads\/2026\/04\/fe9497c2-2e24-4476-80e7-f9f94f71f1ce.jpg\",\"datePublished\":\"2026-04-30T10:16:49+00:00\",\"dateModified\":\"2026-04-30T10:18:09+00:00\",\"description\":\"El Patronato Municipal de Turismo de Vila-seca ha participado en la quinta edici\u00f3n de la Jornada de Conectividad A\u00e9rea, celebrada los d\u00edas 28 y 29 de\",\"breadcrumb\":{\"@id\":\"https:\/\/lapinedaplatja.info\/es\/vila-seca-a-la-cinquena-edicio-de-la-jornada-de-conectividad-aerea\/#breadcrumb\"},\"inLanguage\":\"es\",\"potentialAction\":[{\"@type\":\"ReadAction\",\"target\":[\"https:\/\/lapinedaplatja.info\/es\/vila-seca-a-la-cinquena-edicio-de-la-jornada-de-conectividad-aerea\/\"]}]},{\"@type\":\"ImageObject\",\"inLanguage\":\"es\",\"@id\":\"https:\/\/lapinedaplatja.info\/es\/vila-seca-a-la-cinquena-edicio-de-la-jornada-de-conectividad-aerea\/#primaryimage\",\"url\":\"https:\/\/lapinedaplatja.info\/wp-content\/uploads\/2026\/04\/fe9497c2-2e24-4476-80e7-f9f94f71f1ce.jpg\",\"contentUrl\":\"https:\/\/lapinedaplatja.info\/wp-content\/uploads\/2026\/04\/fe9497c2-2e24-4476-80e7-f9f94f71f1ce.jpg\",\"width\":640,\"height\":481},{\"@type\":\"BreadcrumbList\",\"@id\":\"https:\/\/lapinedaplatja.info\/es\/vila-seca-a-la-cinquena-edicio-de-la-jornada-de-conectividad-aerea\/#breadcrumb\",\"itemListElement\":[{\"@type\":\"ListItem\",\"position\":1,\"name\":\"Portada\",\"item\":\"https:\/\/lapinedaplatja.info\/es\/\"},{\"@type\":\"ListItem\",\"position\":2,\"name\":\"Vila-seca, en la quinta edici\u00f3n de la Jornada de Conectividad A\u00e9rea\"}]},{\"@type\":\"WebSite\",\"@id\":\"https:\/\/lapinedaplatja.info\/es\/#website\",\"url\":\"https:\/\/lapinedaplatja.info\/es\/\",\"name\":\"La Pineda Platja | Vila-seca\",\"description\":\"Destinaci\u00f3 de turisme familiar.\",\"publisher\":{\"@id\":\"https:\/\/lapinedaplatja.info\/es\/#organization\"},\"potentialAction\":[{\"@type\":\"SearchAction\",\"target\":{\"@type\":\"EntryPoint\",\"urlTemplate\":\"https:\/\/lapinedaplatja.info\/es\/?s={search_term_string}\"},\"query-input\":{\"@type\":\"PropertyValueSpecification\",\"valueRequired\":true,\"valueName\":\"search_term_string\"}}],\"inLanguage\":\"es\"},{\"@type\":\"Organization\",\"@id\":\"https:\/\/lapinedaplatja.info\/es\/#organization\",\"name\":\"Patronat Municipal de Turisme de Vila-seca\",\"url\":\"https:\/\/lapinedaplatja.info\/es\/\",\"logo\":{\"@type\":\"ImageObject\",\"inLanguage\":\"es\",\"@id\":\"https:\/\/lapinedaplatja.info\/es\/#\/schema\/logo\/image\/\",\"url\":\"https:\/\/lapinedaplatja.info\/wp-content\/uploads\/2018\/10\/cropped-13260099_989491457837088_3488030785405353200_n.jpg\",\"contentUrl\":\"https:\/\/lapinedaplatja.info\/wp-content\/uploads\/2018\/10\/cropped-13260099_989491457837088_3488030785405353200_n.jpg\",\"width\":600,\"height\":600,\"caption\":\"Patronat Municipal de Turisme de Vila-seca\"},\"image\":{\"@id\":\"https:\/\/lapinedaplatja.info\/es\/#\/schema\/logo\/image\/\"},\"sameAs\":[\"https:\/\/www.facebook.com\/lapinedaplatja\/\",\"https:\/\/x.com\/lapinedaplatja\",\"https:\/\/www.instagram.com\/lapinedaplatja\/\"]},{\"@type\":\"Person\",\"@id\":\"https:\/\/lapinedaplatja.info\/es\/#\/schema\/person\/29107b3d900b8d3c355b438d5f31edcf\",\"name\":\"nerea\",\"image\":{\"@type\":\"ImageObject\",\"inLanguage\":\"es\",\"@id\":\"https:\/\/lapinedaplatja.info\/es\/#\/schema\/person\/image\/\",\"url\":\"https:\/\/secure.gravatar.com\/avatar\/d3b9655a037913ef9c32c9777e65c2c8c6eaaf0460db91392b4a3c47c5e66474?s=96&d=mm&r=g\",\"contentUrl\":\"https:\/\/secure.gravatar.com\/avatar\/d3b9655a037913ef9c32c9777e65c2c8c6eaaf0460db91392b4a3c47c5e66474?s=96&d=mm&r=g\",\"caption\":\"nerea\"}}]}<\/script>\n<!-- \/ Yoast SEO plugin. -->","yoast_head_json":{"title":"Vila-seca, en la quinta edici\u00f3n de la Jornada de Conectividad A\u00e9rea | Vila-seca","description":"El Patronato Municipal de Turismo de Vila-seca ha participado en la quinta edici\u00f3n de la Jornada de Conectividad A\u00e9rea, celebrada los d\u00edas 28 y 29 de","robots":{"index":"index","follow":"follow","max-snippet":"max-snippet:-1","max-image-preview":"max-image-preview:large","max-video-preview":"max-video-preview:-1"},"canonical":"https:\/\/lapinedaplatja.info\/es\/vila-seca-a-la-cinquena-edicio-de-la-jornada-de-conectividad-aerea\/","og_locale":"es_ES","og_type":"article","og_title":"Vila-seca, en la quinta edici\u00f3n de la Jornada de Conectividad A\u00e9rea | Vila-seca","og_description":"El Patronato Municipal de Turismo de Vila-seca ha participado en la quinta edici\u00f3n de la Jornada de Conectividad A\u00e9rea, celebrada los d\u00edas 28 y 29 de","og_url":"https:\/\/lapinedaplatja.info\/es\/vila-seca-a-la-cinquena-edicio-de-la-jornada-de-conectividad-aerea\/","og_site_name":"Vila-seca","article_publisher":"https:\/\/www.facebook.com\/lapinedaplatja\/","article_published_time":"2026-04-30T10:16:49+00:00","article_modified_time":"2026-04-30T10:18:09+00:00","og_image":[{"width":640,"height":481,"url":"https:\/\/lapinedaplatja.info\/wp-content\/uploads\/2026\/04\/fe9497c2-2e24-4476-80e7-f9f94f71f1ce.jpg","type":"image\/jpeg"}],"author":"nerea","twitter_card":"summary_large_image","twitter_creator":"@lapinedaplatja","twitter_site":"@lapinedaplatja","twitter_misc":{"Escrito por":"nerea","Tiempo de lectura":"2 minutos"},"schema":{"@context":"https:\/\/schema.org","@graph":[{"@type":"Article","@id":"https:\/\/lapinedaplatja.info\/es\/vila-seca-a-la-cinquena-edicio-de-la-jornada-de-conectividad-aerea\/#article","isPartOf":{"@id":"https:\/\/lapinedaplatja.info\/es\/vila-seca-a-la-cinquena-edicio-de-la-jornada-de-conectividad-aerea\/"},"author":{"name":"nerea","@id":"https:\/\/lapinedaplatja.info\/es\/#\/schema\/person\/29107b3d900b8d3c355b438d5f31edcf"},"headline":"Vila-seca, en la quinta edici\u00f3n de la Jornada de Conectividad A\u00e9rea","datePublished":"2026-04-30T10:16:49+00:00","dateModified":"2026-04-30T10:18:09+00:00","mainEntityOfPage":{"@id":"https:\/\/lapinedaplatja.info\/es\/vila-seca-a-la-cinquena-edicio-de-la-jornada-de-conectividad-aerea\/"},"wordCount":284,"publisher":{"@id":"https:\/\/lapinedaplatja.info\/es\/#organization"},"image":{"@id":"https:\/\/lapinedaplatja.info\/es\/vila-seca-a-la-cinquena-edicio-de-la-jornada-de-conectividad-aerea\/#primaryimage"},"thumbnailUrl":"https:\/\/lapinedaplatja.info\/wp-content\/uploads\/2026\/04\/fe9497c2-2e24-4476-80e7-f9f94f71f1ce.jpg","articleSection":["Not\u00edcies"],"inLanguage":"es"},{"@type":"WebPage","@id":"https:\/\/lapinedaplatja.info\/es\/vila-seca-a-la-cinquena-edicio-de-la-jornada-de-conectividad-aerea\/","url":"https:\/\/lapinedaplatja.info\/es\/vila-seca-a-la-cinquena-edicio-de-la-jornada-de-conectividad-aerea\/","name":"Vila-seca, en la quinta edici\u00f3n de la Jornada de Conectividad A\u00e9rea | Vila-seca","isPartOf":{"@id":"https:\/\/lapinedaplatja.info\/es\/#website"},"primaryImageOfPage":{"@id":"https:\/\/lapinedaplatja.info\/es\/vila-seca-a-la-cinquena-edicio-de-la-jornada-de-conectividad-aerea\/#primaryimage"},"image":{"@id":"https:\/\/lapinedaplatja.info\/es\/vila-seca-a-la-cinquena-edicio-de-la-jornada-de-conectividad-aerea\/#primaryimage"},"thumbnailUrl":"https:\/\/lapinedaplatja.info\/wp-content\/uploads\/2026\/04\/fe9497c2-2e24-4476-80e7-f9f94f71f1ce.jpg","datePublished":"2026-04-30T10:16:49+00:00","dateModified":"2026-04-30T10:18:09+00:00","description":"El Patronato Municipal de Turismo de Vila-seca ha participado en la quinta edici\u00f3n de la Jornada de Conectividad A\u00e9rea, celebrada los d\u00edas 28 y 29 de","breadcrumb":{"@id":"https:\/\/lapinedaplatja.info\/es\/vila-seca-a-la-cinquena-edicio-de-la-jornada-de-conectividad-aerea\/#breadcrumb"},"inLanguage":"es","potentialAction":[{"@type":"ReadAction","target":["https:\/\/lapinedaplatja.info\/es\/vila-seca-a-la-cinquena-edicio-de-la-jornada-de-conectividad-aerea\/"]}]},{"@type":"ImageObject","inLanguage":"es","@id":"https:\/\/lapinedaplatja.info\/es\/vila-seca-a-la-cinquena-edicio-de-la-jornada-de-conectividad-aerea\/#primaryimage","url":"https:\/\/lapinedaplatja.info\/wp-content\/uploads\/2026\/04\/fe9497c2-2e24-4476-80e7-f9f94f71f1ce.jpg","contentUrl":"https:\/\/lapinedaplatja.info\/wp-content\/uploads\/2026\/04\/fe9497c2-2e24-4476-80e7-f9f94f71f1ce.jpg","width":640,"height":481},{"@type":"BreadcrumbList","@id":"https:\/\/lapinedaplatja.info\/es\/vila-seca-a-la-cinquena-edicio-de-la-jornada-de-conectividad-aerea\/#breadcrumb","itemListElement":[{"@type":"ListItem","position":1,"name":"Portada","item":"https:\/\/lapinedaplatja.info\/es\/"},{"@type":"ListItem","position":2,"name":"Vila-seca, en la quinta edici\u00f3n de la Jornada de Conectividad A\u00e9rea"}]},{"@type":"WebSite","@id":"https:\/\/lapinedaplatja.info\/es\/#website","url":"https:\/\/lapinedaplatja.info\/es\/","name":"La Pineda Platja | Vila-seca","description":"Destinaci\u00f3 de turisme familiar.","publisher":{"@id":"https:\/\/lapinedaplatja.info\/es\/#organization"},"potentialAction":[{"@type":"SearchAction","target":{"@type":"EntryPoint","urlTemplate":"https:\/\/lapinedaplatja.info\/es\/?s={search_term_string}"},"query-input":{"@type":"PropertyValueSpecification","valueRequired":true,"valueName":"search_term_string"}}],"inLanguage":"es"},{"@type":"Organization","@id":"https:\/\/lapinedaplatja.info\/es\/#organization","name":"Patronat Municipal de Turisme de Vila-seca","url":"https:\/\/lapinedaplatja.info\/es\/","logo":{"@type":"ImageObject","inLanguage":"es","@id":"https:\/\/lapinedaplatja.info\/es\/#\/schema\/logo\/image\/","url":"https:\/\/lapinedaplatja.info\/wp-content\/uploads\/2018\/10\/cropped-13260099_989491457837088_3488030785405353200_n.jpg","contentUrl":"https:\/\/lapinedaplatja.info\/wp-content\/uploads\/2018\/10\/cropped-13260099_989491457837088_3488030785405353200_n.jpg","width":600,"height":600,"caption":"Patronat Municipal de Turisme de Vila-seca"},"image":{"@id":"https:\/\/lapinedaplatja.info\/es\/#\/schema\/logo\/image\/"},"sameAs":["https:\/\/www.facebook.com\/lapinedaplatja\/","https:\/\/x.com\/lapinedaplatja","https:\/\/www.instagram.com\/lapinedaplatja\/"]},{"@type":"Person","@id":"https:\/\/lapinedaplatja.info\/es\/#\/schema\/person\/29107b3d900b8d3c355b438d5f31edcf","name":"nerea","image":{"@type":"ImageObject","inLanguage":"es","@id":"https:\/\/lapinedaplatja.info\/es\/#\/schema\/person\/image\/","url":"https:\/\/secure.gravatar.com\/avatar\/d3b9655a037913ef9c32c9777e65c2c8c6eaaf0460db91392b4a3c47c5e66474?s=96&d=mm&r=g","contentUrl":"https:\/\/secure.gravatar.com\/avatar\/d3b9655a037913ef9c32c9777e65c2c8c6eaaf0460db91392b4a3c47c5e66474?s=96&d=mm&r=g","caption":"nerea"}}]}},"_links":{"self":[{"href":"https:\/\/lapinedaplatja.info\/es\/wp-json\/wp\/v2\/posts\/37077","targetHints":{"allow":["GET"]}}],"collection":[{"href":"https:\/\/lapinedaplatja.info\/es\/wp-json\/wp\/v2\/posts"}],"about":[{"href":"https:\/\/lapinedaplatja.info\/es\/wp-json\/wp\/v2\/types\/post"}],"author":[{"embeddable":true,"href":"https:\/\/lapinedaplatja.info\/es\/wp-json\/wp\/v2\/users\/4"}],"replies":[{"embeddable":true,"href":"https:\/\/lapinedaplatja.info\/es\/wp-json\/wp\/v2\/comments?post=37077"}],"version-history":[{"count":1,"href":"https:\/\/lapinedaplatja.info\/es\/wp-json\/wp\/v2\/posts\/37077\/revisions"}],"predecessor-version":[{"id":37078,"href":"https:\/\/lapinedaplatja.info\/es\/wp-json\/wp\/v2\/posts\/37077\/revisions\/37078"}],"wp:featuredmedia":[{"embeddable":true,"href":"https:\/\/lapinedaplatja.info\/es\/wp-json\/wp\/v2\/media\/37075"}],"wp:attachment":[{"href":"https:\/\/lapinedaplatja.info\/es\/wp-json\/wp\/v2\/media?parent=37077"}],"wp:term":[{"taxonomy":"category","embeddable":true,"href":"https:\/\/lapinedaplatja.info\/es\/wp-json\/wp\/v2\/categories?post=37077"},{"taxonomy":"post_tag","embeddable":true,"href":"https:\/\/lapinedaplatja.info\/es\/wp-json\/wp\/v2\/tags?post=37077"}],"curies":[{"name":"wp","href":"https:\/\/api.w.org\/{rel}","templated":true}]}}