{"id":6944,"date":"2019-03-15T08:20:52","date_gmt":"2019-03-15T08:20:52","guid":{"rendered":"http:\/\/lapinedaplatja.info\/?p=6944"},"modified":"2019-06-09T15:52:13","modified_gmt":"2019-06-09T15:52:13","slug":"vila-seca-participa-nuevamente-a-la-feria-mitt-de-moscu","status":"publish","type":"post","link":"https:\/\/lapinedaplatja.info\/es\/vila-seca-participa-nuevamente-a-la-feria-mitt-de-moscu\/","title":{"rendered":"Vila-seca participa nuevamente a la Feria MITT de Mosc\u00fa"},"content":{"rendered":"\n<p>\n\nVila-seca ha participado del 12 al 14 de marzo en una nueva edici\u00f3n de la feria Moscow International Travel &amp; Tourism Exhibition (MITT), a trav\u00e9s del Convenio C\u00f3rner del Patronato de Turismo de la Diputaci\u00f3n de Tarragona, dentro del estand Catalunya.&nbsp;<\/p>\n\n\n\n<p>Esta acci\u00f3n conjunta de diferentes patronatos y destinos, bajo la marca Costa Dorada, permite promocionarse en uno de los principales mercados de inter\u00e9s: el ruso. El a\u00f1o 2018, m\u00e1s de 23.000 personas pasaron por esta importante feria internacional que cont\u00f3 con m\u00e1s de 1.900 expositores.\n\n<\/p>\n","protected":false},"excerpt":{"rendered":"<p>Vila-seca ha participado del 12 al 14 de marzo en una nueva edici\u00f3n de la feria Moscow International Travel &amp; Tourism Exhibition (MITT), a trav\u00e9s del Convenio C\u00f3rner del Patronato de Turismo de la Diputaci\u00f3n de Tarragona, dentro del estand Catalunya.&nbsp; Esta acci\u00f3n conjunta de diferentes patronatos y destinos, bajo [&hellip;]<\/p>\n","protected":false},"author":5,"featured_media":6931,"comment_status":"closed","ping_status":"open","sticky":false,"template":"","format":"standard","meta":{"_acf_changed":false,"footnotes":""},"categories":[158],"tags":[],"class_list":["post-6944","post","type-post","status-publish","format-standard","has-post-thumbnail","hentry","category-noticies-es"],"acf":[],"yoast_head":"<!-- This site is optimized with the Yoast SEO plugin v26.6 - https:\/\/yoast.com\/wordpress\/plugins\/seo\/ -->\n<title>Vila-seca participa nuevamente a la Feria MITT de Mosc\u00fa | Vila-seca<\/title>\n<meta name=\"description\" content=\"Vila-seca ha participado del 12 al 14 de marzo en una nueva edici\u00f3n de la feria Moscow International Travel &amp; Tourism Exhibition (MITT), a trav\u00e9s del\" \/>\n<meta name=\"robots\" content=\"index, follow, max-snippet:-1, max-image-preview:large, max-video-preview:-1\" \/>\n<link rel=\"canonical\" href=\"https:\/\/lapinedaplatja.info\/es\/vila-seca-participa-nuevamente-a-la-feria-mitt-de-moscu\/\" \/>\n<meta property=\"og:locale\" content=\"es_ES\" \/>\n<meta property=\"og:type\" content=\"article\" \/>\n<meta property=\"og:title\" content=\"Vila-seca participa nuevamente a la Feria MITT de Mosc\u00fa | Vila-seca\" \/>\n<meta property=\"og:description\" content=\"Vila-seca ha participado del 12 al 14 de marzo en una nueva edici\u00f3n de la feria Moscow International Travel &amp; Tourism Exhibition (MITT), a trav\u00e9s del\" \/>\n<meta property=\"og:url\" content=\"https:\/\/lapinedaplatja.info\/es\/vila-seca-participa-nuevamente-a-la-feria-mitt-de-moscu\/\" \/>\n<meta property=\"og:site_name\" content=\"Vila-seca\" \/>\n<meta property=\"article:publisher\" content=\"https:\/\/www.facebook.com\/lapinedaplatja\/\" \/>\n<meta property=\"article:published_time\" content=\"2019-03-15T08:20:52+00:00\" \/>\n<meta property=\"article:modified_time\" content=\"2019-06-09T15:52:13+00:00\" \/>\n<meta property=\"og:image\" content=\"https:\/\/lapinedaplatja.info\/wp-content\/uploads\/2019\/05\/Vila-seca-participa-novament-a-la-Fira-MITT-de-Mosc\u00fa.jpg\" \/>\n\t<meta property=\"og:image:width\" content=\"593\" \/>\n\t<meta property=\"og:image:height\" content=\"270\" \/>\n\t<meta property=\"og:image:type\" content=\"image\/jpeg\" \/>\n<meta name=\"author\" content=\"oficines\" \/>\n<meta name=\"twitter:card\" content=\"summary_large_image\" \/>\n<meta name=\"twitter:creator\" content=\"@lapinedaplatja\" \/>\n<meta name=\"twitter:site\" content=\"@lapinedaplatja\" \/>\n<meta name=\"twitter:label1\" content=\"Escrito por\" \/>\n\t<meta name=\"twitter:data1\" content=\"oficines\" \/>\n<script type=\"application\/ld+json\" class=\"yoast-schema-graph\">{\"@context\":\"https:\/\/schema.org\",\"@graph\":[{\"@type\":\"Article\",\"@id\":\"https:\/\/lapinedaplatja.info\/es\/vila-seca-participa-nuevamente-a-la-feria-mitt-de-moscu\/#article\",\"isPartOf\":{\"@id\":\"https:\/\/lapinedaplatja.info\/es\/vila-seca-participa-nuevamente-a-la-feria-mitt-de-moscu\/\"},\"author\":{\"name\":\"oficines\",\"@id\":\"https:\/\/lapinedaplatja.info\/es\/#\/schema\/person\/c399bfc5013bbcc8361250cc4c08022d\"},\"headline\":\"Vila-seca participa nuevamente a la Feria MITT de Mosc\u00fa\",\"datePublished\":\"2019-03-15T08:20:52+00:00\",\"dateModified\":\"2019-06-09T15:52:13+00:00\",\"mainEntityOfPage\":{\"@id\":\"https:\/\/lapinedaplatja.info\/es\/vila-seca-participa-nuevamente-a-la-feria-mitt-de-moscu\/\"},\"wordCount\":100,\"publisher\":{\"@id\":\"https:\/\/lapinedaplatja.info\/es\/#organization\"},\"image\":{\"@id\":\"https:\/\/lapinedaplatja.info\/es\/vila-seca-participa-nuevamente-a-la-feria-mitt-de-moscu\/#primaryimage\"},\"thumbnailUrl\":\"https:\/\/lapinedaplatja.info\/wp-content\/uploads\/2019\/05\/Vila-seca-participa-novament-a-la-Fira-MITT-de-Mosc\u00fa.jpg\",\"articleSection\":[\"Not\u00edcies\"],\"inLanguage\":\"es\"},{\"@type\":\"WebPage\",\"@id\":\"https:\/\/lapinedaplatja.info\/es\/vila-seca-participa-nuevamente-a-la-feria-mitt-de-moscu\/\",\"url\":\"https:\/\/lapinedaplatja.info\/es\/vila-seca-participa-nuevamente-a-la-feria-mitt-de-moscu\/\",\"name\":\"Vila-seca participa nuevamente a la Feria MITT de Mosc\u00fa | Vila-seca\",\"isPartOf\":{\"@id\":\"https:\/\/lapinedaplatja.info\/es\/#website\"},\"primaryImageOfPage\":{\"@id\":\"https:\/\/lapinedaplatja.info\/es\/vila-seca-participa-nuevamente-a-la-feria-mitt-de-moscu\/#primaryimage\"},\"image\":{\"@id\":\"https:\/\/lapinedaplatja.info\/es\/vila-seca-participa-nuevamente-a-la-feria-mitt-de-moscu\/#primaryimage\"},\"thumbnailUrl\":\"https:\/\/lapinedaplatja.info\/wp-content\/uploads\/2019\/05\/Vila-seca-participa-novament-a-la-Fira-MITT-de-Mosc\u00fa.jpg\",\"datePublished\":\"2019-03-15T08:20:52+00:00\",\"dateModified\":\"2019-06-09T15:52:13+00:00\",\"description\":\"Vila-seca ha participado del 12 al 14 de marzo en una nueva edici\u00f3n de la feria Moscow International Travel &amp; Tourism Exhibition (MITT), a trav\u00e9s del\",\"breadcrumb\":{\"@id\":\"https:\/\/lapinedaplatja.info\/es\/vila-seca-participa-nuevamente-a-la-feria-mitt-de-moscu\/#breadcrumb\"},\"inLanguage\":\"es\",\"potentialAction\":[{\"@type\":\"ReadAction\",\"target\":[\"https:\/\/lapinedaplatja.info\/es\/vila-seca-participa-nuevamente-a-la-feria-mitt-de-moscu\/\"]}]},{\"@type\":\"ImageObject\",\"inLanguage\":\"es\",\"@id\":\"https:\/\/lapinedaplatja.info\/es\/vila-seca-participa-nuevamente-a-la-feria-mitt-de-moscu\/#primaryimage\",\"url\":\"https:\/\/lapinedaplatja.info\/wp-content\/uploads\/2019\/05\/Vila-seca-participa-novament-a-la-Fira-MITT-de-Mosc\u00fa.jpg\",\"contentUrl\":\"https:\/\/lapinedaplatja.info\/wp-content\/uploads\/2019\/05\/Vila-seca-participa-novament-a-la-Fira-MITT-de-Mosc\u00fa.jpg\",\"width\":593,\"height\":270},{\"@type\":\"BreadcrumbList\",\"@id\":\"https:\/\/lapinedaplatja.info\/es\/vila-seca-participa-nuevamente-a-la-feria-mitt-de-moscu\/#breadcrumb\",\"itemListElement\":[{\"@type\":\"ListItem\",\"position\":1,\"name\":\"Portada\",\"item\":\"https:\/\/lapinedaplatja.info\/es\/\"},{\"@type\":\"ListItem\",\"position\":2,\"name\":\"Vila-seca participa nuevamente a la Feria MITT de Mosc\u00fa\"}]},{\"@type\":\"WebSite\",\"@id\":\"https:\/\/lapinedaplatja.info\/es\/#website\",\"url\":\"https:\/\/lapinedaplatja.info\/es\/\",\"name\":\"La Pineda Platja | Vila-seca\",\"description\":\"Destinaci\u00f3 de turisme familiar.\",\"publisher\":{\"@id\":\"https:\/\/lapinedaplatja.info\/es\/#organization\"},\"potentialAction\":[{\"@type\":\"SearchAction\",\"target\":{\"@type\":\"EntryPoint\",\"urlTemplate\":\"https:\/\/lapinedaplatja.info\/es\/?s={search_term_string}\"},\"query-input\":{\"@type\":\"PropertyValueSpecification\",\"valueRequired\":true,\"valueName\":\"search_term_string\"}}],\"inLanguage\":\"es\"},{\"@type\":\"Organization\",\"@id\":\"https:\/\/lapinedaplatja.info\/es\/#organization\",\"name\":\"Patronat Municipal de Turisme de Vila-seca\",\"url\":\"https:\/\/lapinedaplatja.info\/es\/\",\"logo\":{\"@type\":\"ImageObject\",\"inLanguage\":\"es\",\"@id\":\"https:\/\/lapinedaplatja.info\/es\/#\/schema\/logo\/image\/\",\"url\":\"https:\/\/lapinedaplatja.info\/wp-content\/uploads\/2018\/10\/cropped-13260099_989491457837088_3488030785405353200_n.jpg\",\"contentUrl\":\"https:\/\/lapinedaplatja.info\/wp-content\/uploads\/2018\/10\/cropped-13260099_989491457837088_3488030785405353200_n.jpg\",\"width\":600,\"height\":600,\"caption\":\"Patronat Municipal de Turisme de Vila-seca\"},\"image\":{\"@id\":\"https:\/\/lapinedaplatja.info\/es\/#\/schema\/logo\/image\/\"},\"sameAs\":[\"https:\/\/www.facebook.com\/lapinedaplatja\/\",\"https:\/\/x.com\/lapinedaplatja\",\"https:\/\/www.instagram.com\/lapinedaplatja\/\"]},{\"@type\":\"Person\",\"@id\":\"https:\/\/lapinedaplatja.info\/es\/#\/schema\/person\/c399bfc5013bbcc8361250cc4c08022d\",\"name\":\"oficines\",\"image\":{\"@type\":\"ImageObject\",\"inLanguage\":\"es\",\"@id\":\"https:\/\/lapinedaplatja.info\/es\/#\/schema\/person\/image\/\",\"url\":\"https:\/\/secure.gravatar.com\/avatar\/3f1bf89ca58b8559d1dcf506700f83fb5f4e6054e0412eb877c0bba519c224da?s=96&d=mm&r=g\",\"contentUrl\":\"https:\/\/secure.gravatar.com\/avatar\/3f1bf89ca58b8559d1dcf506700f83fb5f4e6054e0412eb877c0bba519c224da?s=96&d=mm&r=g\",\"caption\":\"oficines\"}}]}<\/script>\n<!-- \/ Yoast SEO plugin. -->","yoast_head_json":{"title":"Vila-seca participa nuevamente a la Feria MITT de Mosc\u00fa | Vila-seca","description":"Vila-seca ha participado del 12 al 14 de marzo en una nueva edici\u00f3n de la feria Moscow International Travel &amp; Tourism Exhibition (MITT), a trav\u00e9s del","robots":{"index":"index","follow":"follow","max-snippet":"max-snippet:-1","max-image-preview":"max-image-preview:large","max-video-preview":"max-video-preview:-1"},"canonical":"https:\/\/lapinedaplatja.info\/es\/vila-seca-participa-nuevamente-a-la-feria-mitt-de-moscu\/","og_locale":"es_ES","og_type":"article","og_title":"Vila-seca participa nuevamente a la Feria MITT de Mosc\u00fa | Vila-seca","og_description":"Vila-seca ha participado del 12 al 14 de marzo en una nueva edici\u00f3n de la feria Moscow International Travel &amp; Tourism Exhibition (MITT), a trav\u00e9s del","og_url":"https:\/\/lapinedaplatja.info\/es\/vila-seca-participa-nuevamente-a-la-feria-mitt-de-moscu\/","og_site_name":"Vila-seca","article_publisher":"https:\/\/www.facebook.com\/lapinedaplatja\/","article_published_time":"2019-03-15T08:20:52+00:00","article_modified_time":"2019-06-09T15:52:13+00:00","og_image":[{"width":593,"height":270,"url":"https:\/\/lapinedaplatja.info\/wp-content\/uploads\/2019\/05\/Vila-seca-participa-novament-a-la-Fira-MITT-de-Mosc\u00fa.jpg","type":"image\/jpeg"}],"author":"oficines","twitter_card":"summary_large_image","twitter_creator":"@lapinedaplatja","twitter_site":"@lapinedaplatja","twitter_misc":{"Escrito por":"oficines"},"schema":{"@context":"https:\/\/schema.org","@graph":[{"@type":"Article","@id":"https:\/\/lapinedaplatja.info\/es\/vila-seca-participa-nuevamente-a-la-feria-mitt-de-moscu\/#article","isPartOf":{"@id":"https:\/\/lapinedaplatja.info\/es\/vila-seca-participa-nuevamente-a-la-feria-mitt-de-moscu\/"},"author":{"name":"oficines","@id":"https:\/\/lapinedaplatja.info\/es\/#\/schema\/person\/c399bfc5013bbcc8361250cc4c08022d"},"headline":"Vila-seca participa nuevamente a la Feria MITT de Mosc\u00fa","datePublished":"2019-03-15T08:20:52+00:00","dateModified":"2019-06-09T15:52:13+00:00","mainEntityOfPage":{"@id":"https:\/\/lapinedaplatja.info\/es\/vila-seca-participa-nuevamente-a-la-feria-mitt-de-moscu\/"},"wordCount":100,"publisher":{"@id":"https:\/\/lapinedaplatja.info\/es\/#organization"},"image":{"@id":"https:\/\/lapinedaplatja.info\/es\/vila-seca-participa-nuevamente-a-la-feria-mitt-de-moscu\/#primaryimage"},"thumbnailUrl":"https:\/\/lapinedaplatja.info\/wp-content\/uploads\/2019\/05\/Vila-seca-participa-novament-a-la-Fira-MITT-de-Mosc\u00fa.jpg","articleSection":["Not\u00edcies"],"inLanguage":"es"},{"@type":"WebPage","@id":"https:\/\/lapinedaplatja.info\/es\/vila-seca-participa-nuevamente-a-la-feria-mitt-de-moscu\/","url":"https:\/\/lapinedaplatja.info\/es\/vila-seca-participa-nuevamente-a-la-feria-mitt-de-moscu\/","name":"Vila-seca participa nuevamente a la Feria MITT de Mosc\u00fa | Vila-seca","isPartOf":{"@id":"https:\/\/lapinedaplatja.info\/es\/#website"},"primaryImageOfPage":{"@id":"https:\/\/lapinedaplatja.info\/es\/vila-seca-participa-nuevamente-a-la-feria-mitt-de-moscu\/#primaryimage"},"image":{"@id":"https:\/\/lapinedaplatja.info\/es\/vila-seca-participa-nuevamente-a-la-feria-mitt-de-moscu\/#primaryimage"},"thumbnailUrl":"https:\/\/lapinedaplatja.info\/wp-content\/uploads\/2019\/05\/Vila-seca-participa-novament-a-la-Fira-MITT-de-Mosc\u00fa.jpg","datePublished":"2019-03-15T08:20:52+00:00","dateModified":"2019-06-09T15:52:13+00:00","description":"Vila-seca ha participado del 12 al 14 de marzo en una nueva edici\u00f3n de la feria Moscow International Travel &amp; Tourism Exhibition (MITT), a trav\u00e9s del","breadcrumb":{"@id":"https:\/\/lapinedaplatja.info\/es\/vila-seca-participa-nuevamente-a-la-feria-mitt-de-moscu\/#breadcrumb"},"inLanguage":"es","potentialAction":[{"@type":"ReadAction","target":["https:\/\/lapinedaplatja.info\/es\/vila-seca-participa-nuevamente-a-la-feria-mitt-de-moscu\/"]}]},{"@type":"ImageObject","inLanguage":"es","@id":"https:\/\/lapinedaplatja.info\/es\/vila-seca-participa-nuevamente-a-la-feria-mitt-de-moscu\/#primaryimage","url":"https:\/\/lapinedaplatja.info\/wp-content\/uploads\/2019\/05\/Vila-seca-participa-novament-a-la-Fira-MITT-de-Mosc\u00fa.jpg","contentUrl":"https:\/\/lapinedaplatja.info\/wp-content\/uploads\/2019\/05\/Vila-seca-participa-novament-a-la-Fira-MITT-de-Mosc\u00fa.jpg","width":593,"height":270},{"@type":"BreadcrumbList","@id":"https:\/\/lapinedaplatja.info\/es\/vila-seca-participa-nuevamente-a-la-feria-mitt-de-moscu\/#breadcrumb","itemListElement":[{"@type":"ListItem","position":1,"name":"Portada","item":"https:\/\/lapinedaplatja.info\/es\/"},{"@type":"ListItem","position":2,"name":"Vila-seca participa nuevamente a la Feria MITT de Mosc\u00fa"}]},{"@type":"WebSite","@id":"https:\/\/lapinedaplatja.info\/es\/#website","url":"https:\/\/lapinedaplatja.info\/es\/","name":"La Pineda Platja | Vila-seca","description":"Destinaci\u00f3 de turisme familiar.","publisher":{"@id":"https:\/\/lapinedaplatja.info\/es\/#organization"},"potentialAction":[{"@type":"SearchAction","target":{"@type":"EntryPoint","urlTemplate":"https:\/\/lapinedaplatja.info\/es\/?s={search_term_string}"},"query-input":{"@type":"PropertyValueSpecification","valueRequired":true,"valueName":"search_term_string"}}],"inLanguage":"es"},{"@type":"Organization","@id":"https:\/\/lapinedaplatja.info\/es\/#organization","name":"Patronat Municipal de Turisme de Vila-seca","url":"https:\/\/lapinedaplatja.info\/es\/","logo":{"@type":"ImageObject","inLanguage":"es","@id":"https:\/\/lapinedaplatja.info\/es\/#\/schema\/logo\/image\/","url":"https:\/\/lapinedaplatja.info\/wp-content\/uploads\/2018\/10\/cropped-13260099_989491457837088_3488030785405353200_n.jpg","contentUrl":"https:\/\/lapinedaplatja.info\/wp-content\/uploads\/2018\/10\/cropped-13260099_989491457837088_3488030785405353200_n.jpg","width":600,"height":600,"caption":"Patronat Municipal de Turisme de Vila-seca"},"image":{"@id":"https:\/\/lapinedaplatja.info\/es\/#\/schema\/logo\/image\/"},"sameAs":["https:\/\/www.facebook.com\/lapinedaplatja\/","https:\/\/x.com\/lapinedaplatja","https:\/\/www.instagram.com\/lapinedaplatja\/"]},{"@type":"Person","@id":"https:\/\/lapinedaplatja.info\/es\/#\/schema\/person\/c399bfc5013bbcc8361250cc4c08022d","name":"oficines","image":{"@type":"ImageObject","inLanguage":"es","@id":"https:\/\/lapinedaplatja.info\/es\/#\/schema\/person\/image\/","url":"https:\/\/secure.gravatar.com\/avatar\/3f1bf89ca58b8559d1dcf506700f83fb5f4e6054e0412eb877c0bba519c224da?s=96&d=mm&r=g","contentUrl":"https:\/\/secure.gravatar.com\/avatar\/3f1bf89ca58b8559d1dcf506700f83fb5f4e6054e0412eb877c0bba519c224da?s=96&d=mm&r=g","caption":"oficines"}}]}},"_links":{"self":[{"href":"https:\/\/lapinedaplatja.info\/es\/wp-json\/wp\/v2\/posts\/6944","targetHints":{"allow":["GET"]}}],"collection":[{"href":"https:\/\/lapinedaplatja.info\/es\/wp-json\/wp\/v2\/posts"}],"about":[{"href":"https:\/\/lapinedaplatja.info\/es\/wp-json\/wp\/v2\/types\/post"}],"author":[{"embeddable":true,"href":"https:\/\/lapinedaplatja.info\/es\/wp-json\/wp\/v2\/users\/5"}],"replies":[{"embeddable":true,"href":"https:\/\/lapinedaplatja.info\/es\/wp-json\/wp\/v2\/comments?post=6944"}],"version-history":[{"count":0,"href":"https:\/\/lapinedaplatja.info\/es\/wp-json\/wp\/v2\/posts\/6944\/revisions"}],"wp:featuredmedia":[{"embeddable":true,"href":"https:\/\/lapinedaplatja.info\/es\/wp-json\/wp\/v2\/media\/6931"}],"wp:attachment":[{"href":"https:\/\/lapinedaplatja.info\/es\/wp-json\/wp\/v2\/media?parent=6944"}],"wp:term":[{"taxonomy":"category","embeddable":true,"href":"https:\/\/lapinedaplatja.info\/es\/wp-json\/wp\/v2\/categories?post=6944"},{"taxonomy":"post_tag","embeddable":true,"href":"https:\/\/lapinedaplatja.info\/es\/wp-json\/wp\/v2\/tags?post=6944"}],"curies":[{"name":"wp","href":"https:\/\/api.w.org\/{rel}","templated":true}]}}