{"id":9681,"date":"2019-07-12T11:11:56","date_gmt":"2019-07-12T11:11:56","guid":{"rendered":"http:\/\/lapinedaplatja.info\/?p=9681"},"modified":"2019-07-22T11:27:28","modified_gmt":"2019-07-22T11:27:28","slug":"un-any-mes-la-bandera-blava-oneja-a-la-platja-de-la-pineda","status":"publish","type":"post","link":"https:\/\/lapinedaplatja.info\/es\/un-any-mes-la-bandera-blava-oneja-a-la-platja-de-la-pineda\/","title":{"rendered":"Un a\u00f1o m\u00e1s, la bandera azul ondea en la playa de la Pineda"},"content":{"rendered":"\n<p> La playa de la Pineda luce, un a\u00f1o m\u00e1s, la bandera azul, una marca de calidad que reconoce la diversidad de servicios y la calidad de \u00e9sta playa del municipio de Vila-seca, la cual hace 20 a\u00f1os que goza de la calificaci\u00f3n ininterrumpidamente.<\/p>\n\n\n\n<p> &nbsp; La bandera azul es un distintivo de calidad que otorga la \u201cAssociaci\u00f3 d\u2019Educaci\u00f3 Ambiental i del Consumidor (ADEAC)\u201d para distinguir las playas que cumplen con los requisitos de seguridad, gesti\u00f3n ambiental, limpieza y servicios marcados por la Uni\u00f3n Europea.  .&nbsp;<\/p>\n","protected":false},"excerpt":{"rendered":"<p>La playa de la Pineda luce, un a\u00f1o m\u00e1s, la bandera azul, una marca de calidad que reconoce la diversidad de servicios y la calidad de \u00e9sta playa del municipio de Vila-seca, la cual hace 20 a\u00f1os que goza de la calificaci\u00f3n ininterrumpidamente. &nbsp; La bandera azul es un distintivo [&hellip;]<\/p>\n","protected":false},"author":5,"featured_media":9979,"comment_status":"closed","ping_status":"open","sticky":false,"template":"","format":"standard","meta":{"_acf_changed":false,"footnotes":""},"categories":[158],"tags":[],"class_list":["post-9681","post","type-post","status-publish","format-standard","has-post-thumbnail","hentry","category-noticies-es"],"acf":[],"yoast_head":"<!-- This site is optimized with the Yoast SEO plugin v26.6 - https:\/\/yoast.com\/wordpress\/plugins\/seo\/ -->\n<title>Un a\u00f1o m\u00e1s, la bandera azul ondea en la playa de la Pineda | Vila-seca<\/title>\n<meta name=\"description\" content=\"La playa de la Pineda luce, un a\u00f1o m\u00e1s, la bandera azul, una marca de calidad que reconoce la diversidad de servicios y la calidad de \u00e9sta playa del\" \/>\n<meta name=\"robots\" content=\"index, follow, max-snippet:-1, max-image-preview:large, max-video-preview:-1\" \/>\n<link rel=\"canonical\" href=\"https:\/\/lapinedaplatja.info\/es\/un-any-mes-la-bandera-blava-oneja-a-la-platja-de-la-pineda\/\" \/>\n<meta property=\"og:locale\" content=\"es_ES\" \/>\n<meta property=\"og:type\" content=\"article\" \/>\n<meta property=\"og:title\" content=\"Un a\u00f1o m\u00e1s, la bandera azul ondea en la playa de la Pineda | Vila-seca\" \/>\n<meta property=\"og:description\" content=\"La playa de la Pineda luce, un a\u00f1o m\u00e1s, la bandera azul, una marca de calidad que reconoce la diversidad de servicios y la calidad de \u00e9sta playa del\" \/>\n<meta property=\"og:url\" content=\"https:\/\/lapinedaplatja.info\/es\/un-any-mes-la-bandera-blava-oneja-a-la-platja-de-la-pineda\/\" \/>\n<meta property=\"og:site_name\" content=\"Vila-seca\" \/>\n<meta property=\"article:publisher\" content=\"https:\/\/www.facebook.com\/lapinedaplatja\/\" \/>\n<meta property=\"article:published_time\" content=\"2019-07-12T11:11:56+00:00\" \/>\n<meta property=\"article:modified_time\" content=\"2019-07-22T11:27:28+00:00\" \/>\n<meta property=\"og:image\" content=\"https:\/\/lapinedaplatja.info\/wp-content\/uploads\/2019\/07\/bandera-blava-22-1.jpg\" \/>\n\t<meta property=\"og:image:width\" content=\"539\" \/>\n\t<meta property=\"og:image:height\" content=\"256\" \/>\n\t<meta property=\"og:image:type\" content=\"image\/jpeg\" \/>\n<meta name=\"author\" content=\"oficines\" \/>\n<meta name=\"twitter:card\" content=\"summary_large_image\" \/>\n<meta name=\"twitter:creator\" content=\"@lapinedaplatja\" \/>\n<meta name=\"twitter:site\" content=\"@lapinedaplatja\" \/>\n<meta name=\"twitter:label1\" content=\"Escrito por\" \/>\n\t<meta name=\"twitter:data1\" content=\"oficines\" \/>\n<script type=\"application\/ld+json\" class=\"yoast-schema-graph\">{\"@context\":\"https:\/\/schema.org\",\"@graph\":[{\"@type\":\"Article\",\"@id\":\"https:\/\/lapinedaplatja.info\/es\/un-any-mes-la-bandera-blava-oneja-a-la-platja-de-la-pineda\/#article\",\"isPartOf\":{\"@id\":\"https:\/\/lapinedaplatja.info\/es\/un-any-mes-la-bandera-blava-oneja-a-la-platja-de-la-pineda\/\"},\"author\":{\"name\":\"oficines\",\"@id\":\"https:\/\/lapinedaplatja.info\/es\/#\/schema\/person\/c399bfc5013bbcc8361250cc4c08022d\"},\"headline\":\"Un a\u00f1o m\u00e1s, la bandera azul ondea en la playa de la Pineda\",\"datePublished\":\"2019-07-12T11:11:56+00:00\",\"dateModified\":\"2019-07-22T11:27:28+00:00\",\"mainEntityOfPage\":{\"@id\":\"https:\/\/lapinedaplatja.info\/es\/un-any-mes-la-bandera-blava-oneja-a-la-platja-de-la-pineda\/\"},\"wordCount\":105,\"publisher\":{\"@id\":\"https:\/\/lapinedaplatja.info\/es\/#organization\"},\"image\":{\"@id\":\"https:\/\/lapinedaplatja.info\/es\/un-any-mes-la-bandera-blava-oneja-a-la-platja-de-la-pineda\/#primaryimage\"},\"thumbnailUrl\":\"https:\/\/lapinedaplatja.info\/wp-content\/uploads\/2019\/07\/bandera-blava-22-1.jpg\",\"articleSection\":[\"Not\u00edcies\"],\"inLanguage\":\"es\"},{\"@type\":\"WebPage\",\"@id\":\"https:\/\/lapinedaplatja.info\/es\/un-any-mes-la-bandera-blava-oneja-a-la-platja-de-la-pineda\/\",\"url\":\"https:\/\/lapinedaplatja.info\/es\/un-any-mes-la-bandera-blava-oneja-a-la-platja-de-la-pineda\/\",\"name\":\"Un a\u00f1o m\u00e1s, la bandera azul ondea en la playa de la Pineda | Vila-seca\",\"isPartOf\":{\"@id\":\"https:\/\/lapinedaplatja.info\/es\/#website\"},\"primaryImageOfPage\":{\"@id\":\"https:\/\/lapinedaplatja.info\/es\/un-any-mes-la-bandera-blava-oneja-a-la-platja-de-la-pineda\/#primaryimage\"},\"image\":{\"@id\":\"https:\/\/lapinedaplatja.info\/es\/un-any-mes-la-bandera-blava-oneja-a-la-platja-de-la-pineda\/#primaryimage\"},\"thumbnailUrl\":\"https:\/\/lapinedaplatja.info\/wp-content\/uploads\/2019\/07\/bandera-blava-22-1.jpg\",\"datePublished\":\"2019-07-12T11:11:56+00:00\",\"dateModified\":\"2019-07-22T11:27:28+00:00\",\"description\":\"La playa de la Pineda luce, un a\u00f1o m\u00e1s, la bandera azul, una marca de calidad que reconoce la diversidad de servicios y la calidad de \u00e9sta playa del\",\"breadcrumb\":{\"@id\":\"https:\/\/lapinedaplatja.info\/es\/un-any-mes-la-bandera-blava-oneja-a-la-platja-de-la-pineda\/#breadcrumb\"},\"inLanguage\":\"es\",\"potentialAction\":[{\"@type\":\"ReadAction\",\"target\":[\"https:\/\/lapinedaplatja.info\/es\/un-any-mes-la-bandera-blava-oneja-a-la-platja-de-la-pineda\/\"]}]},{\"@type\":\"ImageObject\",\"inLanguage\":\"es\",\"@id\":\"https:\/\/lapinedaplatja.info\/es\/un-any-mes-la-bandera-blava-oneja-a-la-platja-de-la-pineda\/#primaryimage\",\"url\":\"https:\/\/lapinedaplatja.info\/wp-content\/uploads\/2019\/07\/bandera-blava-22-1.jpg\",\"contentUrl\":\"https:\/\/lapinedaplatja.info\/wp-content\/uploads\/2019\/07\/bandera-blava-22-1.jpg\",\"width\":539,\"height\":256},{\"@type\":\"BreadcrumbList\",\"@id\":\"https:\/\/lapinedaplatja.info\/es\/un-any-mes-la-bandera-blava-oneja-a-la-platja-de-la-pineda\/#breadcrumb\",\"itemListElement\":[{\"@type\":\"ListItem\",\"position\":1,\"name\":\"Portada\",\"item\":\"https:\/\/lapinedaplatja.info\/es\/\"},{\"@type\":\"ListItem\",\"position\":2,\"name\":\"Un a\u00f1o m\u00e1s, la bandera azul ondea en la playa de la Pineda\"}]},{\"@type\":\"WebSite\",\"@id\":\"https:\/\/lapinedaplatja.info\/es\/#website\",\"url\":\"https:\/\/lapinedaplatja.info\/es\/\",\"name\":\"La Pineda Platja | Vila-seca\",\"description\":\"Destinaci\u00f3 de turisme familiar.\",\"publisher\":{\"@id\":\"https:\/\/lapinedaplatja.info\/es\/#organization\"},\"potentialAction\":[{\"@type\":\"SearchAction\",\"target\":{\"@type\":\"EntryPoint\",\"urlTemplate\":\"https:\/\/lapinedaplatja.info\/es\/?s={search_term_string}\"},\"query-input\":{\"@type\":\"PropertyValueSpecification\",\"valueRequired\":true,\"valueName\":\"search_term_string\"}}],\"inLanguage\":\"es\"},{\"@type\":\"Organization\",\"@id\":\"https:\/\/lapinedaplatja.info\/es\/#organization\",\"name\":\"Patronat Municipal de Turisme de Vila-seca\",\"url\":\"https:\/\/lapinedaplatja.info\/es\/\",\"logo\":{\"@type\":\"ImageObject\",\"inLanguage\":\"es\",\"@id\":\"https:\/\/lapinedaplatja.info\/es\/#\/schema\/logo\/image\/\",\"url\":\"https:\/\/lapinedaplatja.info\/wp-content\/uploads\/2018\/10\/cropped-13260099_989491457837088_3488030785405353200_n.jpg\",\"contentUrl\":\"https:\/\/lapinedaplatja.info\/wp-content\/uploads\/2018\/10\/cropped-13260099_989491457837088_3488030785405353200_n.jpg\",\"width\":600,\"height\":600,\"caption\":\"Patronat Municipal de Turisme de Vila-seca\"},\"image\":{\"@id\":\"https:\/\/lapinedaplatja.info\/es\/#\/schema\/logo\/image\/\"},\"sameAs\":[\"https:\/\/www.facebook.com\/lapinedaplatja\/\",\"https:\/\/x.com\/lapinedaplatja\",\"https:\/\/www.instagram.com\/lapinedaplatja\/\"]},{\"@type\":\"Person\",\"@id\":\"https:\/\/lapinedaplatja.info\/es\/#\/schema\/person\/c399bfc5013bbcc8361250cc4c08022d\",\"name\":\"oficines\",\"image\":{\"@type\":\"ImageObject\",\"inLanguage\":\"es\",\"@id\":\"https:\/\/lapinedaplatja.info\/es\/#\/schema\/person\/image\/\",\"url\":\"https:\/\/secure.gravatar.com\/avatar\/3f1bf89ca58b8559d1dcf506700f83fb5f4e6054e0412eb877c0bba519c224da?s=96&d=mm&r=g\",\"contentUrl\":\"https:\/\/secure.gravatar.com\/avatar\/3f1bf89ca58b8559d1dcf506700f83fb5f4e6054e0412eb877c0bba519c224da?s=96&d=mm&r=g\",\"caption\":\"oficines\"}}]}<\/script>\n<!-- \/ Yoast SEO plugin. -->","yoast_head_json":{"title":"Un a\u00f1o m\u00e1s, la bandera azul ondea en la playa de la Pineda | Vila-seca","description":"La playa de la Pineda luce, un a\u00f1o m\u00e1s, la bandera azul, una marca de calidad que reconoce la diversidad de servicios y la calidad de \u00e9sta playa del","robots":{"index":"index","follow":"follow","max-snippet":"max-snippet:-1","max-image-preview":"max-image-preview:large","max-video-preview":"max-video-preview:-1"},"canonical":"https:\/\/lapinedaplatja.info\/es\/un-any-mes-la-bandera-blava-oneja-a-la-platja-de-la-pineda\/","og_locale":"es_ES","og_type":"article","og_title":"Un a\u00f1o m\u00e1s, la bandera azul ondea en la playa de la Pineda | Vila-seca","og_description":"La playa de la Pineda luce, un a\u00f1o m\u00e1s, la bandera azul, una marca de calidad que reconoce la diversidad de servicios y la calidad de \u00e9sta playa del","og_url":"https:\/\/lapinedaplatja.info\/es\/un-any-mes-la-bandera-blava-oneja-a-la-platja-de-la-pineda\/","og_site_name":"Vila-seca","article_publisher":"https:\/\/www.facebook.com\/lapinedaplatja\/","article_published_time":"2019-07-12T11:11:56+00:00","article_modified_time":"2019-07-22T11:27:28+00:00","og_image":[{"width":539,"height":256,"url":"https:\/\/lapinedaplatja.info\/wp-content\/uploads\/2019\/07\/bandera-blava-22-1.jpg","type":"image\/jpeg"}],"author":"oficines","twitter_card":"summary_large_image","twitter_creator":"@lapinedaplatja","twitter_site":"@lapinedaplatja","twitter_misc":{"Escrito por":"oficines"},"schema":{"@context":"https:\/\/schema.org","@graph":[{"@type":"Article","@id":"https:\/\/lapinedaplatja.info\/es\/un-any-mes-la-bandera-blava-oneja-a-la-platja-de-la-pineda\/#article","isPartOf":{"@id":"https:\/\/lapinedaplatja.info\/es\/un-any-mes-la-bandera-blava-oneja-a-la-platja-de-la-pineda\/"},"author":{"name":"oficines","@id":"https:\/\/lapinedaplatja.info\/es\/#\/schema\/person\/c399bfc5013bbcc8361250cc4c08022d"},"headline":"Un a\u00f1o m\u00e1s, la bandera azul ondea en la playa de la Pineda","datePublished":"2019-07-12T11:11:56+00:00","dateModified":"2019-07-22T11:27:28+00:00","mainEntityOfPage":{"@id":"https:\/\/lapinedaplatja.info\/es\/un-any-mes-la-bandera-blava-oneja-a-la-platja-de-la-pineda\/"},"wordCount":105,"publisher":{"@id":"https:\/\/lapinedaplatja.info\/es\/#organization"},"image":{"@id":"https:\/\/lapinedaplatja.info\/es\/un-any-mes-la-bandera-blava-oneja-a-la-platja-de-la-pineda\/#primaryimage"},"thumbnailUrl":"https:\/\/lapinedaplatja.info\/wp-content\/uploads\/2019\/07\/bandera-blava-22-1.jpg","articleSection":["Not\u00edcies"],"inLanguage":"es"},{"@type":"WebPage","@id":"https:\/\/lapinedaplatja.info\/es\/un-any-mes-la-bandera-blava-oneja-a-la-platja-de-la-pineda\/","url":"https:\/\/lapinedaplatja.info\/es\/un-any-mes-la-bandera-blava-oneja-a-la-platja-de-la-pineda\/","name":"Un a\u00f1o m\u00e1s, la bandera azul ondea en la playa de la Pineda | Vila-seca","isPartOf":{"@id":"https:\/\/lapinedaplatja.info\/es\/#website"},"primaryImageOfPage":{"@id":"https:\/\/lapinedaplatja.info\/es\/un-any-mes-la-bandera-blava-oneja-a-la-platja-de-la-pineda\/#primaryimage"},"image":{"@id":"https:\/\/lapinedaplatja.info\/es\/un-any-mes-la-bandera-blava-oneja-a-la-platja-de-la-pineda\/#primaryimage"},"thumbnailUrl":"https:\/\/lapinedaplatja.info\/wp-content\/uploads\/2019\/07\/bandera-blava-22-1.jpg","datePublished":"2019-07-12T11:11:56+00:00","dateModified":"2019-07-22T11:27:28+00:00","description":"La playa de la Pineda luce, un a\u00f1o m\u00e1s, la bandera azul, una marca de calidad que reconoce la diversidad de servicios y la calidad de \u00e9sta playa del","breadcrumb":{"@id":"https:\/\/lapinedaplatja.info\/es\/un-any-mes-la-bandera-blava-oneja-a-la-platja-de-la-pineda\/#breadcrumb"},"inLanguage":"es","potentialAction":[{"@type":"ReadAction","target":["https:\/\/lapinedaplatja.info\/es\/un-any-mes-la-bandera-blava-oneja-a-la-platja-de-la-pineda\/"]}]},{"@type":"ImageObject","inLanguage":"es","@id":"https:\/\/lapinedaplatja.info\/es\/un-any-mes-la-bandera-blava-oneja-a-la-platja-de-la-pineda\/#primaryimage","url":"https:\/\/lapinedaplatja.info\/wp-content\/uploads\/2019\/07\/bandera-blava-22-1.jpg","contentUrl":"https:\/\/lapinedaplatja.info\/wp-content\/uploads\/2019\/07\/bandera-blava-22-1.jpg","width":539,"height":256},{"@type":"BreadcrumbList","@id":"https:\/\/lapinedaplatja.info\/es\/un-any-mes-la-bandera-blava-oneja-a-la-platja-de-la-pineda\/#breadcrumb","itemListElement":[{"@type":"ListItem","position":1,"name":"Portada","item":"https:\/\/lapinedaplatja.info\/es\/"},{"@type":"ListItem","position":2,"name":"Un a\u00f1o m\u00e1s, la bandera azul ondea en la playa de la Pineda"}]},{"@type":"WebSite","@id":"https:\/\/lapinedaplatja.info\/es\/#website","url":"https:\/\/lapinedaplatja.info\/es\/","name":"La Pineda Platja | Vila-seca","description":"Destinaci\u00f3 de turisme familiar.","publisher":{"@id":"https:\/\/lapinedaplatja.info\/es\/#organization"},"potentialAction":[{"@type":"SearchAction","target":{"@type":"EntryPoint","urlTemplate":"https:\/\/lapinedaplatja.info\/es\/?s={search_term_string}"},"query-input":{"@type":"PropertyValueSpecification","valueRequired":true,"valueName":"search_term_string"}}],"inLanguage":"es"},{"@type":"Organization","@id":"https:\/\/lapinedaplatja.info\/es\/#organization","name":"Patronat Municipal de Turisme de Vila-seca","url":"https:\/\/lapinedaplatja.info\/es\/","logo":{"@type":"ImageObject","inLanguage":"es","@id":"https:\/\/lapinedaplatja.info\/es\/#\/schema\/logo\/image\/","url":"https:\/\/lapinedaplatja.info\/wp-content\/uploads\/2018\/10\/cropped-13260099_989491457837088_3488030785405353200_n.jpg","contentUrl":"https:\/\/lapinedaplatja.info\/wp-content\/uploads\/2018\/10\/cropped-13260099_989491457837088_3488030785405353200_n.jpg","width":600,"height":600,"caption":"Patronat Municipal de Turisme de Vila-seca"},"image":{"@id":"https:\/\/lapinedaplatja.info\/es\/#\/schema\/logo\/image\/"},"sameAs":["https:\/\/www.facebook.com\/lapinedaplatja\/","https:\/\/x.com\/lapinedaplatja","https:\/\/www.instagram.com\/lapinedaplatja\/"]},{"@type":"Person","@id":"https:\/\/lapinedaplatja.info\/es\/#\/schema\/person\/c399bfc5013bbcc8361250cc4c08022d","name":"oficines","image":{"@type":"ImageObject","inLanguage":"es","@id":"https:\/\/lapinedaplatja.info\/es\/#\/schema\/person\/image\/","url":"https:\/\/secure.gravatar.com\/avatar\/3f1bf89ca58b8559d1dcf506700f83fb5f4e6054e0412eb877c0bba519c224da?s=96&d=mm&r=g","contentUrl":"https:\/\/secure.gravatar.com\/avatar\/3f1bf89ca58b8559d1dcf506700f83fb5f4e6054e0412eb877c0bba519c224da?s=96&d=mm&r=g","caption":"oficines"}}]}},"_links":{"self":[{"href":"https:\/\/lapinedaplatja.info\/es\/wp-json\/wp\/v2\/posts\/9681","targetHints":{"allow":["GET"]}}],"collection":[{"href":"https:\/\/lapinedaplatja.info\/es\/wp-json\/wp\/v2\/posts"}],"about":[{"href":"https:\/\/lapinedaplatja.info\/es\/wp-json\/wp\/v2\/types\/post"}],"author":[{"embeddable":true,"href":"https:\/\/lapinedaplatja.info\/es\/wp-json\/wp\/v2\/users\/5"}],"replies":[{"embeddable":true,"href":"https:\/\/lapinedaplatja.info\/es\/wp-json\/wp\/v2\/comments?post=9681"}],"version-history":[{"count":0,"href":"https:\/\/lapinedaplatja.info\/es\/wp-json\/wp\/v2\/posts\/9681\/revisions"}],"wp:featuredmedia":[{"embeddable":true,"href":"https:\/\/lapinedaplatja.info\/es\/wp-json\/wp\/v2\/media\/9979"}],"wp:attachment":[{"href":"https:\/\/lapinedaplatja.info\/es\/wp-json\/wp\/v2\/media?parent=9681"}],"wp:term":[{"taxonomy":"category","embeddable":true,"href":"https:\/\/lapinedaplatja.info\/es\/wp-json\/wp\/v2\/categories?post=9681"},{"taxonomy":"post_tag","embeddable":true,"href":"https:\/\/lapinedaplatja.info\/es\/wp-json\/wp\/v2\/tags?post=9681"}],"curies":[{"name":"wp","href":"https:\/\/api.w.org\/{rel}","templated":true}]}}