{"id":11691,"date":"2019-10-03T10:46:47","date_gmt":"2019-10-03T08:46:47","guid":{"rendered":"https:\/\/lapinedaplatja.info\/vila-seca-participa-a-la-fira-top-resa-de-franca\/"},"modified":"2019-10-04T12:44:07","modified_gmt":"2019-10-04T10:44:07","slug":"vila-seca-participa-a-la-fira-top-resa-de-franca","status":"publish","type":"post","link":"https:\/\/lapinedaplatja.info\/fr\/vila-seca-participa-a-la-fira-top-resa-de-franca\/","title":{"rendered":"Vila-seca participe au salon Top Resa en France"},"content":{"rendered":"<p>Vila-seca participe du 1er au 4 octobre au plus important salon du secteur touristique en France, Top Resa. Il s&rsquo;agit d&rsquo;une des derni\u00e8res actions promotionnelles de 2019, \u00e0 travers le <em>Pla Conjunt de Promoci\u00f3<\/em>, la FEHT et les Patronats de Tourisme de la Diputaci\u00f3 de Tarragona Costa Daurada, Salou et Cambrils.<\/p>\n<p>C&rsquo;est la deuxi\u00e8me ann\u00e9e cons\u00e9cutive qu&rsquo;ils participent au salon IFTM Top Resa avec un stand propre, un espace destin\u00e9 aux entrepreneurs et aux diff\u00e9rents responsables des Partronats de tourisme pour expliquer leurs produits et services aux professionnels fran\u00e7ais, \u00e9tablir de nouveaux contacts et renforcer ceux existants. Cette ann\u00e9e, un espace a \u00e9galement \u00e9t\u00e9 install\u00e9 avec 3 appareils de r\u00e9alit\u00e9 virtuelle o\u00f9 les utilisateurs peuvent d\u00e9couvrir Salou, Cambrils et Vila-seca, la Pineda.<\/p>\n<p>Outre les Patronats de Turisme de la Diputaci\u00f3 de la Diputaci\u00f3 de Tarragona, Cambrils, Salou et Vila-seca, les entreprises pr\u00e9sentes sur le stand dans cette \u00e9dition sont : PortAventura World, Hotel Four Elements Suites, Best Hotels, l&rsquo;Estaci\u00f3 N\u00e0utica de la Costa Daurada, Ibersol, Hotel Olympus Palace, Hotel Gran Palas Experience, Rentalmar Apartaments, Grupo Olympia, 4R Hotels, Oh!tels, Grupo Reside, Grup Estival Park, Hotel Mercure Atenea Aventura, Viajes Negresco et Calafell Evasi\u00f3n.<\/p>\n","protected":false},"excerpt":{"rendered":"<p>Vila-seca participe du 1er au 4 octobre au plus important salon du secteur touristique en France, Top Resa. Il s&rsquo;agit d&rsquo;une des derni\u00e8res actions promotionnelles de 2019, \u00e0 travers le Pla Conjunt de Promoci\u00f3, la FEHT et les Patronats de Tourisme de la Diputaci\u00f3 de Tarragona Costa Daurada, Salou et [&hellip;]<\/p>\n","protected":false},"author":4,"featured_media":11684,"comment_status":"closed","ping_status":"open","sticky":false,"template":"","format":"standard","meta":{"_acf_changed":false,"footnotes":""},"categories":[18],"tags":[],"class_list":["post-11691","post","type-post","status-publish","format-standard","has-post-thumbnail","hentry","category-non-classifiee"],"acf":[],"yoast_head":"<!-- This site is optimized with the Yoast SEO plugin v26.6 - https:\/\/yoast.com\/wordpress\/plugins\/seo\/ -->\n<title>Vila-seca participe au salon Top Resa en France | Vila-seca - La Pineda Platja<\/title>\n<meta name=\"description\" content=\"Vila-seca participe du 1er au 4 octobre au plus important salon du secteur touristique en France, Top Resa. Il s&#039;agit d&#039;une des derni\u00e8res actions\" \/>\n<meta name=\"robots\" content=\"index, follow, max-snippet:-1, max-image-preview:large, max-video-preview:-1\" \/>\n<link rel=\"canonical\" href=\"https:\/\/lapinedaplatja.info\/fr\/vila-seca-participa-a-la-fira-top-resa-de-franca\/\" \/>\n<meta property=\"og:locale\" content=\"fr_FR\" \/>\n<meta property=\"og:type\" content=\"article\" \/>\n<meta property=\"og:title\" content=\"Vila-seca participe au salon Top Resa en France | Vila-seca - La Pineda Platja\" \/>\n<meta property=\"og:description\" content=\"Vila-seca participe du 1er au 4 octobre au plus important salon du secteur touristique en France, Top Resa. Il s&#039;agit d&#039;une des derni\u00e8res actions\" \/>\n<meta property=\"og:url\" content=\"https:\/\/lapinedaplatja.info\/fr\/vila-seca-participa-a-la-fira-top-resa-de-franca\/\" \/>\n<meta property=\"og:site_name\" content=\"Vila-seca - La Pineda Platja\" \/>\n<meta property=\"article:publisher\" content=\"https:\/\/www.facebook.com\/lapinedaplatja\/\" \/>\n<meta property=\"article:published_time\" content=\"2019-10-03T08:46:47+00:00\" \/>\n<meta property=\"article:modified_time\" content=\"2019-10-04T10:44:07+00:00\" \/>\n<meta property=\"og:image\" content=\"https:\/\/lapinedaplatja.info\/wp-content\/uploads\/2019\/10\/TOPRESA-CD.jpeg\" \/>\n\t<meta property=\"og:image:width\" content=\"1280\" \/>\n\t<meta property=\"og:image:height\" content=\"960\" \/>\n\t<meta property=\"og:image:type\" content=\"image\/jpeg\" \/>\n<meta name=\"author\" content=\"nerea\" \/>\n<meta name=\"twitter:card\" content=\"summary_large_image\" \/>\n<meta name=\"twitter:creator\" content=\"@lapinedaplatja\" \/>\n<meta name=\"twitter:site\" content=\"@lapinedaplatja\" \/>\n<meta name=\"twitter:label1\" content=\"\u00c9crit par\" \/>\n\t<meta name=\"twitter:data1\" content=\"nerea\" \/>\n\t<meta name=\"twitter:label2\" content=\"Dur\u00e9e de lecture estim\u00e9e\" \/>\n\t<meta name=\"twitter:data2\" content=\"1 minute\" \/>\n<script type=\"application\/ld+json\" class=\"yoast-schema-graph\">{\"@context\":\"https:\/\/schema.org\",\"@graph\":[{\"@type\":\"Article\",\"@id\":\"https:\/\/lapinedaplatja.info\/fr\/vila-seca-participa-a-la-fira-top-resa-de-franca\/#article\",\"isPartOf\":{\"@id\":\"https:\/\/lapinedaplatja.info\/fr\/vila-seca-participa-a-la-fira-top-resa-de-franca\/\"},\"author\":{\"name\":\"nerea\",\"@id\":\"https:\/\/lapinedaplatja.info\/fr\/#\/schema\/person\/29107b3d900b8d3c355b438d5f31edcf\"},\"headline\":\"Vila-seca participe au salon Top Resa en France\",\"datePublished\":\"2019-10-03T08:46:47+00:00\",\"dateModified\":\"2019-10-04T10:44:07+00:00\",\"mainEntityOfPage\":{\"@id\":\"https:\/\/lapinedaplatja.info\/fr\/vila-seca-participa-a-la-fira-top-resa-de-franca\/\"},\"wordCount\":214,\"publisher\":{\"@id\":\"https:\/\/lapinedaplatja.info\/fr\/#organization\"},\"image\":{\"@id\":\"https:\/\/lapinedaplatja.info\/fr\/vila-seca-participa-a-la-fira-top-resa-de-franca\/#primaryimage\"},\"thumbnailUrl\":\"https:\/\/lapinedaplatja.info\/wp-content\/uploads\/2019\/10\/TOPRESA-CD.jpeg\",\"articleSection\":[\"Non classifi\u00e9(e)\"],\"inLanguage\":\"fr-FR\"},{\"@type\":\"WebPage\",\"@id\":\"https:\/\/lapinedaplatja.info\/fr\/vila-seca-participa-a-la-fira-top-resa-de-franca\/\",\"url\":\"https:\/\/lapinedaplatja.info\/fr\/vila-seca-participa-a-la-fira-top-resa-de-franca\/\",\"name\":\"Vila-seca participe au salon Top Resa en France | Vila-seca - La Pineda Platja\",\"isPartOf\":{\"@id\":\"https:\/\/lapinedaplatja.info\/fr\/#website\"},\"primaryImageOfPage\":{\"@id\":\"https:\/\/lapinedaplatja.info\/fr\/vila-seca-participa-a-la-fira-top-resa-de-franca\/#primaryimage\"},\"image\":{\"@id\":\"https:\/\/lapinedaplatja.info\/fr\/vila-seca-participa-a-la-fira-top-resa-de-franca\/#primaryimage\"},\"thumbnailUrl\":\"https:\/\/lapinedaplatja.info\/wp-content\/uploads\/2019\/10\/TOPRESA-CD.jpeg\",\"datePublished\":\"2019-10-03T08:46:47+00:00\",\"dateModified\":\"2019-10-04T10:44:07+00:00\",\"description\":\"Vila-seca participe du 1er au 4 octobre au plus important salon du secteur touristique en France, Top Resa. Il s'agit d'une des derni\u00e8res actions\",\"breadcrumb\":{\"@id\":\"https:\/\/lapinedaplatja.info\/fr\/vila-seca-participa-a-la-fira-top-resa-de-franca\/#breadcrumb\"},\"inLanguage\":\"fr-FR\",\"potentialAction\":[{\"@type\":\"ReadAction\",\"target\":[\"https:\/\/lapinedaplatja.info\/fr\/vila-seca-participa-a-la-fira-top-resa-de-franca\/\"]}]},{\"@type\":\"ImageObject\",\"inLanguage\":\"fr-FR\",\"@id\":\"https:\/\/lapinedaplatja.info\/fr\/vila-seca-participa-a-la-fira-top-resa-de-franca\/#primaryimage\",\"url\":\"https:\/\/lapinedaplatja.info\/wp-content\/uploads\/2019\/10\/TOPRESA-CD.jpeg\",\"contentUrl\":\"https:\/\/lapinedaplatja.info\/wp-content\/uploads\/2019\/10\/TOPRESA-CD.jpeg\",\"width\":1280,\"height\":960},{\"@type\":\"BreadcrumbList\",\"@id\":\"https:\/\/lapinedaplatja.info\/fr\/vila-seca-participa-a-la-fira-top-resa-de-franca\/#breadcrumb\",\"itemListElement\":[{\"@type\":\"ListItem\",\"position\":1,\"name\":\"Portada\",\"item\":\"https:\/\/lapinedaplatja.info\/fr\/\"},{\"@type\":\"ListItem\",\"position\":2,\"name\":\"Vila-seca participe au salon Top Resa en France\"}]},{\"@type\":\"WebSite\",\"@id\":\"https:\/\/lapinedaplatja.info\/fr\/#website\",\"url\":\"https:\/\/lapinedaplatja.info\/fr\/\",\"name\":\"La Pineda Platja | Vila-seca\",\"description\":\"Oficina de Turismo de La Pineda.\",\"publisher\":{\"@id\":\"https:\/\/lapinedaplatja.info\/fr\/#organization\"},\"potentialAction\":[{\"@type\":\"SearchAction\",\"target\":{\"@type\":\"EntryPoint\",\"urlTemplate\":\"https:\/\/lapinedaplatja.info\/fr\/?s={search_term_string}\"},\"query-input\":{\"@type\":\"PropertyValueSpecification\",\"valueRequired\":true,\"valueName\":\"search_term_string\"}}],\"inLanguage\":\"fr-FR\"},{\"@type\":\"Organization\",\"@id\":\"https:\/\/lapinedaplatja.info\/fr\/#organization\",\"name\":\"Patronat Municipal de Turisme de Vila-seca\",\"url\":\"https:\/\/lapinedaplatja.info\/fr\/\",\"logo\":{\"@type\":\"ImageObject\",\"inLanguage\":\"fr-FR\",\"@id\":\"https:\/\/lapinedaplatja.info\/fr\/#\/schema\/logo\/image\/\",\"url\":\"https:\/\/lapinedaplatja.info\/wp-content\/uploads\/2018\/10\/cropped-13260099_989491457837088_3488030785405353200_n.jpg\",\"contentUrl\":\"https:\/\/lapinedaplatja.info\/wp-content\/uploads\/2018\/10\/cropped-13260099_989491457837088_3488030785405353200_n.jpg\",\"width\":600,\"height\":600,\"caption\":\"Patronat Municipal de Turisme de Vila-seca\"},\"image\":{\"@id\":\"https:\/\/lapinedaplatja.info\/fr\/#\/schema\/logo\/image\/\"},\"sameAs\":[\"https:\/\/www.facebook.com\/lapinedaplatja\/\",\"https:\/\/x.com\/lapinedaplatja\",\"https:\/\/www.instagram.com\/lapinedaplatja\/\"]},{\"@type\":\"Person\",\"@id\":\"https:\/\/lapinedaplatja.info\/fr\/#\/schema\/person\/29107b3d900b8d3c355b438d5f31edcf\",\"name\":\"nerea\",\"image\":{\"@type\":\"ImageObject\",\"inLanguage\":\"fr-FR\",\"@id\":\"https:\/\/lapinedaplatja.info\/fr\/#\/schema\/person\/image\/\",\"url\":\"https:\/\/secure.gravatar.com\/avatar\/d3b9655a037913ef9c32c9777e65c2c8c6eaaf0460db91392b4a3c47c5e66474?s=96&d=mm&r=g\",\"contentUrl\":\"https:\/\/secure.gravatar.com\/avatar\/d3b9655a037913ef9c32c9777e65c2c8c6eaaf0460db91392b4a3c47c5e66474?s=96&d=mm&r=g\",\"caption\":\"nerea\"}}]}<\/script>\n<!-- \/ Yoast SEO plugin. -->","yoast_head_json":{"title":"Vila-seca participe au salon Top Resa en France | Vila-seca - La Pineda Platja","description":"Vila-seca participe du 1er au 4 octobre au plus important salon du secteur touristique en France, Top Resa. Il s'agit d'une des derni\u00e8res actions","robots":{"index":"index","follow":"follow","max-snippet":"max-snippet:-1","max-image-preview":"max-image-preview:large","max-video-preview":"max-video-preview:-1"},"canonical":"https:\/\/lapinedaplatja.info\/fr\/vila-seca-participa-a-la-fira-top-resa-de-franca\/","og_locale":"fr_FR","og_type":"article","og_title":"Vila-seca participe au salon Top Resa en France | Vila-seca - La Pineda Platja","og_description":"Vila-seca participe du 1er au 4 octobre au plus important salon du secteur touristique en France, Top Resa. Il s'agit d'une des derni\u00e8res actions","og_url":"https:\/\/lapinedaplatja.info\/fr\/vila-seca-participa-a-la-fira-top-resa-de-franca\/","og_site_name":"Vila-seca - La Pineda Platja","article_publisher":"https:\/\/www.facebook.com\/lapinedaplatja\/","article_published_time":"2019-10-03T08:46:47+00:00","article_modified_time":"2019-10-04T10:44:07+00:00","og_image":[{"width":1280,"height":960,"url":"https:\/\/lapinedaplatja.info\/wp-content\/uploads\/2019\/10\/TOPRESA-CD.jpeg","type":"image\/jpeg"}],"author":"nerea","twitter_card":"summary_large_image","twitter_creator":"@lapinedaplatja","twitter_site":"@lapinedaplatja","twitter_misc":{"\u00c9crit par":"nerea","Dur\u00e9e de lecture estim\u00e9e":"1 minute"},"schema":{"@context":"https:\/\/schema.org","@graph":[{"@type":"Article","@id":"https:\/\/lapinedaplatja.info\/fr\/vila-seca-participa-a-la-fira-top-resa-de-franca\/#article","isPartOf":{"@id":"https:\/\/lapinedaplatja.info\/fr\/vila-seca-participa-a-la-fira-top-resa-de-franca\/"},"author":{"name":"nerea","@id":"https:\/\/lapinedaplatja.info\/fr\/#\/schema\/person\/29107b3d900b8d3c355b438d5f31edcf"},"headline":"Vila-seca participe au salon Top Resa en France","datePublished":"2019-10-03T08:46:47+00:00","dateModified":"2019-10-04T10:44:07+00:00","mainEntityOfPage":{"@id":"https:\/\/lapinedaplatja.info\/fr\/vila-seca-participa-a-la-fira-top-resa-de-franca\/"},"wordCount":214,"publisher":{"@id":"https:\/\/lapinedaplatja.info\/fr\/#organization"},"image":{"@id":"https:\/\/lapinedaplatja.info\/fr\/vila-seca-participa-a-la-fira-top-resa-de-franca\/#primaryimage"},"thumbnailUrl":"https:\/\/lapinedaplatja.info\/wp-content\/uploads\/2019\/10\/TOPRESA-CD.jpeg","articleSection":["Non classifi\u00e9(e)"],"inLanguage":"fr-FR"},{"@type":"WebPage","@id":"https:\/\/lapinedaplatja.info\/fr\/vila-seca-participa-a-la-fira-top-resa-de-franca\/","url":"https:\/\/lapinedaplatja.info\/fr\/vila-seca-participa-a-la-fira-top-resa-de-franca\/","name":"Vila-seca participe au salon Top Resa en France | Vila-seca - La Pineda Platja","isPartOf":{"@id":"https:\/\/lapinedaplatja.info\/fr\/#website"},"primaryImageOfPage":{"@id":"https:\/\/lapinedaplatja.info\/fr\/vila-seca-participa-a-la-fira-top-resa-de-franca\/#primaryimage"},"image":{"@id":"https:\/\/lapinedaplatja.info\/fr\/vila-seca-participa-a-la-fira-top-resa-de-franca\/#primaryimage"},"thumbnailUrl":"https:\/\/lapinedaplatja.info\/wp-content\/uploads\/2019\/10\/TOPRESA-CD.jpeg","datePublished":"2019-10-03T08:46:47+00:00","dateModified":"2019-10-04T10:44:07+00:00","description":"Vila-seca participe du 1er au 4 octobre au plus important salon du secteur touristique en France, Top Resa. Il s'agit d'une des derni\u00e8res actions","breadcrumb":{"@id":"https:\/\/lapinedaplatja.info\/fr\/vila-seca-participa-a-la-fira-top-resa-de-franca\/#breadcrumb"},"inLanguage":"fr-FR","potentialAction":[{"@type":"ReadAction","target":["https:\/\/lapinedaplatja.info\/fr\/vila-seca-participa-a-la-fira-top-resa-de-franca\/"]}]},{"@type":"ImageObject","inLanguage":"fr-FR","@id":"https:\/\/lapinedaplatja.info\/fr\/vila-seca-participa-a-la-fira-top-resa-de-franca\/#primaryimage","url":"https:\/\/lapinedaplatja.info\/wp-content\/uploads\/2019\/10\/TOPRESA-CD.jpeg","contentUrl":"https:\/\/lapinedaplatja.info\/wp-content\/uploads\/2019\/10\/TOPRESA-CD.jpeg","width":1280,"height":960},{"@type":"BreadcrumbList","@id":"https:\/\/lapinedaplatja.info\/fr\/vila-seca-participa-a-la-fira-top-resa-de-franca\/#breadcrumb","itemListElement":[{"@type":"ListItem","position":1,"name":"Portada","item":"https:\/\/lapinedaplatja.info\/fr\/"},{"@type":"ListItem","position":2,"name":"Vila-seca participe au salon Top Resa en France"}]},{"@type":"WebSite","@id":"https:\/\/lapinedaplatja.info\/fr\/#website","url":"https:\/\/lapinedaplatja.info\/fr\/","name":"La Pineda Platja | Vila-seca","description":"Oficina de Turismo de La Pineda.","publisher":{"@id":"https:\/\/lapinedaplatja.info\/fr\/#organization"},"potentialAction":[{"@type":"SearchAction","target":{"@type":"EntryPoint","urlTemplate":"https:\/\/lapinedaplatja.info\/fr\/?s={search_term_string}"},"query-input":{"@type":"PropertyValueSpecification","valueRequired":true,"valueName":"search_term_string"}}],"inLanguage":"fr-FR"},{"@type":"Organization","@id":"https:\/\/lapinedaplatja.info\/fr\/#organization","name":"Patronat Municipal de Turisme de Vila-seca","url":"https:\/\/lapinedaplatja.info\/fr\/","logo":{"@type":"ImageObject","inLanguage":"fr-FR","@id":"https:\/\/lapinedaplatja.info\/fr\/#\/schema\/logo\/image\/","url":"https:\/\/lapinedaplatja.info\/wp-content\/uploads\/2018\/10\/cropped-13260099_989491457837088_3488030785405353200_n.jpg","contentUrl":"https:\/\/lapinedaplatja.info\/wp-content\/uploads\/2018\/10\/cropped-13260099_989491457837088_3488030785405353200_n.jpg","width":600,"height":600,"caption":"Patronat Municipal de Turisme de Vila-seca"},"image":{"@id":"https:\/\/lapinedaplatja.info\/fr\/#\/schema\/logo\/image\/"},"sameAs":["https:\/\/www.facebook.com\/lapinedaplatja\/","https:\/\/x.com\/lapinedaplatja","https:\/\/www.instagram.com\/lapinedaplatja\/"]},{"@type":"Person","@id":"https:\/\/lapinedaplatja.info\/fr\/#\/schema\/person\/29107b3d900b8d3c355b438d5f31edcf","name":"nerea","image":{"@type":"ImageObject","inLanguage":"fr-FR","@id":"https:\/\/lapinedaplatja.info\/fr\/#\/schema\/person\/image\/","url":"https:\/\/secure.gravatar.com\/avatar\/d3b9655a037913ef9c32c9777e65c2c8c6eaaf0460db91392b4a3c47c5e66474?s=96&d=mm&r=g","contentUrl":"https:\/\/secure.gravatar.com\/avatar\/d3b9655a037913ef9c32c9777e65c2c8c6eaaf0460db91392b4a3c47c5e66474?s=96&d=mm&r=g","caption":"nerea"}}]}},"_links":{"self":[{"href":"https:\/\/lapinedaplatja.info\/fr\/wp-json\/wp\/v2\/posts\/11691","targetHints":{"allow":["GET"]}}],"collection":[{"href":"https:\/\/lapinedaplatja.info\/fr\/wp-json\/wp\/v2\/posts"}],"about":[{"href":"https:\/\/lapinedaplatja.info\/fr\/wp-json\/wp\/v2\/types\/post"}],"author":[{"embeddable":true,"href":"https:\/\/lapinedaplatja.info\/fr\/wp-json\/wp\/v2\/users\/4"}],"replies":[{"embeddable":true,"href":"https:\/\/lapinedaplatja.info\/fr\/wp-json\/wp\/v2\/comments?post=11691"}],"version-history":[{"count":0,"href":"https:\/\/lapinedaplatja.info\/fr\/wp-json\/wp\/v2\/posts\/11691\/revisions"}],"wp:featuredmedia":[{"embeddable":true,"href":"https:\/\/lapinedaplatja.info\/fr\/wp-json\/wp\/v2\/media\/11684"}],"wp:attachment":[{"href":"https:\/\/lapinedaplatja.info\/fr\/wp-json\/wp\/v2\/media?parent=11691"}],"wp:term":[{"taxonomy":"category","embeddable":true,"href":"https:\/\/lapinedaplatja.info\/fr\/wp-json\/wp\/v2\/categories?post=11691"},{"taxonomy":"post_tag","embeddable":true,"href":"https:\/\/lapinedaplatja.info\/fr\/wp-json\/wp\/v2\/tags?post=11691"}],"curies":[{"name":"wp","href":"https:\/\/api.w.org\/{rel}","templated":true}]}}