{"id":16179,"date":"2021-05-20T10:25:33","date_gmt":"2021-05-20T08:25:33","guid":{"rendered":"https:\/\/lapinedaplatja.info\/?p=16179"},"modified":"2021-05-20T10:25:33","modified_gmt":"2021-05-20T08:25:33","slug":"cambrils-reus-salou-et-vila-seca-participent-ensemble-a-fitur","status":"publish","type":"post","link":"https:\/\/lapinedaplatja.info\/fr\/cambrils-reus-salou-et-vila-seca-participent-ensemble-a-fitur\/","title":{"rendered":"Cambrils, Reus, Salou et Vila-seca participent ensemble \u00e0 FITUR"},"content":{"rendered":"<p>L&rsquo;Alliance touristique, form\u00e9e par les municipalit\u00e9s de Cambrils, Reus, Salou et Vila-seca, est \u00e0 nouveau promue au Salon international du tourisme (FITUR) qui se tient cette ann\u00e9e du 19 au 23 mai \u00e0 l&rsquo;IFEMA de Madrid, avec un espace de rencontre commun avec le Patronat de Turisme de la Diputaci\u00f3 de Tarragona et Port Aventura World.<\/p>\n<p>Les municipalit\u00e9s de l&rsquo;Alliance touristique ont \u00e9t\u00e9 repr\u00e9sent\u00e9es institutionnellement \u00e0 FITUR par le maire de Cambrils, Camino Mendoza et la conseill\u00e8re en tourisme et projection ext\u00e9rieure, Marta Borr\u00e0s, le maire de Salou, Pere Granados, la conseill\u00e8re en promotion de la ville de Reus, Montserrat Caelles et le maire de Vila-seca, Pedro Segura et la conseill\u00e8re en innovation et tourisme, Cristina Cid.<\/p>\n<p>Comme chaque ann\u00e9e, les entrepreneurs du tourisme : h\u00e9bergement, agences de voyage, tour-op\u00e9rateurs, voyagistes, m\u00e9dias et entreprises de services touristiques, entre autres, sont les principaux utilisateurs de l&rsquo;espace professionnel de cette \u00e9dition ; ils travailleront sur rendez-vous en raison de la capacit\u00e9 limit\u00e9e et se conformeront \u00e0 toutes les mesures d&rsquo;hygi\u00e8ne n\u00e9cessaires et \u00e9tablies par les protocoles sanitaires de la foire. Ces protocoles comprennent des accr\u00e9ditations num\u00e9riques, nominatives et li\u00e9es \u00e0 un processus de v\u00e9rification avec un test COVID19 n\u00e9gatif.<\/p>\n<p>L&rsquo;utilisation de l&rsquo;espace de l&rsquo;Alliance sera, \u00e0 partir de ce vendredi, au service des visiteurs, principalement des familles, \u00e0 la recherche d&rsquo;informations pour leurs vacances.<\/p>\n<p><strong>L&rsquo;Alliance touristique<\/strong><\/p>\n<p>L&rsquo;Alliance touristique, qui regroupe Cambrils, Reus, Salou et Vila-seca, f\u00eate cette ann\u00e9e le 15e anniversaire de sa cr\u00e9ation. Les actions de l&rsquo;Alliance r\u00e9pondent \u00e0 la valeur ajout\u00e9e de la coordination et de l&rsquo;int\u00e9gration des efforts aux objectifs communs des municipalit\u00e9s qui la composent, avec la g\u00e9n\u00e9ration de synergies qui se traduisent par une plus grande efficacit\u00e9 des actions, une plus grande visibilit\u00e9 et une meilleure gestion de la promotion touristique de la destination.<\/p>\n<p>La participation \u00e0 des salons professionnels, les promotions destin\u00e9es au public final, la publicit\u00e9 dans les m\u00e9dias, les annonces dans les cin\u00e9mas, les campagnes num\u00e9riques programm\u00e9es, les spots t\u00e9l\u00e9vis\u00e9s, etc. sont quelques-unes des actions r\u00e9alis\u00e9es et qui ont \u00e9t\u00e9 planifi\u00e9es strat\u00e9giquement, segment\u00e9es et destin\u00e9es \u00e0 attirer et \u00e0 retenir les visiteurs.<\/p>\n<p>L&rsquo;Alliance s&rsquo;est engag\u00e9e dans le tourisme national, en mettant en avant des activit\u00e9s au Pays basque, en Cantabrie (Santander), en Navarre et dans La Rioja (Logro\u00f1o) mais aussi dans la r\u00e9gion d&rsquo;Aragon (Saragosse) et dans la Communaut\u00e9 de Madrid, sans oublier le visiteur catalan, avec des actions dans la ville de Barcelone et sa province et dans la ville de Lleida. En ce qui concerne le tourisme international, les actions ont \u00e9t\u00e9 principalement destin\u00e9es au tourisme fran\u00e7ais et andorran.<\/p>\n<p>Il convient \u00e9galement de noter que dans la plupart de ces actions, il y a eu la participation de Port Aventura World et la collaboration du Patronat de Turisme de la Diputaci\u00f3 de Tarragona et de la marque Costa Dorada. Les responsables de cette alliance dressent un bilan tr\u00e8s positif du travail commun et estiment que les bons r\u00e9sultats renforcent cette strat\u00e9gie pour l&rsquo;avenir.<\/p>\n<p>Pour cette ann\u00e9e 2021, les principales campagnes pr\u00e9vues donneront la priorit\u00e9 au tourisme \u00e9tatique et catalan dans le but de fidelizarlo et desestacionalizar-lo. Ces campagnes seront la publicit\u00e9 et la communication en ligne, car elles sont consid\u00e9r\u00e9es comme les outils les plus efficaces pour faire conna\u00eetre les attractions touristiques du territoire.<\/p>\n<p>&nbsp;<\/p>\n","protected":false},"excerpt":{"rendered":"<p>L&rsquo;Alliance touristique, form\u00e9e par les municipalit\u00e9s de Cambrils, Reus, Salou et Vila-seca, est \u00e0 nouveau promue au Salon international du tourisme (FITUR) qui se tient cette ann\u00e9e du 19 au 23 mai \u00e0 l&rsquo;IFEMA de Madrid, avec un espace de rencontre commun avec le Patronat de Turisme de la Diputaci\u00f3 [&hellip;]<\/p>\n","protected":false},"author":5,"featured_media":16155,"comment_status":"closed","ping_status":"open","sticky":false,"template":"","format":"standard","meta":{"_acf_changed":false,"footnotes":""},"categories":[18],"tags":[],"class_list":["post-16179","post","type-post","status-publish","format-standard","has-post-thumbnail","hentry","category-non-classifiee"],"acf":[],"yoast_head":"<!-- This site is optimized with the Yoast SEO plugin v26.6 - https:\/\/yoast.com\/wordpress\/plugins\/seo\/ -->\n<title>Cambrils, Reus, Salou et Vila-seca participent ensemble \u00e0 FITUR | Vila-seca - La Pineda Platja<\/title>\n<meta name=\"description\" content=\"L&#039;Alliance touristique, form\u00e9e par les municipalit\u00e9s de Cambrils, Reus, Salou et Vila-seca, est \u00e0 nouveau promue au Salon international du tourisme\" \/>\n<meta name=\"robots\" content=\"index, follow, max-snippet:-1, max-image-preview:large, max-video-preview:-1\" \/>\n<link rel=\"canonical\" href=\"https:\/\/lapinedaplatja.info\/fr\/cambrils-reus-salou-et-vila-seca-participent-ensemble-a-fitur\/\" \/>\n<meta property=\"og:locale\" content=\"fr_FR\" \/>\n<meta property=\"og:type\" content=\"article\" \/>\n<meta property=\"og:title\" content=\"Cambrils, Reus, Salou et Vila-seca participent ensemble \u00e0 FITUR | Vila-seca - La Pineda Platja\" \/>\n<meta property=\"og:description\" content=\"L&#039;Alliance touristique, form\u00e9e par les municipalit\u00e9s de Cambrils, Reus, Salou et Vila-seca, est \u00e0 nouveau promue au Salon international du tourisme\" \/>\n<meta property=\"og:url\" content=\"https:\/\/lapinedaplatja.info\/fr\/cambrils-reus-salou-et-vila-seca-participent-ensemble-a-fitur\/\" \/>\n<meta property=\"og:site_name\" content=\"Vila-seca - La Pineda Platja\" \/>\n<meta property=\"article:publisher\" content=\"https:\/\/www.facebook.com\/lapinedaplatja\/\" \/>\n<meta property=\"article:published_time\" content=\"2021-05-20T08:25:33+00:00\" \/>\n<meta property=\"og:image\" content=\"https:\/\/lapinedaplatja.info\/wp-content\/uploads\/2021\/05\/187426469_4020658337988572_3559230330900283077_n.jpg\" \/>\n\t<meta property=\"og:image:width\" content=\"720\" \/>\n\t<meta property=\"og:image:height\" content=\"540\" \/>\n\t<meta property=\"og:image:type\" content=\"image\/jpeg\" \/>\n<meta name=\"author\" content=\"oficines\" \/>\n<meta name=\"twitter:card\" content=\"summary_large_image\" \/>\n<meta name=\"twitter:creator\" content=\"@lapinedaplatja\" \/>\n<meta name=\"twitter:site\" content=\"@lapinedaplatja\" \/>\n<meta name=\"twitter:label1\" content=\"\u00c9crit par\" \/>\n\t<meta name=\"twitter:data1\" content=\"oficines\" \/>\n\t<meta name=\"twitter:label2\" content=\"Dur\u00e9e de lecture estim\u00e9e\" \/>\n\t<meta name=\"twitter:data2\" content=\"3 minutes\" \/>\n<script type=\"application\/ld+json\" class=\"yoast-schema-graph\">{\"@context\":\"https:\/\/schema.org\",\"@graph\":[{\"@type\":\"Article\",\"@id\":\"https:\/\/lapinedaplatja.info\/fr\/cambrils-reus-salou-et-vila-seca-participent-ensemble-a-fitur\/#article\",\"isPartOf\":{\"@id\":\"https:\/\/lapinedaplatja.info\/fr\/cambrils-reus-salou-et-vila-seca-participent-ensemble-a-fitur\/\"},\"author\":{\"name\":\"oficines\",\"@id\":\"https:\/\/lapinedaplatja.info\/fr\/#\/schema\/person\/c399bfc5013bbcc8361250cc4c08022d\"},\"headline\":\"Cambrils, Reus, Salou et Vila-seca participent ensemble \u00e0 FITUR\",\"datePublished\":\"2021-05-20T08:25:33+00:00\",\"mainEntityOfPage\":{\"@id\":\"https:\/\/lapinedaplatja.info\/fr\/cambrils-reus-salou-et-vila-seca-participent-ensemble-a-fitur\/\"},\"wordCount\":612,\"publisher\":{\"@id\":\"https:\/\/lapinedaplatja.info\/fr\/#organization\"},\"image\":{\"@id\":\"https:\/\/lapinedaplatja.info\/fr\/cambrils-reus-salou-et-vila-seca-participent-ensemble-a-fitur\/#primaryimage\"},\"thumbnailUrl\":\"https:\/\/lapinedaplatja.info\/wp-content\/uploads\/2021\/05\/187426469_4020658337988572_3559230330900283077_n.jpg\",\"articleSection\":[\"Non classifi\u00e9(e)\"],\"inLanguage\":\"fr-FR\"},{\"@type\":\"WebPage\",\"@id\":\"https:\/\/lapinedaplatja.info\/fr\/cambrils-reus-salou-et-vila-seca-participent-ensemble-a-fitur\/\",\"url\":\"https:\/\/lapinedaplatja.info\/fr\/cambrils-reus-salou-et-vila-seca-participent-ensemble-a-fitur\/\",\"name\":\"Cambrils, Reus, Salou et Vila-seca participent ensemble \u00e0 FITUR | Vila-seca - La Pineda Platja\",\"isPartOf\":{\"@id\":\"https:\/\/lapinedaplatja.info\/fr\/#website\"},\"primaryImageOfPage\":{\"@id\":\"https:\/\/lapinedaplatja.info\/fr\/cambrils-reus-salou-et-vila-seca-participent-ensemble-a-fitur\/#primaryimage\"},\"image\":{\"@id\":\"https:\/\/lapinedaplatja.info\/fr\/cambrils-reus-salou-et-vila-seca-participent-ensemble-a-fitur\/#primaryimage\"},\"thumbnailUrl\":\"https:\/\/lapinedaplatja.info\/wp-content\/uploads\/2021\/05\/187426469_4020658337988572_3559230330900283077_n.jpg\",\"datePublished\":\"2021-05-20T08:25:33+00:00\",\"description\":\"L'Alliance touristique, form\u00e9e par les municipalit\u00e9s de Cambrils, Reus, Salou et Vila-seca, est \u00e0 nouveau promue au Salon international du tourisme\",\"breadcrumb\":{\"@id\":\"https:\/\/lapinedaplatja.info\/fr\/cambrils-reus-salou-et-vila-seca-participent-ensemble-a-fitur\/#breadcrumb\"},\"inLanguage\":\"fr-FR\",\"potentialAction\":[{\"@type\":\"ReadAction\",\"target\":[\"https:\/\/lapinedaplatja.info\/fr\/cambrils-reus-salou-et-vila-seca-participent-ensemble-a-fitur\/\"]}]},{\"@type\":\"ImageObject\",\"inLanguage\":\"fr-FR\",\"@id\":\"https:\/\/lapinedaplatja.info\/fr\/cambrils-reus-salou-et-vila-seca-participent-ensemble-a-fitur\/#primaryimage\",\"url\":\"https:\/\/lapinedaplatja.info\/wp-content\/uploads\/2021\/05\/187426469_4020658337988572_3559230330900283077_n.jpg\",\"contentUrl\":\"https:\/\/lapinedaplatja.info\/wp-content\/uploads\/2021\/05\/187426469_4020658337988572_3559230330900283077_n.jpg\",\"width\":720,\"height\":540,\"caption\":\"fitur 21\"},{\"@type\":\"BreadcrumbList\",\"@id\":\"https:\/\/lapinedaplatja.info\/fr\/cambrils-reus-salou-et-vila-seca-participent-ensemble-a-fitur\/#breadcrumb\",\"itemListElement\":[{\"@type\":\"ListItem\",\"position\":1,\"name\":\"Portada\",\"item\":\"https:\/\/lapinedaplatja.info\/fr\/\"},{\"@type\":\"ListItem\",\"position\":2,\"name\":\"Cambrils, Reus, Salou et Vila-seca participent ensemble \u00e0 FITUR\"}]},{\"@type\":\"WebSite\",\"@id\":\"https:\/\/lapinedaplatja.info\/fr\/#website\",\"url\":\"https:\/\/lapinedaplatja.info\/fr\/\",\"name\":\"La Pineda Platja | Vila-seca\",\"description\":\"Oficina de Turismo de La Pineda.\",\"publisher\":{\"@id\":\"https:\/\/lapinedaplatja.info\/fr\/#organization\"},\"potentialAction\":[{\"@type\":\"SearchAction\",\"target\":{\"@type\":\"EntryPoint\",\"urlTemplate\":\"https:\/\/lapinedaplatja.info\/fr\/?s={search_term_string}\"},\"query-input\":{\"@type\":\"PropertyValueSpecification\",\"valueRequired\":true,\"valueName\":\"search_term_string\"}}],\"inLanguage\":\"fr-FR\"},{\"@type\":\"Organization\",\"@id\":\"https:\/\/lapinedaplatja.info\/fr\/#organization\",\"name\":\"Patronat Municipal de Turisme de Vila-seca\",\"url\":\"https:\/\/lapinedaplatja.info\/fr\/\",\"logo\":{\"@type\":\"ImageObject\",\"inLanguage\":\"fr-FR\",\"@id\":\"https:\/\/lapinedaplatja.info\/fr\/#\/schema\/logo\/image\/\",\"url\":\"https:\/\/lapinedaplatja.info\/wp-content\/uploads\/2018\/10\/cropped-13260099_989491457837088_3488030785405353200_n.jpg\",\"contentUrl\":\"https:\/\/lapinedaplatja.info\/wp-content\/uploads\/2018\/10\/cropped-13260099_989491457837088_3488030785405353200_n.jpg\",\"width\":600,\"height\":600,\"caption\":\"Patronat Municipal de Turisme de Vila-seca\"},\"image\":{\"@id\":\"https:\/\/lapinedaplatja.info\/fr\/#\/schema\/logo\/image\/\"},\"sameAs\":[\"https:\/\/www.facebook.com\/lapinedaplatja\/\",\"https:\/\/x.com\/lapinedaplatja\",\"https:\/\/www.instagram.com\/lapinedaplatja\/\"]},{\"@type\":\"Person\",\"@id\":\"https:\/\/lapinedaplatja.info\/fr\/#\/schema\/person\/c399bfc5013bbcc8361250cc4c08022d\",\"name\":\"oficines\",\"image\":{\"@type\":\"ImageObject\",\"inLanguage\":\"fr-FR\",\"@id\":\"https:\/\/lapinedaplatja.info\/fr\/#\/schema\/person\/image\/\",\"url\":\"https:\/\/secure.gravatar.com\/avatar\/3f1bf89ca58b8559d1dcf506700f83fb5f4e6054e0412eb877c0bba519c224da?s=96&d=mm&r=g\",\"contentUrl\":\"https:\/\/secure.gravatar.com\/avatar\/3f1bf89ca58b8559d1dcf506700f83fb5f4e6054e0412eb877c0bba519c224da?s=96&d=mm&r=g\",\"caption\":\"oficines\"}}]}<\/script>\n<!-- \/ Yoast SEO plugin. -->","yoast_head_json":{"title":"Cambrils, Reus, Salou et Vila-seca participent ensemble \u00e0 FITUR | Vila-seca - La Pineda Platja","description":"L'Alliance touristique, form\u00e9e par les municipalit\u00e9s de Cambrils, Reus, Salou et Vila-seca, est \u00e0 nouveau promue au Salon international du tourisme","robots":{"index":"index","follow":"follow","max-snippet":"max-snippet:-1","max-image-preview":"max-image-preview:large","max-video-preview":"max-video-preview:-1"},"canonical":"https:\/\/lapinedaplatja.info\/fr\/cambrils-reus-salou-et-vila-seca-participent-ensemble-a-fitur\/","og_locale":"fr_FR","og_type":"article","og_title":"Cambrils, Reus, Salou et Vila-seca participent ensemble \u00e0 FITUR | Vila-seca - La Pineda Platja","og_description":"L'Alliance touristique, form\u00e9e par les municipalit\u00e9s de Cambrils, Reus, Salou et Vila-seca, est \u00e0 nouveau promue au Salon international du tourisme","og_url":"https:\/\/lapinedaplatja.info\/fr\/cambrils-reus-salou-et-vila-seca-participent-ensemble-a-fitur\/","og_site_name":"Vila-seca - La Pineda Platja","article_publisher":"https:\/\/www.facebook.com\/lapinedaplatja\/","article_published_time":"2021-05-20T08:25:33+00:00","og_image":[{"width":720,"height":540,"url":"https:\/\/lapinedaplatja.info\/wp-content\/uploads\/2021\/05\/187426469_4020658337988572_3559230330900283077_n.jpg","type":"image\/jpeg"}],"author":"oficines","twitter_card":"summary_large_image","twitter_creator":"@lapinedaplatja","twitter_site":"@lapinedaplatja","twitter_misc":{"\u00c9crit par":"oficines","Dur\u00e9e de lecture estim\u00e9e":"3 minutes"},"schema":{"@context":"https:\/\/schema.org","@graph":[{"@type":"Article","@id":"https:\/\/lapinedaplatja.info\/fr\/cambrils-reus-salou-et-vila-seca-participent-ensemble-a-fitur\/#article","isPartOf":{"@id":"https:\/\/lapinedaplatja.info\/fr\/cambrils-reus-salou-et-vila-seca-participent-ensemble-a-fitur\/"},"author":{"name":"oficines","@id":"https:\/\/lapinedaplatja.info\/fr\/#\/schema\/person\/c399bfc5013bbcc8361250cc4c08022d"},"headline":"Cambrils, Reus, Salou et Vila-seca participent ensemble \u00e0 FITUR","datePublished":"2021-05-20T08:25:33+00:00","mainEntityOfPage":{"@id":"https:\/\/lapinedaplatja.info\/fr\/cambrils-reus-salou-et-vila-seca-participent-ensemble-a-fitur\/"},"wordCount":612,"publisher":{"@id":"https:\/\/lapinedaplatja.info\/fr\/#organization"},"image":{"@id":"https:\/\/lapinedaplatja.info\/fr\/cambrils-reus-salou-et-vila-seca-participent-ensemble-a-fitur\/#primaryimage"},"thumbnailUrl":"https:\/\/lapinedaplatja.info\/wp-content\/uploads\/2021\/05\/187426469_4020658337988572_3559230330900283077_n.jpg","articleSection":["Non classifi\u00e9(e)"],"inLanguage":"fr-FR"},{"@type":"WebPage","@id":"https:\/\/lapinedaplatja.info\/fr\/cambrils-reus-salou-et-vila-seca-participent-ensemble-a-fitur\/","url":"https:\/\/lapinedaplatja.info\/fr\/cambrils-reus-salou-et-vila-seca-participent-ensemble-a-fitur\/","name":"Cambrils, Reus, Salou et Vila-seca participent ensemble \u00e0 FITUR | Vila-seca - La Pineda Platja","isPartOf":{"@id":"https:\/\/lapinedaplatja.info\/fr\/#website"},"primaryImageOfPage":{"@id":"https:\/\/lapinedaplatja.info\/fr\/cambrils-reus-salou-et-vila-seca-participent-ensemble-a-fitur\/#primaryimage"},"image":{"@id":"https:\/\/lapinedaplatja.info\/fr\/cambrils-reus-salou-et-vila-seca-participent-ensemble-a-fitur\/#primaryimage"},"thumbnailUrl":"https:\/\/lapinedaplatja.info\/wp-content\/uploads\/2021\/05\/187426469_4020658337988572_3559230330900283077_n.jpg","datePublished":"2021-05-20T08:25:33+00:00","description":"L'Alliance touristique, form\u00e9e par les municipalit\u00e9s de Cambrils, Reus, Salou et Vila-seca, est \u00e0 nouveau promue au Salon international du tourisme","breadcrumb":{"@id":"https:\/\/lapinedaplatja.info\/fr\/cambrils-reus-salou-et-vila-seca-participent-ensemble-a-fitur\/#breadcrumb"},"inLanguage":"fr-FR","potentialAction":[{"@type":"ReadAction","target":["https:\/\/lapinedaplatja.info\/fr\/cambrils-reus-salou-et-vila-seca-participent-ensemble-a-fitur\/"]}]},{"@type":"ImageObject","inLanguage":"fr-FR","@id":"https:\/\/lapinedaplatja.info\/fr\/cambrils-reus-salou-et-vila-seca-participent-ensemble-a-fitur\/#primaryimage","url":"https:\/\/lapinedaplatja.info\/wp-content\/uploads\/2021\/05\/187426469_4020658337988572_3559230330900283077_n.jpg","contentUrl":"https:\/\/lapinedaplatja.info\/wp-content\/uploads\/2021\/05\/187426469_4020658337988572_3559230330900283077_n.jpg","width":720,"height":540,"caption":"fitur 21"},{"@type":"BreadcrumbList","@id":"https:\/\/lapinedaplatja.info\/fr\/cambrils-reus-salou-et-vila-seca-participent-ensemble-a-fitur\/#breadcrumb","itemListElement":[{"@type":"ListItem","position":1,"name":"Portada","item":"https:\/\/lapinedaplatja.info\/fr\/"},{"@type":"ListItem","position":2,"name":"Cambrils, Reus, Salou et Vila-seca participent ensemble \u00e0 FITUR"}]},{"@type":"WebSite","@id":"https:\/\/lapinedaplatja.info\/fr\/#website","url":"https:\/\/lapinedaplatja.info\/fr\/","name":"La Pineda Platja | Vila-seca","description":"Oficina de Turismo de La Pineda.","publisher":{"@id":"https:\/\/lapinedaplatja.info\/fr\/#organization"},"potentialAction":[{"@type":"SearchAction","target":{"@type":"EntryPoint","urlTemplate":"https:\/\/lapinedaplatja.info\/fr\/?s={search_term_string}"},"query-input":{"@type":"PropertyValueSpecification","valueRequired":true,"valueName":"search_term_string"}}],"inLanguage":"fr-FR"},{"@type":"Organization","@id":"https:\/\/lapinedaplatja.info\/fr\/#organization","name":"Patronat Municipal de Turisme de Vila-seca","url":"https:\/\/lapinedaplatja.info\/fr\/","logo":{"@type":"ImageObject","inLanguage":"fr-FR","@id":"https:\/\/lapinedaplatja.info\/fr\/#\/schema\/logo\/image\/","url":"https:\/\/lapinedaplatja.info\/wp-content\/uploads\/2018\/10\/cropped-13260099_989491457837088_3488030785405353200_n.jpg","contentUrl":"https:\/\/lapinedaplatja.info\/wp-content\/uploads\/2018\/10\/cropped-13260099_989491457837088_3488030785405353200_n.jpg","width":600,"height":600,"caption":"Patronat Municipal de Turisme de Vila-seca"},"image":{"@id":"https:\/\/lapinedaplatja.info\/fr\/#\/schema\/logo\/image\/"},"sameAs":["https:\/\/www.facebook.com\/lapinedaplatja\/","https:\/\/x.com\/lapinedaplatja","https:\/\/www.instagram.com\/lapinedaplatja\/"]},{"@type":"Person","@id":"https:\/\/lapinedaplatja.info\/fr\/#\/schema\/person\/c399bfc5013bbcc8361250cc4c08022d","name":"oficines","image":{"@type":"ImageObject","inLanguage":"fr-FR","@id":"https:\/\/lapinedaplatja.info\/fr\/#\/schema\/person\/image\/","url":"https:\/\/secure.gravatar.com\/avatar\/3f1bf89ca58b8559d1dcf506700f83fb5f4e6054e0412eb877c0bba519c224da?s=96&d=mm&r=g","contentUrl":"https:\/\/secure.gravatar.com\/avatar\/3f1bf89ca58b8559d1dcf506700f83fb5f4e6054e0412eb877c0bba519c224da?s=96&d=mm&r=g","caption":"oficines"}}]}},"_links":{"self":[{"href":"https:\/\/lapinedaplatja.info\/fr\/wp-json\/wp\/v2\/posts\/16179","targetHints":{"allow":["GET"]}}],"collection":[{"href":"https:\/\/lapinedaplatja.info\/fr\/wp-json\/wp\/v2\/posts"}],"about":[{"href":"https:\/\/lapinedaplatja.info\/fr\/wp-json\/wp\/v2\/types\/post"}],"author":[{"embeddable":true,"href":"https:\/\/lapinedaplatja.info\/fr\/wp-json\/wp\/v2\/users\/5"}],"replies":[{"embeddable":true,"href":"https:\/\/lapinedaplatja.info\/fr\/wp-json\/wp\/v2\/comments?post=16179"}],"version-history":[{"count":0,"href":"https:\/\/lapinedaplatja.info\/fr\/wp-json\/wp\/v2\/posts\/16179\/revisions"}],"wp:featuredmedia":[{"embeddable":true,"href":"https:\/\/lapinedaplatja.info\/fr\/wp-json\/wp\/v2\/media\/16155"}],"wp:attachment":[{"href":"https:\/\/lapinedaplatja.info\/fr\/wp-json\/wp\/v2\/media?parent=16179"}],"wp:term":[{"taxonomy":"category","embeddable":true,"href":"https:\/\/lapinedaplatja.info\/fr\/wp-json\/wp\/v2\/categories?post=16179"},{"taxonomy":"post_tag","embeddable":true,"href":"https:\/\/lapinedaplatja.info\/fr\/wp-json\/wp\/v2\/tags?post=16179"}],"curies":[{"name":"wp","href":"https:\/\/api.w.org\/{rel}","templated":true}]}}