{"id":16996,"date":"2021-06-29T18:07:24","date_gmt":"2021-06-29T16:07:24","guid":{"rendered":"https:\/\/lapinedaplatja.info\/?p=16996"},"modified":"2021-07-09T17:31:15","modified_gmt":"2021-07-09T15:31:15","slug":"nouveau-programme-dactivites-pour-profiter-de-lete-a-la-pineda","status":"publish","type":"post","link":"https:\/\/lapinedaplatja.info\/fr\/nouveau-programme-dactivites-pour-profiter-de-lete-a-la-pineda\/","title":{"rendered":"Nouveau programme d&rsquo;activit\u00e9s pour profiter de l&rsquo;\u00e9t\u00e9 \u00e0 La Pineda"},"content":{"rendered":"<p><span class=\"VIiyi\" lang=\"fr\"><span class=\"JLqJ4b\" data-phrase-index=\"0\" data-language-to-translate-into=\"ca\" data-language-for-alternatives=\"fr\"><strong>Chaque jour, une exp\u00e9rience gratuite de sport, de nature, de loisirs pour enfants, de musique ou d&rsquo;art<\/strong> <\/span><\/span><\/p>\n<p><span class=\"VIiyi\" lang=\"fr\"><span class=\"JLqJ4b\" data-phrase-index=\"0\" data-language-to-translate-into=\"ca\" data-language-for-alternatives=\"fr\">Comme chaque ann\u00e9e \u00e0 cette p\u00e9riode de l&rsquo;ann\u00e9e, le programme des activit\u00e9s estivales revient \u00e0 la commune. Sport, nature, loisirs pour enfants, musique et art se r\u00e9unissent sous le titre de \u00ab Vivez des exp\u00e9riences uniques \u00e0 Pineda Platja \u00bb, un programme d\u00e9velopp\u00e9 par le Patronat Municipal de Turisme de Vila-seca, avec des activit\u00e9s quotidiennes, toutes gratuites, principalement concentr\u00e9es dans La Pineda et destin\u00e9 \u00e0 tous les publics, et en particulier la famille. <\/span><\/span><\/p>\n<p><span class=\"VIiyi\" lang=\"fr\"><span class=\"JLqJ4b\" data-phrase-index=\"0\" data-language-to-translate-into=\"ca\" data-language-for-alternatives=\"fr\">Durant les mois de juillet et ao\u00fbt, les exp\u00e9riences suivantes auront lieu: un atelier exp\u00e9rimental de la tortue caouanne ; courses familiales et solidaires et gymkhanas sur la plage; cin\u00e9ma en plein air; la foire artisanale ; diverses repr\u00e9sentations musicales au Parc del Pinar de Perruquet ; l&rsquo;exposition d&rsquo;artistes sur le Passeig de Pau Casals ; des activit\u00e9s sportives comme la zumba, le volley, le yoga, le football ou le crossfit mais aussi des activit\u00e9s sportives nocturnes \u00e0 partir de 22h ; des expositions sportives, un parcours des aires de jeux et des visites traditionnelles qui sont organis\u00e9es dans la S\u00e9quia Major.<\/span><\/span><\/p>\n<p><span class=\"VIiyi\" lang=\"fr\"><span class=\"JLqJ4b\" data-phrase-index=\"0\" data-language-to-translate-into=\"ca\" data-language-for-alternatives=\"fr\"> En plus de ces activit\u00e9s programm\u00e9es, il faut rappeler que le parc Torre d&rsquo;en Dol\u00e7a est ouvert tous les jours pour profiter des pr\u00e8s de 40 hectares de parc naturel, que ce soit \u00e0 pied, \u00e0 pied ou \u00e0 v\u00e9lo.<\/span><\/span><\/p>\n<p><a href=\"https:\/\/lapinedaplatja.info\/wp-content\/uploads\/2021\/06\/VIU_EXPERIENCIAESuniques_ORIGINAL_baixa.pdf\">https:\/\/lapinedaplatja.info\/wp-content\/uploads\/2021\/06\/VIU_EXPERIENCIAESuniques_ORIGINAL_baixa.pdf<\/a><\/p>\n","protected":false},"excerpt":{"rendered":"<p>Chaque jour, une exp\u00e9rience gratuite de sport, de nature, de loisirs pour enfants, de musique ou d&rsquo;art Comme chaque ann\u00e9e \u00e0 cette p\u00e9riode de l&rsquo;ann\u00e9e, le programme des activit\u00e9s estivales revient \u00e0 la commune. Sport, nature, loisirs pour enfants, musique et art se r\u00e9unissent sous le titre de \u00ab Vivez [&hellip;]<\/p>\n","protected":false},"author":5,"featured_media":16639,"comment_status":"closed","ping_status":"open","sticky":false,"template":"","format":"standard","meta":{"_acf_changed":false,"footnotes":""},"categories":[18],"tags":[],"class_list":["post-16996","post","type-post","status-publish","format-standard","has-post-thumbnail","hentry","category-non-classifiee"],"acf":[],"yoast_head":"<!-- This site is optimized with the Yoast SEO plugin v26.6 - https:\/\/yoast.com\/wordpress\/plugins\/seo\/ -->\n<title>Nouveau programme d&#039;activit\u00e9s pour profiter de l&#039;\u00e9t\u00e9 \u00e0 La Pineda | Vila-seca - La Pineda Platja<\/title>\n<meta name=\"description\" content=\"Chaque jour, une exp\u00e9rience gratuite de sport, de nature, de loisirs pour enfants, de musique ou d&#039;art Comme chaque ann\u00e9e \u00e0 cette p\u00e9riode de l&#039;ann\u00e9e, le\" \/>\n<meta name=\"robots\" content=\"index, follow, max-snippet:-1, max-image-preview:large, max-video-preview:-1\" \/>\n<link rel=\"canonical\" href=\"https:\/\/lapinedaplatja.info\/fr\/nouveau-programme-dactivites-pour-profiter-de-lete-a-la-pineda\/\" \/>\n<meta property=\"og:locale\" content=\"fr_FR\" \/>\n<meta property=\"og:type\" content=\"article\" \/>\n<meta property=\"og:title\" content=\"Nouveau programme d&#039;activit\u00e9s pour profiter de l&#039;\u00e9t\u00e9 \u00e0 La Pineda | Vila-seca - La Pineda Platja\" \/>\n<meta property=\"og:description\" content=\"Chaque jour, une exp\u00e9rience gratuite de sport, de nature, de loisirs pour enfants, de musique ou d&#039;art Comme chaque ann\u00e9e \u00e0 cette p\u00e9riode de l&#039;ann\u00e9e, le\" \/>\n<meta property=\"og:url\" content=\"https:\/\/lapinedaplatja.info\/fr\/nouveau-programme-dactivites-pour-profiter-de-lete-a-la-pineda\/\" \/>\n<meta property=\"og:site_name\" content=\"Vila-seca - La Pineda Platja\" \/>\n<meta property=\"article:publisher\" content=\"https:\/\/www.facebook.com\/lapinedaplatja\/\" \/>\n<meta property=\"article:published_time\" content=\"2021-06-29T16:07:24+00:00\" \/>\n<meta property=\"article:modified_time\" content=\"2021-07-09T15:31:15+00:00\" \/>\n<meta property=\"og:image\" content=\"https:\/\/lapinedaplatja.info\/wp-content\/uploads\/2021\/06\/VIU_EXPERIENCIAESuniques_ORIGINAL_alta_page-0001.jpg\" \/>\n\t<meta property=\"og:image:width\" content=\"886\" \/>\n\t<meta property=\"og:image:height\" content=\"886\" \/>\n\t<meta property=\"og:image:type\" content=\"image\/jpeg\" \/>\n<meta name=\"author\" content=\"oficines\" \/>\n<meta name=\"twitter:card\" content=\"summary_large_image\" \/>\n<meta name=\"twitter:creator\" content=\"@lapinedaplatja\" \/>\n<meta name=\"twitter:site\" content=\"@lapinedaplatja\" \/>\n<meta name=\"twitter:label1\" content=\"\u00c9crit par\" \/>\n\t<meta name=\"twitter:data1\" content=\"oficines\" \/>\n\t<meta name=\"twitter:label2\" content=\"Dur\u00e9e de lecture estim\u00e9e\" \/>\n\t<meta name=\"twitter:data2\" content=\"1 minute\" \/>\n<script type=\"application\/ld+json\" class=\"yoast-schema-graph\">{\"@context\":\"https:\/\/schema.org\",\"@graph\":[{\"@type\":\"Article\",\"@id\":\"https:\/\/lapinedaplatja.info\/fr\/nouveau-programme-dactivites-pour-profiter-de-lete-a-la-pineda\/#article\",\"isPartOf\":{\"@id\":\"https:\/\/lapinedaplatja.info\/fr\/nouveau-programme-dactivites-pour-profiter-de-lete-a-la-pineda\/\"},\"author\":{\"name\":\"oficines\",\"@id\":\"https:\/\/lapinedaplatja.info\/fr\/#\/schema\/person\/c399bfc5013bbcc8361250cc4c08022d\"},\"headline\":\"Nouveau programme d&rsquo;activit\u00e9s pour profiter de l&rsquo;\u00e9t\u00e9 \u00e0 La Pineda\",\"datePublished\":\"2021-06-29T16:07:24+00:00\",\"dateModified\":\"2021-07-09T15:31:15+00:00\",\"mainEntityOfPage\":{\"@id\":\"https:\/\/lapinedaplatja.info\/fr\/nouveau-programme-dactivites-pour-profiter-de-lete-a-la-pineda\/\"},\"wordCount\":267,\"publisher\":{\"@id\":\"https:\/\/lapinedaplatja.info\/fr\/#organization\"},\"image\":{\"@id\":\"https:\/\/lapinedaplatja.info\/fr\/nouveau-programme-dactivites-pour-profiter-de-lete-a-la-pineda\/#primaryimage\"},\"thumbnailUrl\":\"https:\/\/lapinedaplatja.info\/wp-content\/uploads\/2021\/06\/VIU_EXPERIENCIAESuniques_ORIGINAL_alta_page-0001.jpg\",\"articleSection\":[\"Non classifi\u00e9(e)\"],\"inLanguage\":\"fr-FR\"},{\"@type\":\"WebPage\",\"@id\":\"https:\/\/lapinedaplatja.info\/fr\/nouveau-programme-dactivites-pour-profiter-de-lete-a-la-pineda\/\",\"url\":\"https:\/\/lapinedaplatja.info\/fr\/nouveau-programme-dactivites-pour-profiter-de-lete-a-la-pineda\/\",\"name\":\"Nouveau programme d'activit\u00e9s pour profiter de l'\u00e9t\u00e9 \u00e0 La Pineda | Vila-seca - La Pineda Platja\",\"isPartOf\":{\"@id\":\"https:\/\/lapinedaplatja.info\/fr\/#website\"},\"primaryImageOfPage\":{\"@id\":\"https:\/\/lapinedaplatja.info\/fr\/nouveau-programme-dactivites-pour-profiter-de-lete-a-la-pineda\/#primaryimage\"},\"image\":{\"@id\":\"https:\/\/lapinedaplatja.info\/fr\/nouveau-programme-dactivites-pour-profiter-de-lete-a-la-pineda\/#primaryimage\"},\"thumbnailUrl\":\"https:\/\/lapinedaplatja.info\/wp-content\/uploads\/2021\/06\/VIU_EXPERIENCIAESuniques_ORIGINAL_alta_page-0001.jpg\",\"datePublished\":\"2021-06-29T16:07:24+00:00\",\"dateModified\":\"2021-07-09T15:31:15+00:00\",\"description\":\"Chaque jour, une exp\u00e9rience gratuite de sport, de nature, de loisirs pour enfants, de musique ou d'art Comme chaque ann\u00e9e \u00e0 cette p\u00e9riode de l'ann\u00e9e, le\",\"breadcrumb\":{\"@id\":\"https:\/\/lapinedaplatja.info\/fr\/nouveau-programme-dactivites-pour-profiter-de-lete-a-la-pineda\/#breadcrumb\"},\"inLanguage\":\"fr-FR\",\"potentialAction\":[{\"@type\":\"ReadAction\",\"target\":[\"https:\/\/lapinedaplatja.info\/fr\/nouveau-programme-dactivites-pour-profiter-de-lete-a-la-pineda\/\"]}]},{\"@type\":\"ImageObject\",\"inLanguage\":\"fr-FR\",\"@id\":\"https:\/\/lapinedaplatja.info\/fr\/nouveau-programme-dactivites-pour-profiter-de-lete-a-la-pineda\/#primaryimage\",\"url\":\"https:\/\/lapinedaplatja.info\/wp-content\/uploads\/2021\/06\/VIU_EXPERIENCIAESuniques_ORIGINAL_alta_page-0001.jpg\",\"contentUrl\":\"https:\/\/lapinedaplatja.info\/wp-content\/uploads\/2021\/06\/VIU_EXPERIENCIAESuniques_ORIGINAL_alta_page-0001.jpg\",\"width\":886,\"height\":886},{\"@type\":\"BreadcrumbList\",\"@id\":\"https:\/\/lapinedaplatja.info\/fr\/nouveau-programme-dactivites-pour-profiter-de-lete-a-la-pineda\/#breadcrumb\",\"itemListElement\":[{\"@type\":\"ListItem\",\"position\":1,\"name\":\"Portada\",\"item\":\"https:\/\/lapinedaplatja.info\/fr\/\"},{\"@type\":\"ListItem\",\"position\":2,\"name\":\"Nouveau programme d&rsquo;activit\u00e9s pour profiter de l&rsquo;\u00e9t\u00e9 \u00e0 La Pineda\"}]},{\"@type\":\"WebSite\",\"@id\":\"https:\/\/lapinedaplatja.info\/fr\/#website\",\"url\":\"https:\/\/lapinedaplatja.info\/fr\/\",\"name\":\"La Pineda Platja | Vila-seca\",\"description\":\"Oficina de Turismo de La Pineda.\",\"publisher\":{\"@id\":\"https:\/\/lapinedaplatja.info\/fr\/#organization\"},\"potentialAction\":[{\"@type\":\"SearchAction\",\"target\":{\"@type\":\"EntryPoint\",\"urlTemplate\":\"https:\/\/lapinedaplatja.info\/fr\/?s={search_term_string}\"},\"query-input\":{\"@type\":\"PropertyValueSpecification\",\"valueRequired\":true,\"valueName\":\"search_term_string\"}}],\"inLanguage\":\"fr-FR\"},{\"@type\":\"Organization\",\"@id\":\"https:\/\/lapinedaplatja.info\/fr\/#organization\",\"name\":\"Patronat Municipal de Turisme de Vila-seca\",\"url\":\"https:\/\/lapinedaplatja.info\/fr\/\",\"logo\":{\"@type\":\"ImageObject\",\"inLanguage\":\"fr-FR\",\"@id\":\"https:\/\/lapinedaplatja.info\/fr\/#\/schema\/logo\/image\/\",\"url\":\"https:\/\/lapinedaplatja.info\/wp-content\/uploads\/2018\/10\/cropped-13260099_989491457837088_3488030785405353200_n.jpg\",\"contentUrl\":\"https:\/\/lapinedaplatja.info\/wp-content\/uploads\/2018\/10\/cropped-13260099_989491457837088_3488030785405353200_n.jpg\",\"width\":600,\"height\":600,\"caption\":\"Patronat Municipal de Turisme de Vila-seca\"},\"image\":{\"@id\":\"https:\/\/lapinedaplatja.info\/fr\/#\/schema\/logo\/image\/\"},\"sameAs\":[\"https:\/\/www.facebook.com\/lapinedaplatja\/\",\"https:\/\/x.com\/lapinedaplatja\",\"https:\/\/www.instagram.com\/lapinedaplatja\/\"]},{\"@type\":\"Person\",\"@id\":\"https:\/\/lapinedaplatja.info\/fr\/#\/schema\/person\/c399bfc5013bbcc8361250cc4c08022d\",\"name\":\"oficines\",\"image\":{\"@type\":\"ImageObject\",\"inLanguage\":\"fr-FR\",\"@id\":\"https:\/\/lapinedaplatja.info\/fr\/#\/schema\/person\/image\/\",\"url\":\"https:\/\/secure.gravatar.com\/avatar\/3f1bf89ca58b8559d1dcf506700f83fb5f4e6054e0412eb877c0bba519c224da?s=96&d=mm&r=g\",\"contentUrl\":\"https:\/\/secure.gravatar.com\/avatar\/3f1bf89ca58b8559d1dcf506700f83fb5f4e6054e0412eb877c0bba519c224da?s=96&d=mm&r=g\",\"caption\":\"oficines\"}}]}<\/script>\n<!-- \/ Yoast SEO plugin. -->","yoast_head_json":{"title":"Nouveau programme d'activit\u00e9s pour profiter de l'\u00e9t\u00e9 \u00e0 La Pineda | Vila-seca - La Pineda Platja","description":"Chaque jour, une exp\u00e9rience gratuite de sport, de nature, de loisirs pour enfants, de musique ou d'art Comme chaque ann\u00e9e \u00e0 cette p\u00e9riode de l'ann\u00e9e, le","robots":{"index":"index","follow":"follow","max-snippet":"max-snippet:-1","max-image-preview":"max-image-preview:large","max-video-preview":"max-video-preview:-1"},"canonical":"https:\/\/lapinedaplatja.info\/fr\/nouveau-programme-dactivites-pour-profiter-de-lete-a-la-pineda\/","og_locale":"fr_FR","og_type":"article","og_title":"Nouveau programme d'activit\u00e9s pour profiter de l'\u00e9t\u00e9 \u00e0 La Pineda | Vila-seca - La Pineda Platja","og_description":"Chaque jour, une exp\u00e9rience gratuite de sport, de nature, de loisirs pour enfants, de musique ou d'art Comme chaque ann\u00e9e \u00e0 cette p\u00e9riode de l'ann\u00e9e, le","og_url":"https:\/\/lapinedaplatja.info\/fr\/nouveau-programme-dactivites-pour-profiter-de-lete-a-la-pineda\/","og_site_name":"Vila-seca - La Pineda Platja","article_publisher":"https:\/\/www.facebook.com\/lapinedaplatja\/","article_published_time":"2021-06-29T16:07:24+00:00","article_modified_time":"2021-07-09T15:31:15+00:00","og_image":[{"width":886,"height":886,"url":"https:\/\/lapinedaplatja.info\/wp-content\/uploads\/2021\/06\/VIU_EXPERIENCIAESuniques_ORIGINAL_alta_page-0001.jpg","type":"image\/jpeg"}],"author":"oficines","twitter_card":"summary_large_image","twitter_creator":"@lapinedaplatja","twitter_site":"@lapinedaplatja","twitter_misc":{"\u00c9crit par":"oficines","Dur\u00e9e de lecture estim\u00e9e":"1 minute"},"schema":{"@context":"https:\/\/schema.org","@graph":[{"@type":"Article","@id":"https:\/\/lapinedaplatja.info\/fr\/nouveau-programme-dactivites-pour-profiter-de-lete-a-la-pineda\/#article","isPartOf":{"@id":"https:\/\/lapinedaplatja.info\/fr\/nouveau-programme-dactivites-pour-profiter-de-lete-a-la-pineda\/"},"author":{"name":"oficines","@id":"https:\/\/lapinedaplatja.info\/fr\/#\/schema\/person\/c399bfc5013bbcc8361250cc4c08022d"},"headline":"Nouveau programme d&rsquo;activit\u00e9s pour profiter de l&rsquo;\u00e9t\u00e9 \u00e0 La Pineda","datePublished":"2021-06-29T16:07:24+00:00","dateModified":"2021-07-09T15:31:15+00:00","mainEntityOfPage":{"@id":"https:\/\/lapinedaplatja.info\/fr\/nouveau-programme-dactivites-pour-profiter-de-lete-a-la-pineda\/"},"wordCount":267,"publisher":{"@id":"https:\/\/lapinedaplatja.info\/fr\/#organization"},"image":{"@id":"https:\/\/lapinedaplatja.info\/fr\/nouveau-programme-dactivites-pour-profiter-de-lete-a-la-pineda\/#primaryimage"},"thumbnailUrl":"https:\/\/lapinedaplatja.info\/wp-content\/uploads\/2021\/06\/VIU_EXPERIENCIAESuniques_ORIGINAL_alta_page-0001.jpg","articleSection":["Non classifi\u00e9(e)"],"inLanguage":"fr-FR"},{"@type":"WebPage","@id":"https:\/\/lapinedaplatja.info\/fr\/nouveau-programme-dactivites-pour-profiter-de-lete-a-la-pineda\/","url":"https:\/\/lapinedaplatja.info\/fr\/nouveau-programme-dactivites-pour-profiter-de-lete-a-la-pineda\/","name":"Nouveau programme d'activit\u00e9s pour profiter de l'\u00e9t\u00e9 \u00e0 La Pineda | Vila-seca - La Pineda Platja","isPartOf":{"@id":"https:\/\/lapinedaplatja.info\/fr\/#website"},"primaryImageOfPage":{"@id":"https:\/\/lapinedaplatja.info\/fr\/nouveau-programme-dactivites-pour-profiter-de-lete-a-la-pineda\/#primaryimage"},"image":{"@id":"https:\/\/lapinedaplatja.info\/fr\/nouveau-programme-dactivites-pour-profiter-de-lete-a-la-pineda\/#primaryimage"},"thumbnailUrl":"https:\/\/lapinedaplatja.info\/wp-content\/uploads\/2021\/06\/VIU_EXPERIENCIAESuniques_ORIGINAL_alta_page-0001.jpg","datePublished":"2021-06-29T16:07:24+00:00","dateModified":"2021-07-09T15:31:15+00:00","description":"Chaque jour, une exp\u00e9rience gratuite de sport, de nature, de loisirs pour enfants, de musique ou d'art Comme chaque ann\u00e9e \u00e0 cette p\u00e9riode de l'ann\u00e9e, le","breadcrumb":{"@id":"https:\/\/lapinedaplatja.info\/fr\/nouveau-programme-dactivites-pour-profiter-de-lete-a-la-pineda\/#breadcrumb"},"inLanguage":"fr-FR","potentialAction":[{"@type":"ReadAction","target":["https:\/\/lapinedaplatja.info\/fr\/nouveau-programme-dactivites-pour-profiter-de-lete-a-la-pineda\/"]}]},{"@type":"ImageObject","inLanguage":"fr-FR","@id":"https:\/\/lapinedaplatja.info\/fr\/nouveau-programme-dactivites-pour-profiter-de-lete-a-la-pineda\/#primaryimage","url":"https:\/\/lapinedaplatja.info\/wp-content\/uploads\/2021\/06\/VIU_EXPERIENCIAESuniques_ORIGINAL_alta_page-0001.jpg","contentUrl":"https:\/\/lapinedaplatja.info\/wp-content\/uploads\/2021\/06\/VIU_EXPERIENCIAESuniques_ORIGINAL_alta_page-0001.jpg","width":886,"height":886},{"@type":"BreadcrumbList","@id":"https:\/\/lapinedaplatja.info\/fr\/nouveau-programme-dactivites-pour-profiter-de-lete-a-la-pineda\/#breadcrumb","itemListElement":[{"@type":"ListItem","position":1,"name":"Portada","item":"https:\/\/lapinedaplatja.info\/fr\/"},{"@type":"ListItem","position":2,"name":"Nouveau programme d&rsquo;activit\u00e9s pour profiter de l&rsquo;\u00e9t\u00e9 \u00e0 La Pineda"}]},{"@type":"WebSite","@id":"https:\/\/lapinedaplatja.info\/fr\/#website","url":"https:\/\/lapinedaplatja.info\/fr\/","name":"La Pineda Platja | Vila-seca","description":"Oficina de Turismo de La Pineda.","publisher":{"@id":"https:\/\/lapinedaplatja.info\/fr\/#organization"},"potentialAction":[{"@type":"SearchAction","target":{"@type":"EntryPoint","urlTemplate":"https:\/\/lapinedaplatja.info\/fr\/?s={search_term_string}"},"query-input":{"@type":"PropertyValueSpecification","valueRequired":true,"valueName":"search_term_string"}}],"inLanguage":"fr-FR"},{"@type":"Organization","@id":"https:\/\/lapinedaplatja.info\/fr\/#organization","name":"Patronat Municipal de Turisme de Vila-seca","url":"https:\/\/lapinedaplatja.info\/fr\/","logo":{"@type":"ImageObject","inLanguage":"fr-FR","@id":"https:\/\/lapinedaplatja.info\/fr\/#\/schema\/logo\/image\/","url":"https:\/\/lapinedaplatja.info\/wp-content\/uploads\/2018\/10\/cropped-13260099_989491457837088_3488030785405353200_n.jpg","contentUrl":"https:\/\/lapinedaplatja.info\/wp-content\/uploads\/2018\/10\/cropped-13260099_989491457837088_3488030785405353200_n.jpg","width":600,"height":600,"caption":"Patronat Municipal de Turisme de Vila-seca"},"image":{"@id":"https:\/\/lapinedaplatja.info\/fr\/#\/schema\/logo\/image\/"},"sameAs":["https:\/\/www.facebook.com\/lapinedaplatja\/","https:\/\/x.com\/lapinedaplatja","https:\/\/www.instagram.com\/lapinedaplatja\/"]},{"@type":"Person","@id":"https:\/\/lapinedaplatja.info\/fr\/#\/schema\/person\/c399bfc5013bbcc8361250cc4c08022d","name":"oficines","image":{"@type":"ImageObject","inLanguage":"fr-FR","@id":"https:\/\/lapinedaplatja.info\/fr\/#\/schema\/person\/image\/","url":"https:\/\/secure.gravatar.com\/avatar\/3f1bf89ca58b8559d1dcf506700f83fb5f4e6054e0412eb877c0bba519c224da?s=96&d=mm&r=g","contentUrl":"https:\/\/secure.gravatar.com\/avatar\/3f1bf89ca58b8559d1dcf506700f83fb5f4e6054e0412eb877c0bba519c224da?s=96&d=mm&r=g","caption":"oficines"}}]}},"_links":{"self":[{"href":"https:\/\/lapinedaplatja.info\/fr\/wp-json\/wp\/v2\/posts\/16996","targetHints":{"allow":["GET"]}}],"collection":[{"href":"https:\/\/lapinedaplatja.info\/fr\/wp-json\/wp\/v2\/posts"}],"about":[{"href":"https:\/\/lapinedaplatja.info\/fr\/wp-json\/wp\/v2\/types\/post"}],"author":[{"embeddable":true,"href":"https:\/\/lapinedaplatja.info\/fr\/wp-json\/wp\/v2\/users\/5"}],"replies":[{"embeddable":true,"href":"https:\/\/lapinedaplatja.info\/fr\/wp-json\/wp\/v2\/comments?post=16996"}],"version-history":[{"count":0,"href":"https:\/\/lapinedaplatja.info\/fr\/wp-json\/wp\/v2\/posts\/16996\/revisions"}],"wp:featuredmedia":[{"embeddable":true,"href":"https:\/\/lapinedaplatja.info\/fr\/wp-json\/wp\/v2\/media\/16639"}],"wp:attachment":[{"href":"https:\/\/lapinedaplatja.info\/fr\/wp-json\/wp\/v2\/media?parent=16996"}],"wp:term":[{"taxonomy":"category","embeddable":true,"href":"https:\/\/lapinedaplatja.info\/fr\/wp-json\/wp\/v2\/categories?post=16996"},{"taxonomy":"post_tag","embeddable":true,"href":"https:\/\/lapinedaplatja.info\/fr\/wp-json\/wp\/v2\/tags?post=16996"}],"curies":[{"name":"wp","href":"https:\/\/api.w.org\/{rel}","templated":true}]}}