{"id":17571,"date":"2021-08-06T10:15:05","date_gmt":"2021-08-06T08:15:05","guid":{"rendered":"https:\/\/lapinedaplatja.info\/?p=17571"},"modified":"2021-08-06T12:29:48","modified_gmt":"2021-08-06T10:29:48","slug":"el-ficvi-prepara-la-seva-sisena-edicio","status":"publish","type":"post","link":"https:\/\/lapinedaplatja.info\/fr\/el-ficvi-prepara-la-seva-sisena-edicio\/","title":{"rendered":"Le FICVI pr\u00e9pare sa sixi\u00e8me \u00e9dition"},"content":{"rendered":"<p>Aujourd&rsquo;hui, nous vous pr\u00e9sentons une activit\u00e9 qui plaira certainement aux plus petits pour d\u00e9couvrir le monde du cin\u00e9ma. Le FICVI (Festival Internacional de Curtmetratges de Vila-seca) se pr\u00e9pare d\u00e9j\u00e0 \u00e0 c\u00e9l\u00e9brer sa sixi\u00e8me \u00e9dition. Cette ann\u00e9e avec une nouveaut\u00e9 : le FICVI a \u00e9t\u00e9 choisi par l&rsquo;Academy of Motion Picture Arts and Sciences comme festival collaborateur dans la pr\u00e9s\u00e9lection des courts m\u00e9trages qui concourent pour les Goya Awards. Apr\u00e8s un long processus de s\u00e9lection, sur les 1 215 films soumis en provenance du monde entier, 46 courts m\u00e9trages au total seront projet\u00e9s dans la section officielle, 39 de fiction et 7 d&rsquo;animation.<\/p>\n<p>Le FICVI se tiendra du 16 au 24 octobre 2021 et les films suivants seront projet\u00e9s :<\/p>\n<p>S\u00c9LECTION DE COURTS M\u00c9TRAGES DE FICTION<\/p>\n<p><strong>&#8211; 17 MINUTOS CON NORA\u00a0<\/strong><em>Imanol Ruiz\u00a0 (ESPAGNE)<br \/>\n<\/em><\/p>\n<p><strong>&#8211; A CONTRE TEMPS<\/strong>\u00a0\u00a0<em>Delphine Montaigne\u00a0 (FRANCE)\u00a0\u00a0\u00a0\u00a0\u00a0<\/em><\/p>\n<p><strong>&#8211; ADRIANA\u00a0\u00a0<\/strong><em>Antonio Jos\u00e9 Meza\u00a0 (COLOMBIE)\u00a0\u00a0\u00a0<\/em><\/p>\n<p><strong>&#8211; CAN\u00cdBALES<\/strong>\u00a0<em>Mikel Bustamante\u00a0 (ESPAGNE)\u00a0\u00a0\u00a0\u00a0\u00a0<\/em><\/p>\n<p><strong>&#8211; CLUB SILENCIO<\/strong>\u00a0<em>Irene Albanell\u00a0 (ESPAGNE)\u00a0\u00a0<\/em><\/p>\n<p><strong>&#8211; COQUE<\/strong>\u00a0<em>Miguel \u00c1ngel Faura i Juanma Falc\u00f3n\u00a0 (ESPAGNE)\u00a0\u00a0\u00a0\u00a0\u00a0<\/em><\/p>\n<p><strong>&#8211; D\u00c9CID\u00c9E<\/strong>\u00a0\u00a0<em>Marie Courandi\u00e8re (FRANCE)<br \/>\n<\/em><\/p>\n<p><strong>&#8211; DOL\u00c1P\u00d2 IS FINE<\/strong>\u00a0\u00a0<em>Ethosheia Hylton\u00a0 (REGNE UNIT)\u00a0\u00a0\u00a0<\/em><\/p>\n<p><strong>&#8211; EL M\u00c9TODO<\/strong>\u00a0\u00a0<em>N\u00e9stor Ruiz\u00a0 (ESPAGNE)\u00a0\u00a0\u00a0\u00a0\u00a0<\/em><\/p>\n<p><strong>&#8211; EL SILENCIO EN LAS FLORES<\/strong>\u00a0<em>Julio Mas\u00a0 (ESPAGNE)\u00a0\u00a0<\/em><\/p>\n<p><strong>&#8211; ELSA<\/strong>\u00a0\u00a0<em>Albert Carb\u00f3\u00a0\u00a0 (ESPAGNE)<br \/>\n<\/em><\/p>\n<p><strong>&#8211; GLOBO<\/strong>\u00a0\u00a0<em>Jos\u00e9 Antonio Campos\u00a0 (ESPAGNE)\u00a0\u00a0\u00a0\u00a0\u00a0<\/em><\/p>\n<p><strong>&#8211; HOLD FOR APPLAUSE<\/strong>\u00a0<em>Gerald B. Fillmore\u00a0 (USA)\u00a0\u00a0<\/em><\/p>\n<p><strong>&#8211; IMPOSIBLE DECIRTE ADIOS\u00a0\u00a0<\/strong><em>Yolanda Centeno\u00a0 (ESPAGNE)\u00a0\u00a0\u00a0<\/em><\/p>\n<p><strong>&#8211; LA BANYERA<\/strong>\u00a0<em>Sergi Mart\u00ed\u00a0 (ESPANYA)\u00a0\u00a0\u00a0<\/em><\/p>\n<p><strong>&#8211; L&rsquo;ESTRANY\u00a0<\/strong><em>Oriol Guanyabens\u00a0 (ESPANYA)\u00a0\u00a0\u00a0\u00a0\u00a0<\/em><\/p>\n<p><strong>&#8211; LOS HONORES<\/strong>\u00a0\u00a0<em>Sergio Barrej\u00f3n\u00a0 (ESPANYA)\u00a0\u00a0\u00a0\u00a0\u00a0<\/em><\/p>\n<p><strong>&#8211; MI PRIMERA OPCI\u00d3N<\/strong>\u00a0<em>Carlota Callen\u00a0 (ESPAGNE)\u00a0\u00a0<\/em><\/p>\n<p><strong>&#8211; MINDANAO<\/strong>\u00a0<em>Borja Soler\u00a0 (ESPAGNE)\u00a0\u00a0<\/em><\/p>\n<p><strong>&#8211; MTI<\/strong>\u00a0<em>Mauricio Corco\u00a0 (CHILI)\u00a0\u00a0\u00a0\u00a0\u00a0<\/em><\/p>\n<p><strong>&#8211; NO ME DA LA VIDA<\/strong>\u00a0<em>Alauda Ruiz\u00a0 (ESPAGNE)\u00a0\u00a0\u00a0\u00a0\u00a0<\/em><\/p>\n<p><strong>&#8211; OF HEARTS AND CASTLES<\/strong>\u00a0<em>Rub\u00e9n Navarro\u00a0 (USA)\u00a0\u00a0\u00a0<\/em><\/p>\n<p><strong>&#8211; PARRESIA<\/strong>\u00a0\u00a0<em>Ignacio Lasierra\u00a0 (ESPAGNE)\u00a0\u00a0<\/em><\/p>\n<p><strong>&#8211; POLVO SOMOS<\/strong>\u00a0\u00a0<em>Estibaliz Urresola\u00a0 (ESPAGNE)\u00a0\u00a0<\/em><\/p>\n<p><strong>&#8211; PORAPP\u00c9<\/strong>\u00a0<em>Jes\u00fas Mart\u00ednez (ESPAGNE)<br \/>\n<\/em><\/p>\n<p><strong>&#8211; PUNTO DE GIRO<\/strong><em> Ainhoa Man\u00e9ndez\u00a0 (ESPAGNE)<br \/>\n<\/em><\/p>\n<p><strong>&#8211; RUTHLESS<\/strong>\u00a0\u00a0<em>Matthew Mcguigan\u00a0 (IRLANDA)\u00a0\u00a0<\/em><\/p>\n<p><strong>&#8211; SERGI &amp; IRINA<\/strong>\u00a0\u00a0<em>Miquel Verd i \u00c0lex Tejedor\u00a0 (ESPAGNE)\u00a0\u00a0\u00a0<\/em><\/p>\n<p><strong>&#8211; SINTRA III<\/strong>\u00a0\u00a0<em>Aitor Echeverria i Iv\u00e1n Casaj\u00fas\u00a0 (ESPAGNE)\u00a0\u00a0\u00a0<\/em><\/p>\n<p><strong>&#8211; SORDA\u00a0<\/strong>\u00a0<em>N\u00faria Mu\u00f1oz-Ort\u00edn i Eva Libetad\u00a0 (ESPAGNE)\u00a0\u00a0<\/em><\/p>\n<p><strong>&#8211; STANBROOK<\/strong>\u00a0<em>\u00d3scar Bern\u00e0cer\u00a0 (ESPAGNE)\u00a0\u00a0\u00a0\u00a0\u00a0<\/em><\/p>\n<p><strong>&#8211; SU MADRE\u00a0<\/strong><em>Javier Prada\u00a0\u00a0 (ESPAGNE)\u00a0\u00a0\u00a0\u00a0<\/em><\/p>\n<p><strong>&#8211; TESLIMAT<\/strong>\u00a0<em>Do\u011fu\u015f\u00a0 \u00d6zokutan\u00a0 (CHYPRE)\u00a0\u00a0\u00a0\u00a0\u00a0<\/em><\/p>\n<p><strong>&#8211; THE LETTER ROOM\u00a0<\/strong><em>\u00a0Elvira Lind\u00a0 (USA)\u00a0\u00a0\u00a0\u00a0\u00a0<\/em><\/p>\n<p><strong>&#8211; THE WHOMAN UNDER TREE\u00a0<\/strong>\u00a0Karishma Kohli\u00a0\u00a0<em>(USA)\u00a0\u00a0<\/em><\/p>\n<p><strong>&#8211; TOT\u00c9M LOBA<\/strong>\u00a0\u00a0<em>Ver\u00f3nica Echegui\u00a0 (ESPAGNE)\u00a0\u00a0\u00a0\u00a0<\/em><\/p>\n<p><strong>&#8211; TRANV\u00cdA\u00a0<\/strong>\u00a0<em>Carlos Baena\u00a0 (USA)\u00a0\u00a0<\/em><\/p>\n<p><strong>&#8211; VOTAMOS<\/strong>\u00a0Santiago Requejo<em>\u00a0 (ESPAGNE)<\/em><\/p>\n<p><strong>&#8211; XOVES DE COMADRES<\/strong>\u00a0<em>Noem\u00ed Chantada\u00a0 (ESPAGNE)\u00a0<\/em><\/p>\n<p>&nbsp;<\/p>\n<p>S\u00c9LECTION DE COURTS-M\u00c9TRAGES D&rsquo;ANIMATION<\/p>\n<p><strong>&#8211; ABSENCE<\/strong>\u00a0\u00a0<em>Bo-sheng Wu\u00a0 (TAIWAN)\u00a0\u00a0\u00a0\u00a0\u00a0<\/em><\/p>\n<p><strong>&#8211; LA INCRE\u00cdBLE VACUNA DEL Dr. DICKINSON<\/strong>\u00a0\u00a0<em>Alex Rey\u00a0 (ESPAGNE)<br \/>\n<\/em><\/p>\n<p><strong>&#8211; MIGRANTS\u00a0<\/strong>\u00a0Hugo Caby, Antoine Dupriez, Aubin Kubiak, Lucas Lermytte,<\/p>\n<p>Zo\u00e9 Devise<em>\u00a0 (FRANCE)\u00a0\u00a0\u00a0\u00a0\u00a0<\/em><\/p>\n<p><strong>&#8211; MONDO DOMINO<\/strong>\u00a0\u00a0<em>Suki Suki\u00a0 (FRANCE)\u00a0\u00a0\u00a0\u00a0\u00a0<\/em><\/p>\n<p><strong>&#8211; MORGAN LA ORCA VALIENTE<\/strong>\u00a0\u00a0<em>Marcos Mart\u00edn\u00a0 (ESPAGNE)\u00a0\u00a0\u00a0\u00a0<\/em><\/p>\n<p><strong>&#8211; THE MONKEY<\/strong>\u00a0\u00a0<em>Xos\u00e9 Manuel Zapata (ESPAGNE)<br \/>\n<\/em><\/p>\n<p><strong>&#8211; TIERRA FINITA\u00a0<\/strong>\u00a0<em>Isidro Jim\u00e9nez G\u00f3mez i Mariola Olcina Alvarado (ESPAGNE)<\/em><\/p>\n","protected":false},"excerpt":{"rendered":"<p>Aujourd&rsquo;hui, nous vous pr\u00e9sentons une activit\u00e9 qui plaira certainement aux plus petits pour d\u00e9couvrir le monde du cin\u00e9ma. Le FICVI (Festival Internacional de Curtmetratges de Vila-seca) se pr\u00e9pare d\u00e9j\u00e0 \u00e0 c\u00e9l\u00e9brer sa sixi\u00e8me \u00e9dition. Cette ann\u00e9e avec une nouveaut\u00e9 : le FICVI a \u00e9t\u00e9 choisi par l&rsquo;Academy of Motion Picture [&hellip;]<\/p>\n","protected":false},"author":4,"featured_media":15794,"comment_status":"closed","ping_status":"open","sticky":false,"template":"","format":"standard","meta":{"_acf_changed":false,"footnotes":""},"categories":[18],"tags":[],"class_list":["post-17571","post","type-post","status-publish","format-standard","has-post-thumbnail","hentry","category-non-classifiee"],"acf":[],"yoast_head":"<!-- This site is optimized with the Yoast SEO plugin v26.6 - https:\/\/yoast.com\/wordpress\/plugins\/seo\/ -->\n<title>Le FICVI pr\u00e9pare sa sixi\u00e8me \u00e9dition | Vila-seca - La Pineda Platja<\/title>\n<meta name=\"description\" content=\"Aujourd&#039;hui, nous vous pr\u00e9sentons une activit\u00e9 qui plaira certainement aux plus petits pour d\u00e9couvrir le monde du cin\u00e9ma. Le FICVI (Festival Internacional\" \/>\n<meta name=\"robots\" content=\"index, follow, max-snippet:-1, max-image-preview:large, max-video-preview:-1\" \/>\n<link rel=\"canonical\" href=\"https:\/\/lapinedaplatja.info\/fr\/el-ficvi-prepara-la-seva-sisena-edicio\/\" \/>\n<meta property=\"og:locale\" content=\"fr_FR\" \/>\n<meta property=\"og:type\" content=\"article\" \/>\n<meta property=\"og:title\" content=\"Le FICVI pr\u00e9pare sa sixi\u00e8me \u00e9dition | Vila-seca - La Pineda Platja\" \/>\n<meta property=\"og:description\" content=\"Aujourd&#039;hui, nous vous pr\u00e9sentons une activit\u00e9 qui plaira certainement aux plus petits pour d\u00e9couvrir le monde du cin\u00e9ma. Le FICVI (Festival Internacional\" \/>\n<meta property=\"og:url\" content=\"https:\/\/lapinedaplatja.info\/fr\/el-ficvi-prepara-la-seva-sisena-edicio\/\" \/>\n<meta property=\"og:site_name\" content=\"Vila-seca - La Pineda Platja\" \/>\n<meta property=\"article:publisher\" content=\"https:\/\/www.facebook.com\/lapinedaplatja\/\" \/>\n<meta property=\"article:published_time\" content=\"2021-08-06T08:15:05+00:00\" \/>\n<meta property=\"article:modified_time\" content=\"2021-08-06T10:29:48+00:00\" \/>\n<meta property=\"og:image\" content=\"https:\/\/lapinedaplatja.info\/wp-content\/uploads\/2020\/10\/9025aa80-bc52-4ca6-8023-f6b6d00910ac1.jpg\" \/>\n\t<meta property=\"og:image:width\" content=\"1451\" \/>\n\t<meta property=\"og:image:height\" content=\"750\" \/>\n\t<meta property=\"og:image:type\" content=\"image\/jpeg\" \/>\n<meta name=\"author\" content=\"nerea\" \/>\n<meta name=\"twitter:card\" content=\"summary_large_image\" \/>\n<meta name=\"twitter:creator\" content=\"@lapinedaplatja\" \/>\n<meta name=\"twitter:site\" content=\"@lapinedaplatja\" \/>\n<meta name=\"twitter:label1\" content=\"\u00c9crit par\" \/>\n\t<meta name=\"twitter:data1\" content=\"nerea\" \/>\n\t<meta name=\"twitter:label2\" content=\"Dur\u00e9e de lecture estim\u00e9e\" \/>\n\t<meta name=\"twitter:data2\" content=\"2 minutes\" \/>\n<script type=\"application\/ld+json\" class=\"yoast-schema-graph\">{\"@context\":\"https:\/\/schema.org\",\"@graph\":[{\"@type\":\"Article\",\"@id\":\"https:\/\/lapinedaplatja.info\/fr\/el-ficvi-prepara-la-seva-sisena-edicio\/#article\",\"isPartOf\":{\"@id\":\"https:\/\/lapinedaplatja.info\/fr\/el-ficvi-prepara-la-seva-sisena-edicio\/\"},\"author\":{\"name\":\"nerea\",\"@id\":\"https:\/\/lapinedaplatja.info\/fr\/#\/schema\/person\/29107b3d900b8d3c355b438d5f31edcf\"},\"headline\":\"Le FICVI pr\u00e9pare sa sixi\u00e8me \u00e9dition\",\"datePublished\":\"2021-08-06T08:15:05+00:00\",\"dateModified\":\"2021-08-06T10:29:48+00:00\",\"mainEntityOfPage\":{\"@id\":\"https:\/\/lapinedaplatja.info\/fr\/el-ficvi-prepara-la-seva-sisena-edicio\/\"},\"wordCount\":495,\"publisher\":{\"@id\":\"https:\/\/lapinedaplatja.info\/fr\/#organization\"},\"image\":{\"@id\":\"https:\/\/lapinedaplatja.info\/fr\/el-ficvi-prepara-la-seva-sisena-edicio\/#primaryimage\"},\"thumbnailUrl\":\"https:\/\/lapinedaplatja.info\/wp-content\/uploads\/2020\/10\/9025aa80-bc52-4ca6-8023-f6b6d00910ac1.jpg\",\"articleSection\":[\"Non classifi\u00e9(e)\"],\"inLanguage\":\"fr-FR\"},{\"@type\":\"WebPage\",\"@id\":\"https:\/\/lapinedaplatja.info\/fr\/el-ficvi-prepara-la-seva-sisena-edicio\/\",\"url\":\"https:\/\/lapinedaplatja.info\/fr\/el-ficvi-prepara-la-seva-sisena-edicio\/\",\"name\":\"Le FICVI pr\u00e9pare sa sixi\u00e8me \u00e9dition | Vila-seca - La Pineda Platja\",\"isPartOf\":{\"@id\":\"https:\/\/lapinedaplatja.info\/fr\/#website\"},\"primaryImageOfPage\":{\"@id\":\"https:\/\/lapinedaplatja.info\/fr\/el-ficvi-prepara-la-seva-sisena-edicio\/#primaryimage\"},\"image\":{\"@id\":\"https:\/\/lapinedaplatja.info\/fr\/el-ficvi-prepara-la-seva-sisena-edicio\/#primaryimage\"},\"thumbnailUrl\":\"https:\/\/lapinedaplatja.info\/wp-content\/uploads\/2020\/10\/9025aa80-bc52-4ca6-8023-f6b6d00910ac1.jpg\",\"datePublished\":\"2021-08-06T08:15:05+00:00\",\"dateModified\":\"2021-08-06T10:29:48+00:00\",\"description\":\"Aujourd'hui, nous vous pr\u00e9sentons une activit\u00e9 qui plaira certainement aux plus petits pour d\u00e9couvrir le monde du cin\u00e9ma. Le FICVI (Festival Internacional\",\"breadcrumb\":{\"@id\":\"https:\/\/lapinedaplatja.info\/fr\/el-ficvi-prepara-la-seva-sisena-edicio\/#breadcrumb\"},\"inLanguage\":\"fr-FR\",\"potentialAction\":[{\"@type\":\"ReadAction\",\"target\":[\"https:\/\/lapinedaplatja.info\/fr\/el-ficvi-prepara-la-seva-sisena-edicio\/\"]}]},{\"@type\":\"ImageObject\",\"inLanguage\":\"fr-FR\",\"@id\":\"https:\/\/lapinedaplatja.info\/fr\/el-ficvi-prepara-la-seva-sisena-edicio\/#primaryimage\",\"url\":\"https:\/\/lapinedaplatja.info\/wp-content\/uploads\/2020\/10\/9025aa80-bc52-4ca6-8023-f6b6d00910ac1.jpg\",\"contentUrl\":\"https:\/\/lapinedaplatja.info\/wp-content\/uploads\/2020\/10\/9025aa80-bc52-4ca6-8023-f6b6d00910ac1.jpg\",\"width\":1451,\"height\":750,\"caption\":\"guanyadors ficvi 2020\"},{\"@type\":\"BreadcrumbList\",\"@id\":\"https:\/\/lapinedaplatja.info\/fr\/el-ficvi-prepara-la-seva-sisena-edicio\/#breadcrumb\",\"itemListElement\":[{\"@type\":\"ListItem\",\"position\":1,\"name\":\"Portada\",\"item\":\"https:\/\/lapinedaplatja.info\/fr\/\"},{\"@type\":\"ListItem\",\"position\":2,\"name\":\"Le FICVI pr\u00e9pare sa sixi\u00e8me \u00e9dition\"}]},{\"@type\":\"WebSite\",\"@id\":\"https:\/\/lapinedaplatja.info\/fr\/#website\",\"url\":\"https:\/\/lapinedaplatja.info\/fr\/\",\"name\":\"La Pineda Platja | Vila-seca\",\"description\":\"Oficina de Turismo de La Pineda.\",\"publisher\":{\"@id\":\"https:\/\/lapinedaplatja.info\/fr\/#organization\"},\"potentialAction\":[{\"@type\":\"SearchAction\",\"target\":{\"@type\":\"EntryPoint\",\"urlTemplate\":\"https:\/\/lapinedaplatja.info\/fr\/?s={search_term_string}\"},\"query-input\":{\"@type\":\"PropertyValueSpecification\",\"valueRequired\":true,\"valueName\":\"search_term_string\"}}],\"inLanguage\":\"fr-FR\"},{\"@type\":\"Organization\",\"@id\":\"https:\/\/lapinedaplatja.info\/fr\/#organization\",\"name\":\"Patronat Municipal de Turisme de Vila-seca\",\"url\":\"https:\/\/lapinedaplatja.info\/fr\/\",\"logo\":{\"@type\":\"ImageObject\",\"inLanguage\":\"fr-FR\",\"@id\":\"https:\/\/lapinedaplatja.info\/fr\/#\/schema\/logo\/image\/\",\"url\":\"https:\/\/lapinedaplatja.info\/wp-content\/uploads\/2018\/10\/cropped-13260099_989491457837088_3488030785405353200_n.jpg\",\"contentUrl\":\"https:\/\/lapinedaplatja.info\/wp-content\/uploads\/2018\/10\/cropped-13260099_989491457837088_3488030785405353200_n.jpg\",\"width\":600,\"height\":600,\"caption\":\"Patronat Municipal de Turisme de Vila-seca\"},\"image\":{\"@id\":\"https:\/\/lapinedaplatja.info\/fr\/#\/schema\/logo\/image\/\"},\"sameAs\":[\"https:\/\/www.facebook.com\/lapinedaplatja\/\",\"https:\/\/x.com\/lapinedaplatja\",\"https:\/\/www.instagram.com\/lapinedaplatja\/\"]},{\"@type\":\"Person\",\"@id\":\"https:\/\/lapinedaplatja.info\/fr\/#\/schema\/person\/29107b3d900b8d3c355b438d5f31edcf\",\"name\":\"nerea\",\"image\":{\"@type\":\"ImageObject\",\"inLanguage\":\"fr-FR\",\"@id\":\"https:\/\/lapinedaplatja.info\/fr\/#\/schema\/person\/image\/\",\"url\":\"https:\/\/secure.gravatar.com\/avatar\/d3b9655a037913ef9c32c9777e65c2c8c6eaaf0460db91392b4a3c47c5e66474?s=96&d=mm&r=g\",\"contentUrl\":\"https:\/\/secure.gravatar.com\/avatar\/d3b9655a037913ef9c32c9777e65c2c8c6eaaf0460db91392b4a3c47c5e66474?s=96&d=mm&r=g\",\"caption\":\"nerea\"}}]}<\/script>\n<!-- \/ Yoast SEO plugin. -->","yoast_head_json":{"title":"Le FICVI pr\u00e9pare sa sixi\u00e8me \u00e9dition | Vila-seca - La Pineda Platja","description":"Aujourd'hui, nous vous pr\u00e9sentons une activit\u00e9 qui plaira certainement aux plus petits pour d\u00e9couvrir le monde du cin\u00e9ma. Le FICVI (Festival Internacional","robots":{"index":"index","follow":"follow","max-snippet":"max-snippet:-1","max-image-preview":"max-image-preview:large","max-video-preview":"max-video-preview:-1"},"canonical":"https:\/\/lapinedaplatja.info\/fr\/el-ficvi-prepara-la-seva-sisena-edicio\/","og_locale":"fr_FR","og_type":"article","og_title":"Le FICVI pr\u00e9pare sa sixi\u00e8me \u00e9dition | Vila-seca - La Pineda Platja","og_description":"Aujourd'hui, nous vous pr\u00e9sentons une activit\u00e9 qui plaira certainement aux plus petits pour d\u00e9couvrir le monde du cin\u00e9ma. Le FICVI (Festival Internacional","og_url":"https:\/\/lapinedaplatja.info\/fr\/el-ficvi-prepara-la-seva-sisena-edicio\/","og_site_name":"Vila-seca - La Pineda Platja","article_publisher":"https:\/\/www.facebook.com\/lapinedaplatja\/","article_published_time":"2021-08-06T08:15:05+00:00","article_modified_time":"2021-08-06T10:29:48+00:00","og_image":[{"width":1451,"height":750,"url":"https:\/\/lapinedaplatja.info\/wp-content\/uploads\/2020\/10\/9025aa80-bc52-4ca6-8023-f6b6d00910ac1.jpg","type":"image\/jpeg"}],"author":"nerea","twitter_card":"summary_large_image","twitter_creator":"@lapinedaplatja","twitter_site":"@lapinedaplatja","twitter_misc":{"\u00c9crit par":"nerea","Dur\u00e9e de lecture estim\u00e9e":"2 minutes"},"schema":{"@context":"https:\/\/schema.org","@graph":[{"@type":"Article","@id":"https:\/\/lapinedaplatja.info\/fr\/el-ficvi-prepara-la-seva-sisena-edicio\/#article","isPartOf":{"@id":"https:\/\/lapinedaplatja.info\/fr\/el-ficvi-prepara-la-seva-sisena-edicio\/"},"author":{"name":"nerea","@id":"https:\/\/lapinedaplatja.info\/fr\/#\/schema\/person\/29107b3d900b8d3c355b438d5f31edcf"},"headline":"Le FICVI pr\u00e9pare sa sixi\u00e8me \u00e9dition","datePublished":"2021-08-06T08:15:05+00:00","dateModified":"2021-08-06T10:29:48+00:00","mainEntityOfPage":{"@id":"https:\/\/lapinedaplatja.info\/fr\/el-ficvi-prepara-la-seva-sisena-edicio\/"},"wordCount":495,"publisher":{"@id":"https:\/\/lapinedaplatja.info\/fr\/#organization"},"image":{"@id":"https:\/\/lapinedaplatja.info\/fr\/el-ficvi-prepara-la-seva-sisena-edicio\/#primaryimage"},"thumbnailUrl":"https:\/\/lapinedaplatja.info\/wp-content\/uploads\/2020\/10\/9025aa80-bc52-4ca6-8023-f6b6d00910ac1.jpg","articleSection":["Non classifi\u00e9(e)"],"inLanguage":"fr-FR"},{"@type":"WebPage","@id":"https:\/\/lapinedaplatja.info\/fr\/el-ficvi-prepara-la-seva-sisena-edicio\/","url":"https:\/\/lapinedaplatja.info\/fr\/el-ficvi-prepara-la-seva-sisena-edicio\/","name":"Le FICVI pr\u00e9pare sa sixi\u00e8me \u00e9dition | Vila-seca - La Pineda Platja","isPartOf":{"@id":"https:\/\/lapinedaplatja.info\/fr\/#website"},"primaryImageOfPage":{"@id":"https:\/\/lapinedaplatja.info\/fr\/el-ficvi-prepara-la-seva-sisena-edicio\/#primaryimage"},"image":{"@id":"https:\/\/lapinedaplatja.info\/fr\/el-ficvi-prepara-la-seva-sisena-edicio\/#primaryimage"},"thumbnailUrl":"https:\/\/lapinedaplatja.info\/wp-content\/uploads\/2020\/10\/9025aa80-bc52-4ca6-8023-f6b6d00910ac1.jpg","datePublished":"2021-08-06T08:15:05+00:00","dateModified":"2021-08-06T10:29:48+00:00","description":"Aujourd'hui, nous vous pr\u00e9sentons une activit\u00e9 qui plaira certainement aux plus petits pour d\u00e9couvrir le monde du cin\u00e9ma. Le FICVI (Festival Internacional","breadcrumb":{"@id":"https:\/\/lapinedaplatja.info\/fr\/el-ficvi-prepara-la-seva-sisena-edicio\/#breadcrumb"},"inLanguage":"fr-FR","potentialAction":[{"@type":"ReadAction","target":["https:\/\/lapinedaplatja.info\/fr\/el-ficvi-prepara-la-seva-sisena-edicio\/"]}]},{"@type":"ImageObject","inLanguage":"fr-FR","@id":"https:\/\/lapinedaplatja.info\/fr\/el-ficvi-prepara-la-seva-sisena-edicio\/#primaryimage","url":"https:\/\/lapinedaplatja.info\/wp-content\/uploads\/2020\/10\/9025aa80-bc52-4ca6-8023-f6b6d00910ac1.jpg","contentUrl":"https:\/\/lapinedaplatja.info\/wp-content\/uploads\/2020\/10\/9025aa80-bc52-4ca6-8023-f6b6d00910ac1.jpg","width":1451,"height":750,"caption":"guanyadors ficvi 2020"},{"@type":"BreadcrumbList","@id":"https:\/\/lapinedaplatja.info\/fr\/el-ficvi-prepara-la-seva-sisena-edicio\/#breadcrumb","itemListElement":[{"@type":"ListItem","position":1,"name":"Portada","item":"https:\/\/lapinedaplatja.info\/fr\/"},{"@type":"ListItem","position":2,"name":"Le FICVI pr\u00e9pare sa sixi\u00e8me \u00e9dition"}]},{"@type":"WebSite","@id":"https:\/\/lapinedaplatja.info\/fr\/#website","url":"https:\/\/lapinedaplatja.info\/fr\/","name":"La Pineda Platja | Vila-seca","description":"Oficina de Turismo de La Pineda.","publisher":{"@id":"https:\/\/lapinedaplatja.info\/fr\/#organization"},"potentialAction":[{"@type":"SearchAction","target":{"@type":"EntryPoint","urlTemplate":"https:\/\/lapinedaplatja.info\/fr\/?s={search_term_string}"},"query-input":{"@type":"PropertyValueSpecification","valueRequired":true,"valueName":"search_term_string"}}],"inLanguage":"fr-FR"},{"@type":"Organization","@id":"https:\/\/lapinedaplatja.info\/fr\/#organization","name":"Patronat Municipal de Turisme de Vila-seca","url":"https:\/\/lapinedaplatja.info\/fr\/","logo":{"@type":"ImageObject","inLanguage":"fr-FR","@id":"https:\/\/lapinedaplatja.info\/fr\/#\/schema\/logo\/image\/","url":"https:\/\/lapinedaplatja.info\/wp-content\/uploads\/2018\/10\/cropped-13260099_989491457837088_3488030785405353200_n.jpg","contentUrl":"https:\/\/lapinedaplatja.info\/wp-content\/uploads\/2018\/10\/cropped-13260099_989491457837088_3488030785405353200_n.jpg","width":600,"height":600,"caption":"Patronat Municipal de Turisme de Vila-seca"},"image":{"@id":"https:\/\/lapinedaplatja.info\/fr\/#\/schema\/logo\/image\/"},"sameAs":["https:\/\/www.facebook.com\/lapinedaplatja\/","https:\/\/x.com\/lapinedaplatja","https:\/\/www.instagram.com\/lapinedaplatja\/"]},{"@type":"Person","@id":"https:\/\/lapinedaplatja.info\/fr\/#\/schema\/person\/29107b3d900b8d3c355b438d5f31edcf","name":"nerea","image":{"@type":"ImageObject","inLanguage":"fr-FR","@id":"https:\/\/lapinedaplatja.info\/fr\/#\/schema\/person\/image\/","url":"https:\/\/secure.gravatar.com\/avatar\/d3b9655a037913ef9c32c9777e65c2c8c6eaaf0460db91392b4a3c47c5e66474?s=96&d=mm&r=g","contentUrl":"https:\/\/secure.gravatar.com\/avatar\/d3b9655a037913ef9c32c9777e65c2c8c6eaaf0460db91392b4a3c47c5e66474?s=96&d=mm&r=g","caption":"nerea"}}]}},"_links":{"self":[{"href":"https:\/\/lapinedaplatja.info\/fr\/wp-json\/wp\/v2\/posts\/17571","targetHints":{"allow":["GET"]}}],"collection":[{"href":"https:\/\/lapinedaplatja.info\/fr\/wp-json\/wp\/v2\/posts"}],"about":[{"href":"https:\/\/lapinedaplatja.info\/fr\/wp-json\/wp\/v2\/types\/post"}],"author":[{"embeddable":true,"href":"https:\/\/lapinedaplatja.info\/fr\/wp-json\/wp\/v2\/users\/4"}],"replies":[{"embeddable":true,"href":"https:\/\/lapinedaplatja.info\/fr\/wp-json\/wp\/v2\/comments?post=17571"}],"version-history":[{"count":0,"href":"https:\/\/lapinedaplatja.info\/fr\/wp-json\/wp\/v2\/posts\/17571\/revisions"}],"wp:featuredmedia":[{"embeddable":true,"href":"https:\/\/lapinedaplatja.info\/fr\/wp-json\/wp\/v2\/media\/15794"}],"wp:attachment":[{"href":"https:\/\/lapinedaplatja.info\/fr\/wp-json\/wp\/v2\/media?parent=17571"}],"wp:term":[{"taxonomy":"category","embeddable":true,"href":"https:\/\/lapinedaplatja.info\/fr\/wp-json\/wp\/v2\/categories?post=17571"},{"taxonomy":"post_tag","embeddable":true,"href":"https:\/\/lapinedaplatja.info\/fr\/wp-json\/wp\/v2\/tags?post=17571"}],"curies":[{"name":"wp","href":"https:\/\/api.w.org\/{rel}","templated":true}]}}