{"id":17850,"date":"2021-10-25T10:47:20","date_gmt":"2021-10-25T08:47:20","guid":{"rendered":"https:\/\/lapinedaplatja.info\/of-hearts-and-castles-guanya-la-sisena-edicio-del-ficvi\/"},"modified":"2021-10-25T12:44:43","modified_gmt":"2021-10-25T10:44:43","slug":"of-hearts-and-castles-guanya-la-sisena-edicio-del-ficvi","status":"publish","type":"post","link":"https:\/\/lapinedaplatja.info\/fr\/of-hearts-and-castles-guanya-la-sisena-edicio-del-ficvi\/","title":{"rendered":"\u201cOf hearts and castles\u201d gagne la sixi\u00e8me \u00e9dition du FICVI"},"content":{"rendered":"<p>La sixi\u00e8me \u00e9dition du Festival international du court m\u00e9trage de Vila-seca (FICVI) s&rsquo;est achev\u00e9e ce dimanche avec la remise des prix \u00e0 l&rsquo;Auditori Josep Carreras. Le sc\u00e9nariste, acteur et homme de spectacle Paco Enlaluna \u00e9tait charg\u00e9 de diriger la c\u00e9r\u00e9monie de cl\u00f4ture du festival.<\/p>\n<p>Le court m\u00e9trage \u00ab\u00a0Of Hearts and Castles\u00a0\u00bb, de Rub\u00e9n Navarro, a remport\u00e9 le prix international du meilleur court m\u00e9trage de fiction, un prix remis par la conseill\u00e8re pour l&rsquo;innovation et le tourisme, Cristina Cid. Le maire de Vila-seca, Pere Segura, \u00e9tait charg\u00e9 de remettre le prix le plus attendu de la soir\u00e9e, le prix du public du meilleur court-m\u00e9trage \u00e0 Votamos ? de Santiago Requejo.<\/p>\n<p>Cette ann\u00e9e, l&rsquo;\u00e9dition du FICVI a \u00e9t\u00e9 marqu\u00e9e par la grande nouveaut\u00e9 de devenir un festival de pr\u00e9s\u00e9lection pour les Goya Awards. Le gala s&rsquo;est d\u00e9roul\u00e9 en pr\u00e9sence de David Rodr\u00edguez, membre de l&rsquo;Academy of Motion Picture Arts and Sciences, qui a remis le prix national du meilleur court m\u00e9trage de fiction \u00e0 \u00ab\u00a0La Ba\u00f1era\u00a0\u00bb de Sergi Mart\u00ed.<\/p>\n<p><strong>Prix FICVI 2021<\/strong><\/p>\n<p>2\u00e8me prix In situ<\/p>\n<p>Pour le court-m\u00e9trage LA SECTA de ROGER COS<\/p>\n<p>1er prix In situ<\/p>\n<p>Pour le court-m\u00e9trage A L&rsquo;\u00daLTIMA EN UN MUNDO PARAL-LEL de GERARD TORRES<\/p>\n<p>Prix du jeune jury pour le meilleur court-m\u00e9trage<\/p>\n<p>Pour le court m\u00e9trage \u00ab\u00a0EL M\u00c9TODO\u00a0\u00bb de N\u00c9STOR RUIZ<\/p>\n<p>Prix D.O. Catalogne<\/p>\n<p>Pour le court-m\u00e9trage \u00ab\u00a0STANBROOK\u00a0\u00bb de \u00d2scar Bern\u00e0cer<\/p>\n<p>Prix du meilleur court-m\u00e9trage d&rsquo;animation<\/p>\n<p>Pour le court-m\u00e9trage \u00ab\u00a0MIGRANTS\u00a0\u00bb de Hugo Caby, Antoine Dupriez, Aubin Kubiak, Lucas Lermytte, Zo\u00e9 Devise<\/p>\n<p>Prix national du meilleur court-m\u00e9trage de fiction<\/p>\n<p>Pour le court-m\u00e9trage \u00ab\u00a0LA BA\u00d1ERA\u00a0\u00bb de SERGI MART\u00cd<\/p>\n<p>Prix international du meilleur court-m\u00e9trage de fiction<\/p>\n<p>Pour le court-m\u00e9trage \u00ab\u00a0DE CORAZONES Y CASTILLOS\u00a0\u00bb de RUB\u00c9N NAVARRO<\/p>\n<p>Prix du public pour le meilleur court m\u00e9trage<\/p>\n<p>Pour le court-m\u00e9trage \u00ab\u00a0\u00bfVOTAMOS ?\u00a0\u00bb de SANTIAGO REQUEQUEJO<\/p>\n","protected":false},"excerpt":{"rendered":"<p>La sixi\u00e8me \u00e9dition du Festival international du court m\u00e9trage de Vila-seca (FICVI) s&rsquo;est achev\u00e9e ce dimanche avec la remise des prix \u00e0 l&rsquo;Auditori Josep Carreras. Le sc\u00e9nariste, acteur et homme de spectacle Paco Enlaluna \u00e9tait charg\u00e9 de diriger la c\u00e9r\u00e9monie de cl\u00f4ture du festival. Le court m\u00e9trage \u00ab\u00a0Of Hearts and [&hellip;]<\/p>\n","protected":false},"author":4,"featured_media":17844,"comment_status":"closed","ping_status":"open","sticky":false,"template":"","format":"standard","meta":{"_acf_changed":false,"footnotes":""},"categories":[18],"tags":[],"class_list":["post-17850","post","type-post","status-publish","format-standard","has-post-thumbnail","hentry","category-non-classifiee"],"acf":[],"yoast_head":"<!-- This site is optimized with the Yoast SEO plugin v26.6 - https:\/\/yoast.com\/wordpress\/plugins\/seo\/ -->\n<title>\u201cOf hearts and castles\u201d gagne la sixi\u00e8me \u00e9dition du FICVI | Vila-seca - La Pineda Platja<\/title>\n<meta name=\"description\" content=\"La sixi\u00e8me \u00e9dition du Festival international du court m\u00e9trage de Vila-seca (FICVI) s&#039;est achev\u00e9e ce dimanche avec la remise des prix \u00e0 l&#039;Auditori Josep\" \/>\n<meta name=\"robots\" content=\"index, follow, max-snippet:-1, max-image-preview:large, max-video-preview:-1\" \/>\n<link rel=\"canonical\" href=\"https:\/\/lapinedaplatja.info\/fr\/of-hearts-and-castles-guanya-la-sisena-edicio-del-ficvi\/\" \/>\n<meta property=\"og:locale\" content=\"fr_FR\" \/>\n<meta property=\"og:type\" content=\"article\" \/>\n<meta property=\"og:title\" content=\"\u201cOf hearts and castles\u201d gagne la sixi\u00e8me \u00e9dition du FICVI | Vila-seca - La Pineda Platja\" \/>\n<meta property=\"og:description\" content=\"La sixi\u00e8me \u00e9dition du Festival international du court m\u00e9trage de Vila-seca (FICVI) s&#039;est achev\u00e9e ce dimanche avec la remise des prix \u00e0 l&#039;Auditori Josep\" \/>\n<meta property=\"og:url\" content=\"https:\/\/lapinedaplatja.info\/fr\/of-hearts-and-castles-guanya-la-sisena-edicio-del-ficvi\/\" \/>\n<meta property=\"og:site_name\" content=\"Vila-seca - La Pineda Platja\" \/>\n<meta property=\"article:publisher\" content=\"https:\/\/www.facebook.com\/lapinedaplatja\/\" \/>\n<meta property=\"article:published_time\" content=\"2021-10-25T08:47:20+00:00\" \/>\n<meta property=\"article:modified_time\" content=\"2021-10-25T10:44:43+00:00\" \/>\n<meta property=\"og:image\" content=\"https:\/\/lapinedaplatja.info\/wp-content\/uploads\/2021\/10\/FotoGrupal-e1635151723941.jpg\" \/>\n\t<meta property=\"og:image:width\" content=\"2048\" \/>\n\t<meta property=\"og:image:height\" content=\"1375\" \/>\n\t<meta property=\"og:image:type\" content=\"image\/jpeg\" \/>\n<meta name=\"author\" content=\"nerea\" \/>\n<meta name=\"twitter:card\" content=\"summary_large_image\" \/>\n<meta name=\"twitter:creator\" content=\"@lapinedaplatja\" \/>\n<meta name=\"twitter:site\" content=\"@lapinedaplatja\" \/>\n<meta name=\"twitter:label1\" content=\"\u00c9crit par\" \/>\n\t<meta name=\"twitter:data1\" content=\"nerea\" \/>\n\t<meta name=\"twitter:label2\" content=\"Dur\u00e9e de lecture estim\u00e9e\" \/>\n\t<meta name=\"twitter:data2\" content=\"2 minutes\" \/>\n<script type=\"application\/ld+json\" class=\"yoast-schema-graph\">{\"@context\":\"https:\/\/schema.org\",\"@graph\":[{\"@type\":\"Article\",\"@id\":\"https:\/\/lapinedaplatja.info\/fr\/of-hearts-and-castles-guanya-la-sisena-edicio-del-ficvi\/#article\",\"isPartOf\":{\"@id\":\"https:\/\/lapinedaplatja.info\/fr\/of-hearts-and-castles-guanya-la-sisena-edicio-del-ficvi\/\"},\"author\":{\"name\":\"nerea\",\"@id\":\"https:\/\/lapinedaplatja.info\/fr\/#\/schema\/person\/29107b3d900b8d3c355b438d5f31edcf\"},\"headline\":\"\u201cOf hearts and castles\u201d gagne la sixi\u00e8me \u00e9dition du FICVI\",\"datePublished\":\"2021-10-25T08:47:20+00:00\",\"dateModified\":\"2021-10-25T10:44:43+00:00\",\"mainEntityOfPage\":{\"@id\":\"https:\/\/lapinedaplatja.info\/fr\/of-hearts-and-castles-guanya-la-sisena-edicio-del-ficvi\/\"},\"wordCount\":347,\"publisher\":{\"@id\":\"https:\/\/lapinedaplatja.info\/fr\/#organization\"},\"image\":{\"@id\":\"https:\/\/lapinedaplatja.info\/fr\/of-hearts-and-castles-guanya-la-sisena-edicio-del-ficvi\/#primaryimage\"},\"thumbnailUrl\":\"https:\/\/lapinedaplatja.info\/wp-content\/uploads\/2021\/10\/FotoGrupal-e1635151723941.jpg\",\"articleSection\":[\"Non classifi\u00e9(e)\"],\"inLanguage\":\"fr-FR\"},{\"@type\":\"WebPage\",\"@id\":\"https:\/\/lapinedaplatja.info\/fr\/of-hearts-and-castles-guanya-la-sisena-edicio-del-ficvi\/\",\"url\":\"https:\/\/lapinedaplatja.info\/fr\/of-hearts-and-castles-guanya-la-sisena-edicio-del-ficvi\/\",\"name\":\"\u201cOf hearts and castles\u201d gagne la sixi\u00e8me \u00e9dition du FICVI | Vila-seca - La Pineda Platja\",\"isPartOf\":{\"@id\":\"https:\/\/lapinedaplatja.info\/fr\/#website\"},\"primaryImageOfPage\":{\"@id\":\"https:\/\/lapinedaplatja.info\/fr\/of-hearts-and-castles-guanya-la-sisena-edicio-del-ficvi\/#primaryimage\"},\"image\":{\"@id\":\"https:\/\/lapinedaplatja.info\/fr\/of-hearts-and-castles-guanya-la-sisena-edicio-del-ficvi\/#primaryimage\"},\"thumbnailUrl\":\"https:\/\/lapinedaplatja.info\/wp-content\/uploads\/2021\/10\/FotoGrupal-e1635151723941.jpg\",\"datePublished\":\"2021-10-25T08:47:20+00:00\",\"dateModified\":\"2021-10-25T10:44:43+00:00\",\"description\":\"La sixi\u00e8me \u00e9dition du Festival international du court m\u00e9trage de Vila-seca (FICVI) s'est achev\u00e9e ce dimanche avec la remise des prix \u00e0 l'Auditori Josep\",\"breadcrumb\":{\"@id\":\"https:\/\/lapinedaplatja.info\/fr\/of-hearts-and-castles-guanya-la-sisena-edicio-del-ficvi\/#breadcrumb\"},\"inLanguage\":\"fr-FR\",\"potentialAction\":[{\"@type\":\"ReadAction\",\"target\":[\"https:\/\/lapinedaplatja.info\/fr\/of-hearts-and-castles-guanya-la-sisena-edicio-del-ficvi\/\"]}]},{\"@type\":\"ImageObject\",\"inLanguage\":\"fr-FR\",\"@id\":\"https:\/\/lapinedaplatja.info\/fr\/of-hearts-and-castles-guanya-la-sisena-edicio-del-ficvi\/#primaryimage\",\"url\":\"https:\/\/lapinedaplatja.info\/wp-content\/uploads\/2021\/10\/FotoGrupal-e1635151723941.jpg\",\"contentUrl\":\"https:\/\/lapinedaplatja.info\/wp-content\/uploads\/2021\/10\/FotoGrupal-e1635151723941.jpg\",\"width\":2048,\"height\":1375,\"caption\":\"FICVI 2021\"},{\"@type\":\"BreadcrumbList\",\"@id\":\"https:\/\/lapinedaplatja.info\/fr\/of-hearts-and-castles-guanya-la-sisena-edicio-del-ficvi\/#breadcrumb\",\"itemListElement\":[{\"@type\":\"ListItem\",\"position\":1,\"name\":\"Portada\",\"item\":\"https:\/\/lapinedaplatja.info\/fr\/\"},{\"@type\":\"ListItem\",\"position\":2,\"name\":\"\u201cOf hearts and castles\u201d gagne la sixi\u00e8me \u00e9dition du FICVI\"}]},{\"@type\":\"WebSite\",\"@id\":\"https:\/\/lapinedaplatja.info\/fr\/#website\",\"url\":\"https:\/\/lapinedaplatja.info\/fr\/\",\"name\":\"La Pineda Platja | Vila-seca\",\"description\":\"Oficina de Turismo de La Pineda.\",\"publisher\":{\"@id\":\"https:\/\/lapinedaplatja.info\/fr\/#organization\"},\"potentialAction\":[{\"@type\":\"SearchAction\",\"target\":{\"@type\":\"EntryPoint\",\"urlTemplate\":\"https:\/\/lapinedaplatja.info\/fr\/?s={search_term_string}\"},\"query-input\":{\"@type\":\"PropertyValueSpecification\",\"valueRequired\":true,\"valueName\":\"search_term_string\"}}],\"inLanguage\":\"fr-FR\"},{\"@type\":\"Organization\",\"@id\":\"https:\/\/lapinedaplatja.info\/fr\/#organization\",\"name\":\"Patronat Municipal de Turisme de Vila-seca\",\"url\":\"https:\/\/lapinedaplatja.info\/fr\/\",\"logo\":{\"@type\":\"ImageObject\",\"inLanguage\":\"fr-FR\",\"@id\":\"https:\/\/lapinedaplatja.info\/fr\/#\/schema\/logo\/image\/\",\"url\":\"https:\/\/lapinedaplatja.info\/wp-content\/uploads\/2018\/10\/cropped-13260099_989491457837088_3488030785405353200_n.jpg\",\"contentUrl\":\"https:\/\/lapinedaplatja.info\/wp-content\/uploads\/2018\/10\/cropped-13260099_989491457837088_3488030785405353200_n.jpg\",\"width\":600,\"height\":600,\"caption\":\"Patronat Municipal de Turisme de Vila-seca\"},\"image\":{\"@id\":\"https:\/\/lapinedaplatja.info\/fr\/#\/schema\/logo\/image\/\"},\"sameAs\":[\"https:\/\/www.facebook.com\/lapinedaplatja\/\",\"https:\/\/x.com\/lapinedaplatja\",\"https:\/\/www.instagram.com\/lapinedaplatja\/\"]},{\"@type\":\"Person\",\"@id\":\"https:\/\/lapinedaplatja.info\/fr\/#\/schema\/person\/29107b3d900b8d3c355b438d5f31edcf\",\"name\":\"nerea\",\"image\":{\"@type\":\"ImageObject\",\"inLanguage\":\"fr-FR\",\"@id\":\"https:\/\/lapinedaplatja.info\/fr\/#\/schema\/person\/image\/\",\"url\":\"https:\/\/secure.gravatar.com\/avatar\/d3b9655a037913ef9c32c9777e65c2c8c6eaaf0460db91392b4a3c47c5e66474?s=96&d=mm&r=g\",\"contentUrl\":\"https:\/\/secure.gravatar.com\/avatar\/d3b9655a037913ef9c32c9777e65c2c8c6eaaf0460db91392b4a3c47c5e66474?s=96&d=mm&r=g\",\"caption\":\"nerea\"}}]}<\/script>\n<!-- \/ Yoast SEO plugin. -->","yoast_head_json":{"title":"\u201cOf hearts and castles\u201d gagne la sixi\u00e8me \u00e9dition du FICVI | Vila-seca - La Pineda Platja","description":"La sixi\u00e8me \u00e9dition du Festival international du court m\u00e9trage de Vila-seca (FICVI) s'est achev\u00e9e ce dimanche avec la remise des prix \u00e0 l'Auditori Josep","robots":{"index":"index","follow":"follow","max-snippet":"max-snippet:-1","max-image-preview":"max-image-preview:large","max-video-preview":"max-video-preview:-1"},"canonical":"https:\/\/lapinedaplatja.info\/fr\/of-hearts-and-castles-guanya-la-sisena-edicio-del-ficvi\/","og_locale":"fr_FR","og_type":"article","og_title":"\u201cOf hearts and castles\u201d gagne la sixi\u00e8me \u00e9dition du FICVI | Vila-seca - La Pineda Platja","og_description":"La sixi\u00e8me \u00e9dition du Festival international du court m\u00e9trage de Vila-seca (FICVI) s'est achev\u00e9e ce dimanche avec la remise des prix \u00e0 l'Auditori Josep","og_url":"https:\/\/lapinedaplatja.info\/fr\/of-hearts-and-castles-guanya-la-sisena-edicio-del-ficvi\/","og_site_name":"Vila-seca - La Pineda Platja","article_publisher":"https:\/\/www.facebook.com\/lapinedaplatja\/","article_published_time":"2021-10-25T08:47:20+00:00","article_modified_time":"2021-10-25T10:44:43+00:00","og_image":[{"width":2048,"height":1375,"url":"https:\/\/lapinedaplatja.info\/wp-content\/uploads\/2021\/10\/FotoGrupal-e1635151723941.jpg","type":"image\/jpeg"}],"author":"nerea","twitter_card":"summary_large_image","twitter_creator":"@lapinedaplatja","twitter_site":"@lapinedaplatja","twitter_misc":{"\u00c9crit par":"nerea","Dur\u00e9e de lecture estim\u00e9e":"2 minutes"},"schema":{"@context":"https:\/\/schema.org","@graph":[{"@type":"Article","@id":"https:\/\/lapinedaplatja.info\/fr\/of-hearts-and-castles-guanya-la-sisena-edicio-del-ficvi\/#article","isPartOf":{"@id":"https:\/\/lapinedaplatja.info\/fr\/of-hearts-and-castles-guanya-la-sisena-edicio-del-ficvi\/"},"author":{"name":"nerea","@id":"https:\/\/lapinedaplatja.info\/fr\/#\/schema\/person\/29107b3d900b8d3c355b438d5f31edcf"},"headline":"\u201cOf hearts and castles\u201d gagne la sixi\u00e8me \u00e9dition du FICVI","datePublished":"2021-10-25T08:47:20+00:00","dateModified":"2021-10-25T10:44:43+00:00","mainEntityOfPage":{"@id":"https:\/\/lapinedaplatja.info\/fr\/of-hearts-and-castles-guanya-la-sisena-edicio-del-ficvi\/"},"wordCount":347,"publisher":{"@id":"https:\/\/lapinedaplatja.info\/fr\/#organization"},"image":{"@id":"https:\/\/lapinedaplatja.info\/fr\/of-hearts-and-castles-guanya-la-sisena-edicio-del-ficvi\/#primaryimage"},"thumbnailUrl":"https:\/\/lapinedaplatja.info\/wp-content\/uploads\/2021\/10\/FotoGrupal-e1635151723941.jpg","articleSection":["Non classifi\u00e9(e)"],"inLanguage":"fr-FR"},{"@type":"WebPage","@id":"https:\/\/lapinedaplatja.info\/fr\/of-hearts-and-castles-guanya-la-sisena-edicio-del-ficvi\/","url":"https:\/\/lapinedaplatja.info\/fr\/of-hearts-and-castles-guanya-la-sisena-edicio-del-ficvi\/","name":"\u201cOf hearts and castles\u201d gagne la sixi\u00e8me \u00e9dition du FICVI | Vila-seca - La Pineda Platja","isPartOf":{"@id":"https:\/\/lapinedaplatja.info\/fr\/#website"},"primaryImageOfPage":{"@id":"https:\/\/lapinedaplatja.info\/fr\/of-hearts-and-castles-guanya-la-sisena-edicio-del-ficvi\/#primaryimage"},"image":{"@id":"https:\/\/lapinedaplatja.info\/fr\/of-hearts-and-castles-guanya-la-sisena-edicio-del-ficvi\/#primaryimage"},"thumbnailUrl":"https:\/\/lapinedaplatja.info\/wp-content\/uploads\/2021\/10\/FotoGrupal-e1635151723941.jpg","datePublished":"2021-10-25T08:47:20+00:00","dateModified":"2021-10-25T10:44:43+00:00","description":"La sixi\u00e8me \u00e9dition du Festival international du court m\u00e9trage de Vila-seca (FICVI) s'est achev\u00e9e ce dimanche avec la remise des prix \u00e0 l'Auditori Josep","breadcrumb":{"@id":"https:\/\/lapinedaplatja.info\/fr\/of-hearts-and-castles-guanya-la-sisena-edicio-del-ficvi\/#breadcrumb"},"inLanguage":"fr-FR","potentialAction":[{"@type":"ReadAction","target":["https:\/\/lapinedaplatja.info\/fr\/of-hearts-and-castles-guanya-la-sisena-edicio-del-ficvi\/"]}]},{"@type":"ImageObject","inLanguage":"fr-FR","@id":"https:\/\/lapinedaplatja.info\/fr\/of-hearts-and-castles-guanya-la-sisena-edicio-del-ficvi\/#primaryimage","url":"https:\/\/lapinedaplatja.info\/wp-content\/uploads\/2021\/10\/FotoGrupal-e1635151723941.jpg","contentUrl":"https:\/\/lapinedaplatja.info\/wp-content\/uploads\/2021\/10\/FotoGrupal-e1635151723941.jpg","width":2048,"height":1375,"caption":"FICVI 2021"},{"@type":"BreadcrumbList","@id":"https:\/\/lapinedaplatja.info\/fr\/of-hearts-and-castles-guanya-la-sisena-edicio-del-ficvi\/#breadcrumb","itemListElement":[{"@type":"ListItem","position":1,"name":"Portada","item":"https:\/\/lapinedaplatja.info\/fr\/"},{"@type":"ListItem","position":2,"name":"\u201cOf hearts and castles\u201d gagne la sixi\u00e8me \u00e9dition du FICVI"}]},{"@type":"WebSite","@id":"https:\/\/lapinedaplatja.info\/fr\/#website","url":"https:\/\/lapinedaplatja.info\/fr\/","name":"La Pineda Platja | Vila-seca","description":"Oficina de Turismo de La Pineda.","publisher":{"@id":"https:\/\/lapinedaplatja.info\/fr\/#organization"},"potentialAction":[{"@type":"SearchAction","target":{"@type":"EntryPoint","urlTemplate":"https:\/\/lapinedaplatja.info\/fr\/?s={search_term_string}"},"query-input":{"@type":"PropertyValueSpecification","valueRequired":true,"valueName":"search_term_string"}}],"inLanguage":"fr-FR"},{"@type":"Organization","@id":"https:\/\/lapinedaplatja.info\/fr\/#organization","name":"Patronat Municipal de Turisme de Vila-seca","url":"https:\/\/lapinedaplatja.info\/fr\/","logo":{"@type":"ImageObject","inLanguage":"fr-FR","@id":"https:\/\/lapinedaplatja.info\/fr\/#\/schema\/logo\/image\/","url":"https:\/\/lapinedaplatja.info\/wp-content\/uploads\/2018\/10\/cropped-13260099_989491457837088_3488030785405353200_n.jpg","contentUrl":"https:\/\/lapinedaplatja.info\/wp-content\/uploads\/2018\/10\/cropped-13260099_989491457837088_3488030785405353200_n.jpg","width":600,"height":600,"caption":"Patronat Municipal de Turisme de Vila-seca"},"image":{"@id":"https:\/\/lapinedaplatja.info\/fr\/#\/schema\/logo\/image\/"},"sameAs":["https:\/\/www.facebook.com\/lapinedaplatja\/","https:\/\/x.com\/lapinedaplatja","https:\/\/www.instagram.com\/lapinedaplatja\/"]},{"@type":"Person","@id":"https:\/\/lapinedaplatja.info\/fr\/#\/schema\/person\/29107b3d900b8d3c355b438d5f31edcf","name":"nerea","image":{"@type":"ImageObject","inLanguage":"fr-FR","@id":"https:\/\/lapinedaplatja.info\/fr\/#\/schema\/person\/image\/","url":"https:\/\/secure.gravatar.com\/avatar\/d3b9655a037913ef9c32c9777e65c2c8c6eaaf0460db91392b4a3c47c5e66474?s=96&d=mm&r=g","contentUrl":"https:\/\/secure.gravatar.com\/avatar\/d3b9655a037913ef9c32c9777e65c2c8c6eaaf0460db91392b4a3c47c5e66474?s=96&d=mm&r=g","caption":"nerea"}}]}},"_links":{"self":[{"href":"https:\/\/lapinedaplatja.info\/fr\/wp-json\/wp\/v2\/posts\/17850","targetHints":{"allow":["GET"]}}],"collection":[{"href":"https:\/\/lapinedaplatja.info\/fr\/wp-json\/wp\/v2\/posts"}],"about":[{"href":"https:\/\/lapinedaplatja.info\/fr\/wp-json\/wp\/v2\/types\/post"}],"author":[{"embeddable":true,"href":"https:\/\/lapinedaplatja.info\/fr\/wp-json\/wp\/v2\/users\/4"}],"replies":[{"embeddable":true,"href":"https:\/\/lapinedaplatja.info\/fr\/wp-json\/wp\/v2\/comments?post=17850"}],"version-history":[{"count":0,"href":"https:\/\/lapinedaplatja.info\/fr\/wp-json\/wp\/v2\/posts\/17850\/revisions"}],"wp:featuredmedia":[{"embeddable":true,"href":"https:\/\/lapinedaplatja.info\/fr\/wp-json\/wp\/v2\/media\/17844"}],"wp:attachment":[{"href":"https:\/\/lapinedaplatja.info\/fr\/wp-json\/wp\/v2\/media?parent=17850"}],"wp:term":[{"taxonomy":"category","embeddable":true,"href":"https:\/\/lapinedaplatja.info\/fr\/wp-json\/wp\/v2\/categories?post=17850"},{"taxonomy":"post_tag","embeddable":true,"href":"https:\/\/lapinedaplatja.info\/fr\/wp-json\/wp\/v2\/tags?post=17850"}],"curies":[{"name":"wp","href":"https:\/\/api.w.org\/{rel}","templated":true}]}}