{"id":17913,"date":"2021-11-17T10:33:01","date_gmt":"2021-11-17T09:33:01","guid":{"rendered":"https:\/\/lapinedaplatja.info\/?p=17913"},"modified":"2021-11-17T10:35:22","modified_gmt":"2021-11-17T09:35:22","slug":"noel-arrive-a-portaventura","status":"publish","type":"post","link":"https:\/\/lapinedaplatja.info\/fr\/noel-arrive-a-portaventura\/","title":{"rendered":"No\u00ebl arrive \u00e0 PortAventura"},"content":{"rendered":"<p>Du 20 novembre au 9 janvier, le parc PortAventura se transforme, et tout devient illusion et esprit de No\u00ebl. Le parc ouvre ses portes \u00e0 la p\u00e9riode de l&rsquo;ann\u00e9e la plus attendue et la plus riche en \u00e9motions, en couleurs, en musique et en \u00e9toiles. Les spectacles et les d\u00e9corations ne cesseront jamais de vous \u00e9tonner, et quelle meilleure fa\u00e7on de profiter de ces journ\u00e9es qu&rsquo;en s&rsquo;amusant et en prenant une touche de No\u00ebl au parc PortAventura ? Ne manquez pas les personnages, les spectacles, les promotions et les r\u00e9ductions sp\u00e9ciales disponibles \u00e0 No\u00ebl. D\u00e9couvrez-les !<\/p>\n<p>Christmas World<\/p>\n<p>Le Grand Th\u00e9\u00e2tre Imp\u00e9rial de Chine devient la maison du P\u00e8re No\u00ebl, o\u00f9 tous ses assistants fabriquent des jouets pour les petits. Avec des acrobaties au rythme de la musique, les d\u00e9tails de chacun des cadeaux sont en cours de finalisation.<\/p>\n<p>Bang Bang Christmas<\/p>\n<p>C&rsquo;est No\u00ebl et tout le monde attend le P\u00e8re No\u00ebl, qui apporte le courrier avec les lettres de tous les enfants. Mais le m\u00e9chant Billy, un gar\u00e7on qui d\u00e9teste No\u00ebl, fait en sorte que tout ne se passe pas comme pr\u00e9vu. Le P\u00e8re No\u00ebl pourra-t-il tout arranger ?<\/p>\n<p>Saloon Christmas<\/p>\n<p>Joe fera tout ce qui est en son pouvoir pour ramener l&rsquo;esprit de No\u00ebl au Long Branch Saloon. Pourra-t-il persuader la belle Catherine avec l&rsquo;aide de certains personnages ? D\u00e9couvrez-le en chansons et en danses &#8211; ne manquez pas un No\u00ebl au Far West !<\/p>\n<p>Winter Magic Bubblebou<\/p>\n<p>L&rsquo;un des meilleurs alchimistes vous surprendra avec la cr\u00e9ation de bulles de toutes tailles et couleurs, de la petite \u00e0 la plus grosse bulle de savon que vous ayez jamais vue. Tout ce dont vous avez besoin est un peu de savon et beaucoup d&rsquo;imagination.<\/p>\n<p>El Bosque Encantado<\/p>\n<p>Dans une for\u00eat cach\u00e9e du Mexique, pleine de magie, de personnages fascinants et d&rsquo;enchantement, il existe un raccourci secret vers la maison du P\u00e8re No\u00ebl. Beaucoup disent qu&rsquo;il s&rsquo;est laiss\u00e9 voir dans les endroits les plus cach\u00e9s de cette for\u00eat. Oserez-vous d\u00e9couvrir ce que cet endroit cache ?<\/p>\n<p>C&rsquo;est No\u00ebl \u00e0 S\u00e9samo Aventura.<\/p>\n<p>Un village plein de couleurs, d&rsquo;amusements, de jardins anim\u00e9s et un grand arbre central vous envelopperont dans le monde enchanteur et fantastique des personnages de Sesame Street. Venez d\u00e9couvrir la joie magique et particuli\u00e8re des f\u00eates de No\u00ebl, et passez un bon moment !<\/p>\n<p>Chilly Willy Village<\/p>\n<p>Chilly Willy, le pingouin le plus attachant de PortAventura, vous attend au p\u00f4le Nord pour d\u00e9couvrir son univers magique. Ne manquez pas ce voyage amusant et fantastique o\u00f9 vous pourrez ramener une photo souvenir. \u00cates-vous pr\u00eat pour ce voyage ?<\/p>\n<p>L&rsquo;arriv\u00e9e des \u00e9missaires royaux<\/p>\n<p>\u00c0 partir du 4 d\u00e9cembre, le ciel du lac Mediterr\u00e1nea s&rsquo;illuminera de lumi\u00e8res color\u00e9es. Les aides des Rois Mages arriveront dans leurs carrosses flottants \u00e0 PortAventura pour recueillir les lettres de tous les enfants, alors assurez-vous que les v\u00f4tres soient pr\u00eates pour qu&rsquo;ils les re\u00e7oivent !<\/p>\n<p>Cuidemos el planeta<\/p>\n<p>Profitez d&rsquo;un nouveau spectacle \u00e9ducatif ax\u00e9 sur la sensibilisation \u00e0 l&rsquo;utilisation responsable des ressources et aux valeurs d&rsquo;un monde durable. Apprenez l&rsquo;importance de r\u00e9duire, r\u00e9utiliser et recycler avec les personnages de S\u00e9samo Aventura !<\/p>\n<p>Meet &amp; Greet Shrek<\/p>\n<p>Rencontrez Shrek et Fiona et vivez toutes leurs aventures en direct gr\u00e2ce \u00e0 leur spectacle musical. Savourez la joie de ces personnages l\u00e9gendaires sur sc\u00e8ne au Mexique, et laissez-vous transporter dans leur monde imaginaire !<\/p>\n<p>Aves del Para\u00edso<\/p>\n<p>Laissez votre imagination s&rsquo;envoler avec les Aves del Para\u00edso. Perroquets, aras, et bien d&rsquo;autres encore ! La sc\u00e8ne de Makamanu se transforme en un spectacle \u00e9ducatif pour toute la famille. Ne manquez pas ce merveilleux spectacle plein de couleurs et de sympathie.<\/p>\n","protected":false},"excerpt":{"rendered":"<p>Du 20 novembre au 9 janvier, le parc PortAventura se transforme, et tout devient illusion et esprit de No\u00ebl. Le parc ouvre ses portes \u00e0 la p\u00e9riode de l&rsquo;ann\u00e9e la plus attendue et la plus riche en \u00e9motions, en couleurs, en musique et en \u00e9toiles. Les spectacles et les d\u00e9corations [&hellip;]<\/p>\n","protected":false},"author":5,"featured_media":17887,"comment_status":"closed","ping_status":"open","sticky":false,"template":"","format":"standard","meta":{"_acf_changed":false,"footnotes":""},"categories":[18],"tags":[],"class_list":["post-17913","post","type-post","status-publish","format-standard","has-post-thumbnail","hentry","category-non-classifiee"],"acf":[],"yoast_head":"<!-- This site is optimized with the Yoast SEO plugin v26.6 - https:\/\/yoast.com\/wordpress\/plugins\/seo\/ -->\n<title>No\u00ebl arrive \u00e0 PortAventura | Vila-seca - La Pineda Platja<\/title>\n<meta name=\"description\" content=\"Du 20 novembre au 9 janvier, le parc PortAventura se transforme, et tout devient illusion et esprit de No\u00ebl. Le parc ouvre ses portes \u00e0 la p\u00e9riode de\" \/>\n<meta name=\"robots\" content=\"index, follow, max-snippet:-1, max-image-preview:large, max-video-preview:-1\" \/>\n<link rel=\"canonical\" href=\"https:\/\/lapinedaplatja.info\/fr\/noel-arrive-a-portaventura\/\" \/>\n<meta property=\"og:locale\" content=\"fr_FR\" \/>\n<meta property=\"og:type\" content=\"article\" \/>\n<meta property=\"og:title\" content=\"No\u00ebl arrive \u00e0 PortAventura | Vila-seca - La Pineda Platja\" \/>\n<meta property=\"og:description\" content=\"Du 20 novembre au 9 janvier, le parc PortAventura se transforme, et tout devient illusion et esprit de No\u00ebl. Le parc ouvre ses portes \u00e0 la p\u00e9riode de\" \/>\n<meta property=\"og:url\" content=\"https:\/\/lapinedaplatja.info\/fr\/noel-arrive-a-portaventura\/\" \/>\n<meta property=\"og:site_name\" content=\"Vila-seca - La Pineda Platja\" \/>\n<meta property=\"article:publisher\" content=\"https:\/\/www.facebook.com\/lapinedaplatja\/\" \/>\n<meta property=\"article:published_time\" content=\"2021-11-17T09:33:01+00:00\" \/>\n<meta property=\"article:modified_time\" content=\"2021-11-17T09:35:22+00:00\" \/>\n<meta property=\"og:image\" content=\"https:\/\/lapinedaplatja.info\/wp-content\/uploads\/2021\/11\/NAVIDAD-SEMSAMO-AVENTURA-scaled.jpg\" \/>\n\t<meta property=\"og:image:width\" content=\"2560\" \/>\n\t<meta property=\"og:image:height\" content=\"1707\" \/>\n\t<meta property=\"og:image:type\" content=\"image\/jpeg\" \/>\n<meta name=\"author\" content=\"oficines\" \/>\n<meta name=\"twitter:card\" content=\"summary_large_image\" \/>\n<meta name=\"twitter:creator\" content=\"@lapinedaplatja\" \/>\n<meta name=\"twitter:site\" content=\"@lapinedaplatja\" \/>\n<meta name=\"twitter:label1\" content=\"\u00c9crit par\" \/>\n\t<meta name=\"twitter:data1\" content=\"oficines\" \/>\n\t<meta name=\"twitter:label2\" content=\"Dur\u00e9e de lecture estim\u00e9e\" \/>\n\t<meta name=\"twitter:data2\" content=\"3 minutes\" \/>\n<script type=\"application\/ld+json\" class=\"yoast-schema-graph\">{\"@context\":\"https:\/\/schema.org\",\"@graph\":[{\"@type\":\"Article\",\"@id\":\"https:\/\/lapinedaplatja.info\/fr\/noel-arrive-a-portaventura\/#article\",\"isPartOf\":{\"@id\":\"https:\/\/lapinedaplatja.info\/fr\/noel-arrive-a-portaventura\/\"},\"author\":{\"name\":\"oficines\",\"@id\":\"https:\/\/lapinedaplatja.info\/fr\/#\/schema\/person\/c399bfc5013bbcc8361250cc4c08022d\"},\"headline\":\"No\u00ebl arrive \u00e0 PortAventura\",\"datePublished\":\"2021-11-17T09:33:01+00:00\",\"dateModified\":\"2021-11-17T09:35:22+00:00\",\"mainEntityOfPage\":{\"@id\":\"https:\/\/lapinedaplatja.info\/fr\/noel-arrive-a-portaventura\/\"},\"wordCount\":666,\"publisher\":{\"@id\":\"https:\/\/lapinedaplatja.info\/fr\/#organization\"},\"image\":{\"@id\":\"https:\/\/lapinedaplatja.info\/fr\/noel-arrive-a-portaventura\/#primaryimage\"},\"thumbnailUrl\":\"https:\/\/lapinedaplatja.info\/wp-content\/uploads\/2021\/11\/NAVIDAD-SEMSAMO-AVENTURA-scaled.jpg\",\"articleSection\":[\"Non classifi\u00e9(e)\"],\"inLanguage\":\"fr-FR\"},{\"@type\":\"WebPage\",\"@id\":\"https:\/\/lapinedaplatja.info\/fr\/noel-arrive-a-portaventura\/\",\"url\":\"https:\/\/lapinedaplatja.info\/fr\/noel-arrive-a-portaventura\/\",\"name\":\"No\u00ebl arrive \u00e0 PortAventura | Vila-seca - La Pineda Platja\",\"isPartOf\":{\"@id\":\"https:\/\/lapinedaplatja.info\/fr\/#website\"},\"primaryImageOfPage\":{\"@id\":\"https:\/\/lapinedaplatja.info\/fr\/noel-arrive-a-portaventura\/#primaryimage\"},\"image\":{\"@id\":\"https:\/\/lapinedaplatja.info\/fr\/noel-arrive-a-portaventura\/#primaryimage\"},\"thumbnailUrl\":\"https:\/\/lapinedaplatja.info\/wp-content\/uploads\/2021\/11\/NAVIDAD-SEMSAMO-AVENTURA-scaled.jpg\",\"datePublished\":\"2021-11-17T09:33:01+00:00\",\"dateModified\":\"2021-11-17T09:35:22+00:00\",\"description\":\"Du 20 novembre au 9 janvier, le parc PortAventura se transforme, et tout devient illusion et esprit de No\u00ebl. Le parc ouvre ses portes \u00e0 la p\u00e9riode de\",\"breadcrumb\":{\"@id\":\"https:\/\/lapinedaplatja.info\/fr\/noel-arrive-a-portaventura\/#breadcrumb\"},\"inLanguage\":\"fr-FR\",\"potentialAction\":[{\"@type\":\"ReadAction\",\"target\":[\"https:\/\/lapinedaplatja.info\/fr\/noel-arrive-a-portaventura\/\"]}]},{\"@type\":\"ImageObject\",\"inLanguage\":\"fr-FR\",\"@id\":\"https:\/\/lapinedaplatja.info\/fr\/noel-arrive-a-portaventura\/#primaryimage\",\"url\":\"https:\/\/lapinedaplatja.info\/wp-content\/uploads\/2021\/11\/NAVIDAD-SEMSAMO-AVENTURA-scaled.jpg\",\"contentUrl\":\"https:\/\/lapinedaplatja.info\/wp-content\/uploads\/2021\/11\/NAVIDAD-SEMSAMO-AVENTURA-scaled.jpg\",\"width\":2560,\"height\":1707},{\"@type\":\"BreadcrumbList\",\"@id\":\"https:\/\/lapinedaplatja.info\/fr\/noel-arrive-a-portaventura\/#breadcrumb\",\"itemListElement\":[{\"@type\":\"ListItem\",\"position\":1,\"name\":\"Portada\",\"item\":\"https:\/\/lapinedaplatja.info\/fr\/\"},{\"@type\":\"ListItem\",\"position\":2,\"name\":\"No\u00ebl arrive \u00e0 PortAventura\"}]},{\"@type\":\"WebSite\",\"@id\":\"https:\/\/lapinedaplatja.info\/fr\/#website\",\"url\":\"https:\/\/lapinedaplatja.info\/fr\/\",\"name\":\"La Pineda Platja | Vila-seca\",\"description\":\"Oficina de Turismo de La Pineda.\",\"publisher\":{\"@id\":\"https:\/\/lapinedaplatja.info\/fr\/#organization\"},\"potentialAction\":[{\"@type\":\"SearchAction\",\"target\":{\"@type\":\"EntryPoint\",\"urlTemplate\":\"https:\/\/lapinedaplatja.info\/fr\/?s={search_term_string}\"},\"query-input\":{\"@type\":\"PropertyValueSpecification\",\"valueRequired\":true,\"valueName\":\"search_term_string\"}}],\"inLanguage\":\"fr-FR\"},{\"@type\":\"Organization\",\"@id\":\"https:\/\/lapinedaplatja.info\/fr\/#organization\",\"name\":\"Patronat Municipal de Turisme de Vila-seca\",\"url\":\"https:\/\/lapinedaplatja.info\/fr\/\",\"logo\":{\"@type\":\"ImageObject\",\"inLanguage\":\"fr-FR\",\"@id\":\"https:\/\/lapinedaplatja.info\/fr\/#\/schema\/logo\/image\/\",\"url\":\"https:\/\/lapinedaplatja.info\/wp-content\/uploads\/2018\/10\/cropped-13260099_989491457837088_3488030785405353200_n.jpg\",\"contentUrl\":\"https:\/\/lapinedaplatja.info\/wp-content\/uploads\/2018\/10\/cropped-13260099_989491457837088_3488030785405353200_n.jpg\",\"width\":600,\"height\":600,\"caption\":\"Patronat Municipal de Turisme de Vila-seca\"},\"image\":{\"@id\":\"https:\/\/lapinedaplatja.info\/fr\/#\/schema\/logo\/image\/\"},\"sameAs\":[\"https:\/\/www.facebook.com\/lapinedaplatja\/\",\"https:\/\/x.com\/lapinedaplatja\",\"https:\/\/www.instagram.com\/lapinedaplatja\/\"]},{\"@type\":\"Person\",\"@id\":\"https:\/\/lapinedaplatja.info\/fr\/#\/schema\/person\/c399bfc5013bbcc8361250cc4c08022d\",\"name\":\"oficines\",\"image\":{\"@type\":\"ImageObject\",\"inLanguage\":\"fr-FR\",\"@id\":\"https:\/\/lapinedaplatja.info\/fr\/#\/schema\/person\/image\/\",\"url\":\"https:\/\/secure.gravatar.com\/avatar\/3f1bf89ca58b8559d1dcf506700f83fb5f4e6054e0412eb877c0bba519c224da?s=96&d=mm&r=g\",\"contentUrl\":\"https:\/\/secure.gravatar.com\/avatar\/3f1bf89ca58b8559d1dcf506700f83fb5f4e6054e0412eb877c0bba519c224da?s=96&d=mm&r=g\",\"caption\":\"oficines\"}}]}<\/script>\n<!-- \/ Yoast SEO plugin. -->","yoast_head_json":{"title":"No\u00ebl arrive \u00e0 PortAventura | Vila-seca - La Pineda Platja","description":"Du 20 novembre au 9 janvier, le parc PortAventura se transforme, et tout devient illusion et esprit de No\u00ebl. Le parc ouvre ses portes \u00e0 la p\u00e9riode de","robots":{"index":"index","follow":"follow","max-snippet":"max-snippet:-1","max-image-preview":"max-image-preview:large","max-video-preview":"max-video-preview:-1"},"canonical":"https:\/\/lapinedaplatja.info\/fr\/noel-arrive-a-portaventura\/","og_locale":"fr_FR","og_type":"article","og_title":"No\u00ebl arrive \u00e0 PortAventura | Vila-seca - La Pineda Platja","og_description":"Du 20 novembre au 9 janvier, le parc PortAventura se transforme, et tout devient illusion et esprit de No\u00ebl. Le parc ouvre ses portes \u00e0 la p\u00e9riode de","og_url":"https:\/\/lapinedaplatja.info\/fr\/noel-arrive-a-portaventura\/","og_site_name":"Vila-seca - La Pineda Platja","article_publisher":"https:\/\/www.facebook.com\/lapinedaplatja\/","article_published_time":"2021-11-17T09:33:01+00:00","article_modified_time":"2021-11-17T09:35:22+00:00","og_image":[{"width":2560,"height":1707,"url":"https:\/\/lapinedaplatja.info\/wp-content\/uploads\/2021\/11\/NAVIDAD-SEMSAMO-AVENTURA-scaled.jpg","type":"image\/jpeg"}],"author":"oficines","twitter_card":"summary_large_image","twitter_creator":"@lapinedaplatja","twitter_site":"@lapinedaplatja","twitter_misc":{"\u00c9crit par":"oficines","Dur\u00e9e de lecture estim\u00e9e":"3 minutes"},"schema":{"@context":"https:\/\/schema.org","@graph":[{"@type":"Article","@id":"https:\/\/lapinedaplatja.info\/fr\/noel-arrive-a-portaventura\/#article","isPartOf":{"@id":"https:\/\/lapinedaplatja.info\/fr\/noel-arrive-a-portaventura\/"},"author":{"name":"oficines","@id":"https:\/\/lapinedaplatja.info\/fr\/#\/schema\/person\/c399bfc5013bbcc8361250cc4c08022d"},"headline":"No\u00ebl arrive \u00e0 PortAventura","datePublished":"2021-11-17T09:33:01+00:00","dateModified":"2021-11-17T09:35:22+00:00","mainEntityOfPage":{"@id":"https:\/\/lapinedaplatja.info\/fr\/noel-arrive-a-portaventura\/"},"wordCount":666,"publisher":{"@id":"https:\/\/lapinedaplatja.info\/fr\/#organization"},"image":{"@id":"https:\/\/lapinedaplatja.info\/fr\/noel-arrive-a-portaventura\/#primaryimage"},"thumbnailUrl":"https:\/\/lapinedaplatja.info\/wp-content\/uploads\/2021\/11\/NAVIDAD-SEMSAMO-AVENTURA-scaled.jpg","articleSection":["Non classifi\u00e9(e)"],"inLanguage":"fr-FR"},{"@type":"WebPage","@id":"https:\/\/lapinedaplatja.info\/fr\/noel-arrive-a-portaventura\/","url":"https:\/\/lapinedaplatja.info\/fr\/noel-arrive-a-portaventura\/","name":"No\u00ebl arrive \u00e0 PortAventura | Vila-seca - La Pineda Platja","isPartOf":{"@id":"https:\/\/lapinedaplatja.info\/fr\/#website"},"primaryImageOfPage":{"@id":"https:\/\/lapinedaplatja.info\/fr\/noel-arrive-a-portaventura\/#primaryimage"},"image":{"@id":"https:\/\/lapinedaplatja.info\/fr\/noel-arrive-a-portaventura\/#primaryimage"},"thumbnailUrl":"https:\/\/lapinedaplatja.info\/wp-content\/uploads\/2021\/11\/NAVIDAD-SEMSAMO-AVENTURA-scaled.jpg","datePublished":"2021-11-17T09:33:01+00:00","dateModified":"2021-11-17T09:35:22+00:00","description":"Du 20 novembre au 9 janvier, le parc PortAventura se transforme, et tout devient illusion et esprit de No\u00ebl. Le parc ouvre ses portes \u00e0 la p\u00e9riode de","breadcrumb":{"@id":"https:\/\/lapinedaplatja.info\/fr\/noel-arrive-a-portaventura\/#breadcrumb"},"inLanguage":"fr-FR","potentialAction":[{"@type":"ReadAction","target":["https:\/\/lapinedaplatja.info\/fr\/noel-arrive-a-portaventura\/"]}]},{"@type":"ImageObject","inLanguage":"fr-FR","@id":"https:\/\/lapinedaplatja.info\/fr\/noel-arrive-a-portaventura\/#primaryimage","url":"https:\/\/lapinedaplatja.info\/wp-content\/uploads\/2021\/11\/NAVIDAD-SEMSAMO-AVENTURA-scaled.jpg","contentUrl":"https:\/\/lapinedaplatja.info\/wp-content\/uploads\/2021\/11\/NAVIDAD-SEMSAMO-AVENTURA-scaled.jpg","width":2560,"height":1707},{"@type":"BreadcrumbList","@id":"https:\/\/lapinedaplatja.info\/fr\/noel-arrive-a-portaventura\/#breadcrumb","itemListElement":[{"@type":"ListItem","position":1,"name":"Portada","item":"https:\/\/lapinedaplatja.info\/fr\/"},{"@type":"ListItem","position":2,"name":"No\u00ebl arrive \u00e0 PortAventura"}]},{"@type":"WebSite","@id":"https:\/\/lapinedaplatja.info\/fr\/#website","url":"https:\/\/lapinedaplatja.info\/fr\/","name":"La Pineda Platja | Vila-seca","description":"Oficina de Turismo de La Pineda.","publisher":{"@id":"https:\/\/lapinedaplatja.info\/fr\/#organization"},"potentialAction":[{"@type":"SearchAction","target":{"@type":"EntryPoint","urlTemplate":"https:\/\/lapinedaplatja.info\/fr\/?s={search_term_string}"},"query-input":{"@type":"PropertyValueSpecification","valueRequired":true,"valueName":"search_term_string"}}],"inLanguage":"fr-FR"},{"@type":"Organization","@id":"https:\/\/lapinedaplatja.info\/fr\/#organization","name":"Patronat Municipal de Turisme de Vila-seca","url":"https:\/\/lapinedaplatja.info\/fr\/","logo":{"@type":"ImageObject","inLanguage":"fr-FR","@id":"https:\/\/lapinedaplatja.info\/fr\/#\/schema\/logo\/image\/","url":"https:\/\/lapinedaplatja.info\/wp-content\/uploads\/2018\/10\/cropped-13260099_989491457837088_3488030785405353200_n.jpg","contentUrl":"https:\/\/lapinedaplatja.info\/wp-content\/uploads\/2018\/10\/cropped-13260099_989491457837088_3488030785405353200_n.jpg","width":600,"height":600,"caption":"Patronat Municipal de Turisme de Vila-seca"},"image":{"@id":"https:\/\/lapinedaplatja.info\/fr\/#\/schema\/logo\/image\/"},"sameAs":["https:\/\/www.facebook.com\/lapinedaplatja\/","https:\/\/x.com\/lapinedaplatja","https:\/\/www.instagram.com\/lapinedaplatja\/"]},{"@type":"Person","@id":"https:\/\/lapinedaplatja.info\/fr\/#\/schema\/person\/c399bfc5013bbcc8361250cc4c08022d","name":"oficines","image":{"@type":"ImageObject","inLanguage":"fr-FR","@id":"https:\/\/lapinedaplatja.info\/fr\/#\/schema\/person\/image\/","url":"https:\/\/secure.gravatar.com\/avatar\/3f1bf89ca58b8559d1dcf506700f83fb5f4e6054e0412eb877c0bba519c224da?s=96&d=mm&r=g","contentUrl":"https:\/\/secure.gravatar.com\/avatar\/3f1bf89ca58b8559d1dcf506700f83fb5f4e6054e0412eb877c0bba519c224da?s=96&d=mm&r=g","caption":"oficines"}}]}},"_links":{"self":[{"href":"https:\/\/lapinedaplatja.info\/fr\/wp-json\/wp\/v2\/posts\/17913","targetHints":{"allow":["GET"]}}],"collection":[{"href":"https:\/\/lapinedaplatja.info\/fr\/wp-json\/wp\/v2\/posts"}],"about":[{"href":"https:\/\/lapinedaplatja.info\/fr\/wp-json\/wp\/v2\/types\/post"}],"author":[{"embeddable":true,"href":"https:\/\/lapinedaplatja.info\/fr\/wp-json\/wp\/v2\/users\/5"}],"replies":[{"embeddable":true,"href":"https:\/\/lapinedaplatja.info\/fr\/wp-json\/wp\/v2\/comments?post=17913"}],"version-history":[{"count":0,"href":"https:\/\/lapinedaplatja.info\/fr\/wp-json\/wp\/v2\/posts\/17913\/revisions"}],"wp:featuredmedia":[{"embeddable":true,"href":"https:\/\/lapinedaplatja.info\/fr\/wp-json\/wp\/v2\/media\/17887"}],"wp:attachment":[{"href":"https:\/\/lapinedaplatja.info\/fr\/wp-json\/wp\/v2\/media?parent=17913"}],"wp:term":[{"taxonomy":"category","embeddable":true,"href":"https:\/\/lapinedaplatja.info\/fr\/wp-json\/wp\/v2\/categories?post=17913"},{"taxonomy":"post_tag","embeddable":true,"href":"https:\/\/lapinedaplatja.info\/fr\/wp-json\/wp\/v2\/tags?post=17913"}],"curies":[{"name":"wp","href":"https:\/\/api.w.org\/{rel}","templated":true}]}}