{"id":18609,"date":"2022-03-08T14:43:50","date_gmt":"2022-03-08T13:43:50","guid":{"rendered":"https:\/\/lapinedaplatja.info\/vila-seca-acull-lacte-de-presentacio-de-lacord-de-patrocini-de-la-costa-daurada-amb-lequip-de-futbol-femeni-del-manchester-city\/"},"modified":"2022-03-08T14:55:19","modified_gmt":"2022-03-08T13:55:19","slug":"vila-seca-acull-lacte-de-presentacio-de-lacord-de-patrocini-de-la-costa-daurada-amb-lequip-de-futbol-femeni-del-manchester-city","status":"publish","type":"post","link":"https:\/\/lapinedaplatja.info\/fr\/vila-seca-acull-lacte-de-presentacio-de-lacord-de-patrocini-de-la-costa-daurada-amb-lequip-de-futbol-femeni-del-manchester-city\/","title":{"rendered":"Vila-seca accueille la c\u00e9r\u00e9monie de pr\u00e9sentation de l&rsquo;accord de parrainage de la Costa Dorada avec l&rsquo;\u00e9quipe de football f\u00e9minin Manchester City"},"content":{"rendered":"<p>La Costa Dorada a conclu un accord de parrainage avec l&rsquo;\u00e9quipe de football f\u00e9minine de Manchester City pour se promouvoir sur le march\u00e9 britannique jusqu&rsquo;en juin 2023. Cet accord s&rsquo;inscrit dans le cadre du plan de promotion conjointe auquel participent le conseil du tourisme du conseil provincial de Tarragone Costa Daurada, Salou, Cambrils et Vila-seca, ainsi que la F\u00e9d\u00e9ration des entreprises de l&rsquo;h\u00f4tellerie et du tourisme de la province de Tarragone (FEHT). Ainsi, la Costa Dorada est devenue partenaire officiel du Manchester City Women&rsquo;s Football Club et partenaire touristique officiel du Manchester City Women&rsquo;s Football Club.<\/p>\n<p>L&rsquo;acte de pr\u00e9sentation de l&rsquo;accord, qui a compt\u00e9 avec la pr\u00e9sentation de Danae Boronat &#8211; journaliste de Tarragone, sp\u00e9cialis\u00e9e dans les \u00e9missions sportives-, a eu lieu au Castell de Vila-seca.<\/p>\n<p>Comme l&rsquo;a expliqu\u00e9 Quim Cristi\u00e0, vice-pr\u00e9sident de la FEHT, \u00a0\u00bb il s&rsquo;agit d&rsquo;un sponsoring pour les saisons 2021-2022 et 2022-2023 qui comprend de multiples actions telles que la diffusion du logo du Plan de Promotion Conjoint aux panneaux LED p\u00e9rim\u00e9triques autour du stade pendant tous les matchs \u00e0 domicile de la FA Women&rsquo;s Super League et la publication du logo dans la salle de presse pendant les interviews d&rsquo;avant et d&rsquo;apr\u00e8s match de la FA Women&rsquo;s Super League \u00ab\u00a0. En outre, le Costa Daurada pourra utiliser le mat\u00e9riel graphique du club pour des actions de marketing et des campagnes publicitaires, des publications seront \u00e9galement faites sur les r\u00e9seaux sociaux du club et des contenus seront \u00e9galement cr\u00e9\u00e9s conjointement. Dans le cadre de cet accord, un tirage au sort sera \u00e9galement organis\u00e9 parmi les supporters f\u00e9minins de Manchester City, leur donnant l&rsquo;occasion de visiter la Costa Daurada.<\/p>\n<p>Cet accord pr\u00e9voit \u00e9galement que la premi\u00e8re \u00e9quipe de football f\u00e9minin de Manchester City fera une \u00e9tape chaque saison \u00e0 la Costa Daurada. La premi\u00e8re est pr\u00e9vue du 25 au 29 avril dans les installations de football du centre sportif de Salou.<\/p>\n<p>Pere Segura, maire de Vila-seca, a fait r\u00e9f\u00e9rence \u00e0 l&rsquo;engagement qui est pris de travailler pour la d\u00e9saisonnalisation de la saison touristique \u00e0 travers le sport : \u00ab\u00a0nous croyons qu&rsquo;une \u00e9quipe aussi importante et avec autant d&rsquo;adeptes que les femmes de Manchester City faire deux \u00e9tapes de pr\u00e9paration \u00e0 la Costa Dorada nous donnera beaucoup de visibilit\u00e9 et nous aider \u00e0 continuer \u00e0 nous positionner comme une destination leader dans le tourisme sportif, un fait qui devrait \u00e9galement nous aider avec la d\u00e9saisonnalisation. Nous avons un climat tr\u00e8s doux tout au long de l&rsquo;ann\u00e9e et de nombreuses \u00e9quipes d&rsquo;Europe centrale et du Nord nous rendent d\u00e9j\u00e0 visite en hiver, au printemps et en automne\u00a0\u00bb.<\/p>\n<p>Gavin Makel, directeur g\u00e9n\u00e9ral du Manchester City Women&rsquo;s Football Club, a d\u00e9clar\u00e9 : \u00ab\u00a0\u00c0 Manchester City, nous sommes ravis d&rsquo;accueillir la Costa Daurada en tant que partenaire officiel de notre \u00e9quipe f\u00e9minine ; devenir notre partenaire touristique en dit long sur leur engagement envers le football f\u00e9minin et sa croissance. Nous sommes ravis des opportunit\u00e9s qui seront offertes \u00e0 notre \u00e9quipe et \u00e0 nos supporters gr\u00e2ce \u00e0 cet accord\u00a0\u00bb.<\/p>\n","protected":false},"excerpt":{"rendered":"<p>La Costa Dorada a conclu un accord de parrainage avec l&rsquo;\u00e9quipe de football f\u00e9minine de Manchester City pour se promouvoir sur le march\u00e9 britannique jusqu&rsquo;en juin 2023. Cet accord s&rsquo;inscrit dans le cadre du plan de promotion conjointe auquel participent le conseil du tourisme du conseil provincial de Tarragone Costa [&hellip;]<\/p>\n","protected":false},"author":4,"featured_media":18603,"comment_status":"closed","ping_status":"open","sticky":false,"template":"","format":"standard","meta":{"_acf_changed":false,"footnotes":""},"categories":[18],"tags":[],"class_list":["post-18609","post","type-post","status-publish","format-standard","has-post-thumbnail","hentry","category-non-classifiee"],"acf":[],"yoast_head":"<!-- This site is optimized with the Yoast SEO plugin v26.6 - https:\/\/yoast.com\/wordpress\/plugins\/seo\/ -->\n<title>Vila-seca accueille la c\u00e9r\u00e9monie de pr\u00e9sentation de l&#039;accord de parrainage de la Costa Dorada avec l&#039;\u00e9quipe de football f\u00e9minin Manchester City | Vila-seca - La Pineda Platja<\/title>\n<meta name=\"description\" content=\"La Costa Dorada a conclu un accord de parrainage avec l&#039;\u00e9quipe de football f\u00e9minine de Manchester City pour se promouvoir sur le march\u00e9 britannique\" \/>\n<meta name=\"robots\" content=\"index, follow, max-snippet:-1, max-image-preview:large, max-video-preview:-1\" \/>\n<link rel=\"canonical\" href=\"https:\/\/lapinedaplatja.info\/fr\/vila-seca-acull-lacte-de-presentacio-de-lacord-de-patrocini-de-la-costa-daurada-amb-lequip-de-futbol-femeni-del-manchester-city\/\" \/>\n<meta property=\"og:locale\" content=\"fr_FR\" \/>\n<meta property=\"og:type\" content=\"article\" \/>\n<meta property=\"og:title\" content=\"Vila-seca accueille la c\u00e9r\u00e9monie de pr\u00e9sentation de l&#039;accord de parrainage de la Costa Dorada avec l&#039;\u00e9quipe de football f\u00e9minin Manchester City | Vila-seca - La Pineda Platja\" \/>\n<meta property=\"og:description\" content=\"La Costa Dorada a conclu un accord de parrainage avec l&#039;\u00e9quipe de football f\u00e9minine de Manchester City pour se promouvoir sur le march\u00e9 britannique\" \/>\n<meta property=\"og:url\" content=\"https:\/\/lapinedaplatja.info\/fr\/vila-seca-acull-lacte-de-presentacio-de-lacord-de-patrocini-de-la-costa-daurada-amb-lequip-de-futbol-femeni-del-manchester-city\/\" \/>\n<meta property=\"og:site_name\" content=\"Vila-seca - La Pineda Platja\" \/>\n<meta property=\"article:publisher\" content=\"https:\/\/www.facebook.com\/lapinedaplatja\/\" \/>\n<meta property=\"article:published_time\" content=\"2022-03-08T13:43:50+00:00\" \/>\n<meta property=\"article:modified_time\" content=\"2022-03-08T13:55:19+00:00\" \/>\n<meta property=\"og:image\" content=\"https:\/\/lapinedaplatja.info\/wp-content\/uploads\/2022\/03\/IMG_4522-scaled.jpg\" \/>\n\t<meta property=\"og:image:width\" content=\"2560\" \/>\n\t<meta property=\"og:image:height\" content=\"1920\" \/>\n\t<meta property=\"og:image:type\" content=\"image\/jpeg\" \/>\n<meta name=\"author\" content=\"nerea\" \/>\n<meta name=\"twitter:card\" content=\"summary_large_image\" \/>\n<meta name=\"twitter:creator\" content=\"@lapinedaplatja\" \/>\n<meta name=\"twitter:site\" content=\"@lapinedaplatja\" \/>\n<meta name=\"twitter:label1\" content=\"\u00c9crit par\" \/>\n\t<meta name=\"twitter:data1\" content=\"nerea\" \/>\n\t<meta name=\"twitter:label2\" content=\"Dur\u00e9e de lecture estim\u00e9e\" \/>\n\t<meta name=\"twitter:data2\" content=\"3 minutes\" \/>\n<script type=\"application\/ld+json\" class=\"yoast-schema-graph\">{\"@context\":\"https:\/\/schema.org\",\"@graph\":[{\"@type\":\"Article\",\"@id\":\"https:\/\/lapinedaplatja.info\/fr\/vila-seca-acull-lacte-de-presentacio-de-lacord-de-patrocini-de-la-costa-daurada-amb-lequip-de-futbol-femeni-del-manchester-city\/#article\",\"isPartOf\":{\"@id\":\"https:\/\/lapinedaplatja.info\/fr\/vila-seca-acull-lacte-de-presentacio-de-lacord-de-patrocini-de-la-costa-daurada-amb-lequip-de-futbol-femeni-del-manchester-city\/\"},\"author\":{\"name\":\"nerea\",\"@id\":\"https:\/\/lapinedaplatja.info\/fr\/#\/schema\/person\/29107b3d900b8d3c355b438d5f31edcf\"},\"headline\":\"Vila-seca accueille la c\u00e9r\u00e9monie de pr\u00e9sentation de l&rsquo;accord de parrainage de la Costa Dorada avec l&rsquo;\u00e9quipe de football f\u00e9minin Manchester City\",\"datePublished\":\"2022-03-08T13:43:50+00:00\",\"dateModified\":\"2022-03-08T13:55:19+00:00\",\"mainEntityOfPage\":{\"@id\":\"https:\/\/lapinedaplatja.info\/fr\/vila-seca-acull-lacte-de-presentacio-de-lacord-de-patrocini-de-la-costa-daurada-amb-lequip-de-futbol-femeni-del-manchester-city\/\"},\"wordCount\":564,\"publisher\":{\"@id\":\"https:\/\/lapinedaplatja.info\/fr\/#organization\"},\"image\":{\"@id\":\"https:\/\/lapinedaplatja.info\/fr\/vila-seca-acull-lacte-de-presentacio-de-lacord-de-patrocini-de-la-costa-daurada-amb-lequip-de-futbol-femeni-del-manchester-city\/#primaryimage\"},\"thumbnailUrl\":\"https:\/\/lapinedaplatja.info\/wp-content\/uploads\/2022\/03\/IMG_4522-scaled.jpg\",\"articleSection\":[\"Non classifi\u00e9(e)\"],\"inLanguage\":\"fr-FR\"},{\"@type\":\"WebPage\",\"@id\":\"https:\/\/lapinedaplatja.info\/fr\/vila-seca-acull-lacte-de-presentacio-de-lacord-de-patrocini-de-la-costa-daurada-amb-lequip-de-futbol-femeni-del-manchester-city\/\",\"url\":\"https:\/\/lapinedaplatja.info\/fr\/vila-seca-acull-lacte-de-presentacio-de-lacord-de-patrocini-de-la-costa-daurada-amb-lequip-de-futbol-femeni-del-manchester-city\/\",\"name\":\"Vila-seca accueille la c\u00e9r\u00e9monie de pr\u00e9sentation de l'accord de parrainage de la Costa Dorada avec l'\u00e9quipe de football f\u00e9minin Manchester City | Vila-seca - La Pineda Platja\",\"isPartOf\":{\"@id\":\"https:\/\/lapinedaplatja.info\/fr\/#website\"},\"primaryImageOfPage\":{\"@id\":\"https:\/\/lapinedaplatja.info\/fr\/vila-seca-acull-lacte-de-presentacio-de-lacord-de-patrocini-de-la-costa-daurada-amb-lequip-de-futbol-femeni-del-manchester-city\/#primaryimage\"},\"image\":{\"@id\":\"https:\/\/lapinedaplatja.info\/fr\/vila-seca-acull-lacte-de-presentacio-de-lacord-de-patrocini-de-la-costa-daurada-amb-lequip-de-futbol-femeni-del-manchester-city\/#primaryimage\"},\"thumbnailUrl\":\"https:\/\/lapinedaplatja.info\/wp-content\/uploads\/2022\/03\/IMG_4522-scaled.jpg\",\"datePublished\":\"2022-03-08T13:43:50+00:00\",\"dateModified\":\"2022-03-08T13:55:19+00:00\",\"description\":\"La Costa Dorada a conclu un accord de parrainage avec l'\u00e9quipe de football f\u00e9minine de Manchester City pour se promouvoir sur le march\u00e9 britannique\",\"breadcrumb\":{\"@id\":\"https:\/\/lapinedaplatja.info\/fr\/vila-seca-acull-lacte-de-presentacio-de-lacord-de-patrocini-de-la-costa-daurada-amb-lequip-de-futbol-femeni-del-manchester-city\/#breadcrumb\"},\"inLanguage\":\"fr-FR\",\"potentialAction\":[{\"@type\":\"ReadAction\",\"target\":[\"https:\/\/lapinedaplatja.info\/fr\/vila-seca-acull-lacte-de-presentacio-de-lacord-de-patrocini-de-la-costa-daurada-amb-lequip-de-futbol-femeni-del-manchester-city\/\"]}]},{\"@type\":\"ImageObject\",\"inLanguage\":\"fr-FR\",\"@id\":\"https:\/\/lapinedaplatja.info\/fr\/vila-seca-acull-lacte-de-presentacio-de-lacord-de-patrocini-de-la-costa-daurada-amb-lequip-de-futbol-femeni-del-manchester-city\/#primaryimage\",\"url\":\"https:\/\/lapinedaplatja.info\/wp-content\/uploads\/2022\/03\/IMG_4522-scaled.jpg\",\"contentUrl\":\"https:\/\/lapinedaplatja.info\/wp-content\/uploads\/2022\/03\/IMG_4522-scaled.jpg\",\"width\":2560,\"height\":1920,\"caption\":\"RODA DE PREMSA MANCHESTER\"},{\"@type\":\"BreadcrumbList\",\"@id\":\"https:\/\/lapinedaplatja.info\/fr\/vila-seca-acull-lacte-de-presentacio-de-lacord-de-patrocini-de-la-costa-daurada-amb-lequip-de-futbol-femeni-del-manchester-city\/#breadcrumb\",\"itemListElement\":[{\"@type\":\"ListItem\",\"position\":1,\"name\":\"Portada\",\"item\":\"https:\/\/lapinedaplatja.info\/fr\/\"},{\"@type\":\"ListItem\",\"position\":2,\"name\":\"Vila-seca accueille la c\u00e9r\u00e9monie de pr\u00e9sentation de l&rsquo;accord de parrainage de la Costa Dorada avec l&rsquo;\u00e9quipe de football f\u00e9minin Manchester City\"}]},{\"@type\":\"WebSite\",\"@id\":\"https:\/\/lapinedaplatja.info\/fr\/#website\",\"url\":\"https:\/\/lapinedaplatja.info\/fr\/\",\"name\":\"La Pineda Platja | Vila-seca\",\"description\":\"Oficina de Turismo de La Pineda.\",\"publisher\":{\"@id\":\"https:\/\/lapinedaplatja.info\/fr\/#organization\"},\"potentialAction\":[{\"@type\":\"SearchAction\",\"target\":{\"@type\":\"EntryPoint\",\"urlTemplate\":\"https:\/\/lapinedaplatja.info\/fr\/?s={search_term_string}\"},\"query-input\":{\"@type\":\"PropertyValueSpecification\",\"valueRequired\":true,\"valueName\":\"search_term_string\"}}],\"inLanguage\":\"fr-FR\"},{\"@type\":\"Organization\",\"@id\":\"https:\/\/lapinedaplatja.info\/fr\/#organization\",\"name\":\"Patronat Municipal de Turisme de Vila-seca\",\"url\":\"https:\/\/lapinedaplatja.info\/fr\/\",\"logo\":{\"@type\":\"ImageObject\",\"inLanguage\":\"fr-FR\",\"@id\":\"https:\/\/lapinedaplatja.info\/fr\/#\/schema\/logo\/image\/\",\"url\":\"https:\/\/lapinedaplatja.info\/wp-content\/uploads\/2018\/10\/cropped-13260099_989491457837088_3488030785405353200_n.jpg\",\"contentUrl\":\"https:\/\/lapinedaplatja.info\/wp-content\/uploads\/2018\/10\/cropped-13260099_989491457837088_3488030785405353200_n.jpg\",\"width\":600,\"height\":600,\"caption\":\"Patronat Municipal de Turisme de Vila-seca\"},\"image\":{\"@id\":\"https:\/\/lapinedaplatja.info\/fr\/#\/schema\/logo\/image\/\"},\"sameAs\":[\"https:\/\/www.facebook.com\/lapinedaplatja\/\",\"https:\/\/x.com\/lapinedaplatja\",\"https:\/\/www.instagram.com\/lapinedaplatja\/\"]},{\"@type\":\"Person\",\"@id\":\"https:\/\/lapinedaplatja.info\/fr\/#\/schema\/person\/29107b3d900b8d3c355b438d5f31edcf\",\"name\":\"nerea\",\"image\":{\"@type\":\"ImageObject\",\"inLanguage\":\"fr-FR\",\"@id\":\"https:\/\/lapinedaplatja.info\/fr\/#\/schema\/person\/image\/\",\"url\":\"https:\/\/secure.gravatar.com\/avatar\/d3b9655a037913ef9c32c9777e65c2c8c6eaaf0460db91392b4a3c47c5e66474?s=96&d=mm&r=g\",\"contentUrl\":\"https:\/\/secure.gravatar.com\/avatar\/d3b9655a037913ef9c32c9777e65c2c8c6eaaf0460db91392b4a3c47c5e66474?s=96&d=mm&r=g\",\"caption\":\"nerea\"}}]}<\/script>\n<!-- \/ Yoast SEO plugin. -->","yoast_head_json":{"title":"Vila-seca accueille la c\u00e9r\u00e9monie de pr\u00e9sentation de l'accord de parrainage de la Costa Dorada avec l'\u00e9quipe de football f\u00e9minin Manchester City | Vila-seca - La Pineda Platja","description":"La Costa Dorada a conclu un accord de parrainage avec l'\u00e9quipe de football f\u00e9minine de Manchester City pour se promouvoir sur le march\u00e9 britannique","robots":{"index":"index","follow":"follow","max-snippet":"max-snippet:-1","max-image-preview":"max-image-preview:large","max-video-preview":"max-video-preview:-1"},"canonical":"https:\/\/lapinedaplatja.info\/fr\/vila-seca-acull-lacte-de-presentacio-de-lacord-de-patrocini-de-la-costa-daurada-amb-lequip-de-futbol-femeni-del-manchester-city\/","og_locale":"fr_FR","og_type":"article","og_title":"Vila-seca accueille la c\u00e9r\u00e9monie de pr\u00e9sentation de l'accord de parrainage de la Costa Dorada avec l'\u00e9quipe de football f\u00e9minin Manchester City | Vila-seca - La Pineda Platja","og_description":"La Costa Dorada a conclu un accord de parrainage avec l'\u00e9quipe de football f\u00e9minine de Manchester City pour se promouvoir sur le march\u00e9 britannique","og_url":"https:\/\/lapinedaplatja.info\/fr\/vila-seca-acull-lacte-de-presentacio-de-lacord-de-patrocini-de-la-costa-daurada-amb-lequip-de-futbol-femeni-del-manchester-city\/","og_site_name":"Vila-seca - La Pineda Platja","article_publisher":"https:\/\/www.facebook.com\/lapinedaplatja\/","article_published_time":"2022-03-08T13:43:50+00:00","article_modified_time":"2022-03-08T13:55:19+00:00","og_image":[{"width":2560,"height":1920,"url":"https:\/\/lapinedaplatja.info\/wp-content\/uploads\/2022\/03\/IMG_4522-scaled.jpg","type":"image\/jpeg"}],"author":"nerea","twitter_card":"summary_large_image","twitter_creator":"@lapinedaplatja","twitter_site":"@lapinedaplatja","twitter_misc":{"\u00c9crit par":"nerea","Dur\u00e9e de lecture estim\u00e9e":"3 minutes"},"schema":{"@context":"https:\/\/schema.org","@graph":[{"@type":"Article","@id":"https:\/\/lapinedaplatja.info\/fr\/vila-seca-acull-lacte-de-presentacio-de-lacord-de-patrocini-de-la-costa-daurada-amb-lequip-de-futbol-femeni-del-manchester-city\/#article","isPartOf":{"@id":"https:\/\/lapinedaplatja.info\/fr\/vila-seca-acull-lacte-de-presentacio-de-lacord-de-patrocini-de-la-costa-daurada-amb-lequip-de-futbol-femeni-del-manchester-city\/"},"author":{"name":"nerea","@id":"https:\/\/lapinedaplatja.info\/fr\/#\/schema\/person\/29107b3d900b8d3c355b438d5f31edcf"},"headline":"Vila-seca accueille la c\u00e9r\u00e9monie de pr\u00e9sentation de l&rsquo;accord de parrainage de la Costa Dorada avec l&rsquo;\u00e9quipe de football f\u00e9minin Manchester City","datePublished":"2022-03-08T13:43:50+00:00","dateModified":"2022-03-08T13:55:19+00:00","mainEntityOfPage":{"@id":"https:\/\/lapinedaplatja.info\/fr\/vila-seca-acull-lacte-de-presentacio-de-lacord-de-patrocini-de-la-costa-daurada-amb-lequip-de-futbol-femeni-del-manchester-city\/"},"wordCount":564,"publisher":{"@id":"https:\/\/lapinedaplatja.info\/fr\/#organization"},"image":{"@id":"https:\/\/lapinedaplatja.info\/fr\/vila-seca-acull-lacte-de-presentacio-de-lacord-de-patrocini-de-la-costa-daurada-amb-lequip-de-futbol-femeni-del-manchester-city\/#primaryimage"},"thumbnailUrl":"https:\/\/lapinedaplatja.info\/wp-content\/uploads\/2022\/03\/IMG_4522-scaled.jpg","articleSection":["Non classifi\u00e9(e)"],"inLanguage":"fr-FR"},{"@type":"WebPage","@id":"https:\/\/lapinedaplatja.info\/fr\/vila-seca-acull-lacte-de-presentacio-de-lacord-de-patrocini-de-la-costa-daurada-amb-lequip-de-futbol-femeni-del-manchester-city\/","url":"https:\/\/lapinedaplatja.info\/fr\/vila-seca-acull-lacte-de-presentacio-de-lacord-de-patrocini-de-la-costa-daurada-amb-lequip-de-futbol-femeni-del-manchester-city\/","name":"Vila-seca accueille la c\u00e9r\u00e9monie de pr\u00e9sentation de l'accord de parrainage de la Costa Dorada avec l'\u00e9quipe de football f\u00e9minin Manchester City | Vila-seca - La Pineda Platja","isPartOf":{"@id":"https:\/\/lapinedaplatja.info\/fr\/#website"},"primaryImageOfPage":{"@id":"https:\/\/lapinedaplatja.info\/fr\/vila-seca-acull-lacte-de-presentacio-de-lacord-de-patrocini-de-la-costa-daurada-amb-lequip-de-futbol-femeni-del-manchester-city\/#primaryimage"},"image":{"@id":"https:\/\/lapinedaplatja.info\/fr\/vila-seca-acull-lacte-de-presentacio-de-lacord-de-patrocini-de-la-costa-daurada-amb-lequip-de-futbol-femeni-del-manchester-city\/#primaryimage"},"thumbnailUrl":"https:\/\/lapinedaplatja.info\/wp-content\/uploads\/2022\/03\/IMG_4522-scaled.jpg","datePublished":"2022-03-08T13:43:50+00:00","dateModified":"2022-03-08T13:55:19+00:00","description":"La Costa Dorada a conclu un accord de parrainage avec l'\u00e9quipe de football f\u00e9minine de Manchester City pour se promouvoir sur le march\u00e9 britannique","breadcrumb":{"@id":"https:\/\/lapinedaplatja.info\/fr\/vila-seca-acull-lacte-de-presentacio-de-lacord-de-patrocini-de-la-costa-daurada-amb-lequip-de-futbol-femeni-del-manchester-city\/#breadcrumb"},"inLanguage":"fr-FR","potentialAction":[{"@type":"ReadAction","target":["https:\/\/lapinedaplatja.info\/fr\/vila-seca-acull-lacte-de-presentacio-de-lacord-de-patrocini-de-la-costa-daurada-amb-lequip-de-futbol-femeni-del-manchester-city\/"]}]},{"@type":"ImageObject","inLanguage":"fr-FR","@id":"https:\/\/lapinedaplatja.info\/fr\/vila-seca-acull-lacte-de-presentacio-de-lacord-de-patrocini-de-la-costa-daurada-amb-lequip-de-futbol-femeni-del-manchester-city\/#primaryimage","url":"https:\/\/lapinedaplatja.info\/wp-content\/uploads\/2022\/03\/IMG_4522-scaled.jpg","contentUrl":"https:\/\/lapinedaplatja.info\/wp-content\/uploads\/2022\/03\/IMG_4522-scaled.jpg","width":2560,"height":1920,"caption":"RODA DE PREMSA MANCHESTER"},{"@type":"BreadcrumbList","@id":"https:\/\/lapinedaplatja.info\/fr\/vila-seca-acull-lacte-de-presentacio-de-lacord-de-patrocini-de-la-costa-daurada-amb-lequip-de-futbol-femeni-del-manchester-city\/#breadcrumb","itemListElement":[{"@type":"ListItem","position":1,"name":"Portada","item":"https:\/\/lapinedaplatja.info\/fr\/"},{"@type":"ListItem","position":2,"name":"Vila-seca accueille la c\u00e9r\u00e9monie de pr\u00e9sentation de l&rsquo;accord de parrainage de la Costa Dorada avec l&rsquo;\u00e9quipe de football f\u00e9minin Manchester City"}]},{"@type":"WebSite","@id":"https:\/\/lapinedaplatja.info\/fr\/#website","url":"https:\/\/lapinedaplatja.info\/fr\/","name":"La Pineda Platja | Vila-seca","description":"Oficina de Turismo de La Pineda.","publisher":{"@id":"https:\/\/lapinedaplatja.info\/fr\/#organization"},"potentialAction":[{"@type":"SearchAction","target":{"@type":"EntryPoint","urlTemplate":"https:\/\/lapinedaplatja.info\/fr\/?s={search_term_string}"},"query-input":{"@type":"PropertyValueSpecification","valueRequired":true,"valueName":"search_term_string"}}],"inLanguage":"fr-FR"},{"@type":"Organization","@id":"https:\/\/lapinedaplatja.info\/fr\/#organization","name":"Patronat Municipal de Turisme de Vila-seca","url":"https:\/\/lapinedaplatja.info\/fr\/","logo":{"@type":"ImageObject","inLanguage":"fr-FR","@id":"https:\/\/lapinedaplatja.info\/fr\/#\/schema\/logo\/image\/","url":"https:\/\/lapinedaplatja.info\/wp-content\/uploads\/2018\/10\/cropped-13260099_989491457837088_3488030785405353200_n.jpg","contentUrl":"https:\/\/lapinedaplatja.info\/wp-content\/uploads\/2018\/10\/cropped-13260099_989491457837088_3488030785405353200_n.jpg","width":600,"height":600,"caption":"Patronat Municipal de Turisme de Vila-seca"},"image":{"@id":"https:\/\/lapinedaplatja.info\/fr\/#\/schema\/logo\/image\/"},"sameAs":["https:\/\/www.facebook.com\/lapinedaplatja\/","https:\/\/x.com\/lapinedaplatja","https:\/\/www.instagram.com\/lapinedaplatja\/"]},{"@type":"Person","@id":"https:\/\/lapinedaplatja.info\/fr\/#\/schema\/person\/29107b3d900b8d3c355b438d5f31edcf","name":"nerea","image":{"@type":"ImageObject","inLanguage":"fr-FR","@id":"https:\/\/lapinedaplatja.info\/fr\/#\/schema\/person\/image\/","url":"https:\/\/secure.gravatar.com\/avatar\/d3b9655a037913ef9c32c9777e65c2c8c6eaaf0460db91392b4a3c47c5e66474?s=96&d=mm&r=g","contentUrl":"https:\/\/secure.gravatar.com\/avatar\/d3b9655a037913ef9c32c9777e65c2c8c6eaaf0460db91392b4a3c47c5e66474?s=96&d=mm&r=g","caption":"nerea"}}]}},"_links":{"self":[{"href":"https:\/\/lapinedaplatja.info\/fr\/wp-json\/wp\/v2\/posts\/18609","targetHints":{"allow":["GET"]}}],"collection":[{"href":"https:\/\/lapinedaplatja.info\/fr\/wp-json\/wp\/v2\/posts"}],"about":[{"href":"https:\/\/lapinedaplatja.info\/fr\/wp-json\/wp\/v2\/types\/post"}],"author":[{"embeddable":true,"href":"https:\/\/lapinedaplatja.info\/fr\/wp-json\/wp\/v2\/users\/4"}],"replies":[{"embeddable":true,"href":"https:\/\/lapinedaplatja.info\/fr\/wp-json\/wp\/v2\/comments?post=18609"}],"version-history":[{"count":0,"href":"https:\/\/lapinedaplatja.info\/fr\/wp-json\/wp\/v2\/posts\/18609\/revisions"}],"wp:featuredmedia":[{"embeddable":true,"href":"https:\/\/lapinedaplatja.info\/fr\/wp-json\/wp\/v2\/media\/18603"}],"wp:attachment":[{"href":"https:\/\/lapinedaplatja.info\/fr\/wp-json\/wp\/v2\/media?parent=18609"}],"wp:term":[{"taxonomy":"category","embeddable":true,"href":"https:\/\/lapinedaplatja.info\/fr\/wp-json\/wp\/v2\/categories?post=18609"},{"taxonomy":"post_tag","embeddable":true,"href":"https:\/\/lapinedaplatja.info\/fr\/wp-json\/wp\/v2\/tags?post=18609"}],"curies":[{"name":"wp","href":"https:\/\/api.w.org\/{rel}","templated":true}]}}