{"id":20545,"date":"2022-09-21T12:44:53","date_gmt":"2022-09-21T10:44:53","guid":{"rendered":"https:\/\/lapinedaplatja.info\/44-curts-seleccionats-a-la-setena-edicio-del-festival-internacional-de-curtmetratges-de-vila-seca\/"},"modified":"2022-09-21T12:58:16","modified_gmt":"2022-09-21T10:58:16","slug":"44-curts-seleccionats-a-la-setena-edicio-del-festival-internacional-de-curtmetratges-de-vila-seca","status":"publish","type":"post","link":"https:\/\/lapinedaplatja.info\/fr\/44-curts-seleccionats-a-la-setena-edicio-del-festival-internacional-de-curtmetratges-de-vila-seca\/","title":{"rendered":"44 courts m\u00e9trages s\u00e9lectionn\u00e9s pour la septi\u00e8me \u00e9dition du Festival international du court m\u00e9trage de Vila-seca"},"content":{"rendered":"<p>Le FICVI, Festival international du court m\u00e9trage de Vila-seca, a s\u00e9lectionn\u00e9 44 courts m\u00e9trages sur un total de 666 pr\u00e9sent\u00e9s, un nombre record qui continue de garantir la pertinence internationale de cet \u00e9v\u00e9nement, qui collabore \u00e0 la pr\u00e9s\u00e9lection des courts m\u00e9trages pour les Prix Goya.<\/p>\n<p>Trente-cinq courts m\u00e9trages de fiction et neuf courts m\u00e9trages d&rsquo;animation, avec des acteurs du monde du cin\u00e9ma, seront projet\u00e9s sur grand \u00e9cran au FICVI des courts m\u00e9trages d&rsquo;animation, avec des acteurs de la stature de Jos\u00e9 Sacrist\u00e1n dans les courts m\u00e9trages Espinas (\u00e9pines), de courts m\u00e9trages Espinas, d&rsquo;Iv\u00e1n S\u00e1inz-Pardo, et El Cr\u00e9dito, d&rsquo;Alex Escudero, Aitana Sanchez Gij\u00f3n \u00e9galement \u00e0 Espinas, Amaia Salamanca dans El Cr\u00e9dito, Lu\u00eds Tosar et Dani Guzm\u00e1n dans Cemento y Acero d&rsquo;Oriol Villar, Nacho Guerreros dans Cristiano d&rsquo;Ad\u00e1n Pichardo, Marta Bayarri dans Pisanka de Jorge Y\u00fadice, entre autres.<\/p>\n<p>Dans la section cin\u00e9ma, qui compte cette ann\u00e9e quatorze femmes, on notera la pr\u00e9sence de Rub\u00e9n Navarro, laur\u00e9ate du Prix international du meilleur court m\u00e9trage au FICVI 2021,<\/p>\n<p>Carmen C\u00f3rdoba, laur\u00e9ate du prix du meilleur court m\u00e9trage d&rsquo;animation, Jorge Yudice, laur\u00e9at du prix national au FICVI 2019, et d&rsquo;autres r\u00e9alisateurs qui font leurs d\u00e9buts, comme le r\u00e9alisateur de publicit\u00e9 Oriol Villar.<\/p>\n<p>Parmi les quarante-quatre films s\u00e9lectionn\u00e9s, il y en a un du Br\u00e9sil, des Pays-Bas, de l&rsquo;Albanie, Royaume-Uni et d&rsquo;Iran, quatre des \u00c9tats-Unis, cinq de Catalogne et trente d&rsquo;Espagne, traitant de th\u00e8mes tels que les r\u00f4les de genre, les maladies comme Alzheimer, la m\u00e9moire historique, le f\u00e9minisme, les questions LGTBI+ et d&rsquo;autres sujets quotidiens comme les r\u00e9seaux sociaux ou les drames familiaux.<\/p>\n<p>&nbsp;<\/p>\n<p>La septi\u00e8me \u00e9dition se tiendra du 14 au 23 octobre au Celler de Vila-seca et comptera \u00e0 nouveau neuf cat\u00e9gories :<\/p>\n<p>Prix international du meilleur court m\u00e9trage de fiction<\/p>\n<p>Prix d&rsquo;\u00c9tat pour le meilleur court m\u00e9trage de fiction<\/p>\n<p>Prix international du meilleur court m\u00e9trage d&rsquo;animation<\/p>\n<p>Prix D.O. Catalogne<\/p>\n<p>Prix du jeune jury pour le meilleur court m\u00e9trage<\/p>\n<p>Prix du public<\/p>\n<p>Premier prix In situ<\/p>\n<p>Deuxi\u00e8me prix In situ<\/p>\n<p>Prix d&rsquo;honneur pour l&rsquo;ensemble des r\u00e9alisations<\/p>\n","protected":false},"excerpt":{"rendered":"<p>Le FICVI, Festival international du court m\u00e9trage de Vila-seca, a s\u00e9lectionn\u00e9 44 courts m\u00e9trages sur un total de 666 pr\u00e9sent\u00e9s, un nombre record qui continue de garantir la pertinence internationale de cet \u00e9v\u00e9nement, qui collabore \u00e0 la pr\u00e9s\u00e9lection des courts m\u00e9trages pour les Prix Goya. Trente-cinq courts m\u00e9trages de fiction [&hellip;]<\/p>\n","protected":false},"author":4,"featured_media":20539,"comment_status":"closed","ping_status":"open","sticky":false,"template":"","format":"standard","meta":{"_acf_changed":false,"footnotes":""},"categories":[18],"tags":[],"class_list":["post-20545","post","type-post","status-publish","format-standard","has-post-thumbnail","hentry","category-non-classifiee"],"acf":[],"yoast_head":"<!-- This site is optimized with the Yoast SEO plugin v26.6 - https:\/\/yoast.com\/wordpress\/plugins\/seo\/ -->\n<title>44 courts m\u00e9trages s\u00e9lectionn\u00e9s pour la septi\u00e8me \u00e9dition du Festival international du court m\u00e9trage de Vila-seca | Vila-seca - La Pineda Platja<\/title>\n<meta name=\"description\" content=\"Le FICVI, Festival international du court m\u00e9trage de Vila-seca, a s\u00e9lectionn\u00e9 44 courts m\u00e9trages sur un total de 666 pr\u00e9sent\u00e9s, un nombre record qui\" \/>\n<meta name=\"robots\" content=\"index, follow, max-snippet:-1, max-image-preview:large, max-video-preview:-1\" \/>\n<link rel=\"canonical\" href=\"https:\/\/lapinedaplatja.info\/fr\/44-curts-seleccionats-a-la-setena-edicio-del-festival-internacional-de-curtmetratges-de-vila-seca\/\" \/>\n<meta property=\"og:locale\" content=\"fr_FR\" \/>\n<meta property=\"og:type\" content=\"article\" \/>\n<meta property=\"og:title\" content=\"44 courts m\u00e9trages s\u00e9lectionn\u00e9s pour la septi\u00e8me \u00e9dition du Festival international du court m\u00e9trage de Vila-seca | Vila-seca - La Pineda Platja\" \/>\n<meta property=\"og:description\" content=\"Le FICVI, Festival international du court m\u00e9trage de Vila-seca, a s\u00e9lectionn\u00e9 44 courts m\u00e9trages sur un total de 666 pr\u00e9sent\u00e9s, un nombre record qui\" \/>\n<meta property=\"og:url\" content=\"https:\/\/lapinedaplatja.info\/fr\/44-curts-seleccionats-a-la-setena-edicio-del-festival-internacional-de-curtmetratges-de-vila-seca\/\" \/>\n<meta property=\"og:site_name\" content=\"Vila-seca - La Pineda Platja\" \/>\n<meta property=\"article:publisher\" content=\"https:\/\/www.facebook.com\/lapinedaplatja\/\" \/>\n<meta property=\"article:published_time\" content=\"2022-09-21T10:44:53+00:00\" \/>\n<meta property=\"article:modified_time\" content=\"2022-09-21T10:58:16+00:00\" \/>\n<meta property=\"og:image\" content=\"https:\/\/lapinedaplatja.info\/wp-content\/uploads\/2022\/09\/Web.png\" \/>\n\t<meta property=\"og:image:width\" content=\"4000\" \/>\n\t<meta property=\"og:image:height\" content=\"2250\" \/>\n\t<meta property=\"og:image:type\" content=\"image\/png\" \/>\n<meta name=\"author\" content=\"nerea\" \/>\n<meta name=\"twitter:card\" content=\"summary_large_image\" \/>\n<meta name=\"twitter:creator\" content=\"@lapinedaplatja\" \/>\n<meta name=\"twitter:site\" content=\"@lapinedaplatja\" \/>\n<meta name=\"twitter:label1\" content=\"\u00c9crit par\" \/>\n\t<meta name=\"twitter:data1\" content=\"nerea\" \/>\n\t<meta name=\"twitter:label2\" content=\"Dur\u00e9e de lecture estim\u00e9e\" \/>\n\t<meta name=\"twitter:data2\" content=\"2 minutes\" \/>\n<script type=\"application\/ld+json\" class=\"yoast-schema-graph\">{\"@context\":\"https:\/\/schema.org\",\"@graph\":[{\"@type\":\"Article\",\"@id\":\"https:\/\/lapinedaplatja.info\/fr\/44-curts-seleccionats-a-la-setena-edicio-del-festival-internacional-de-curtmetratges-de-vila-seca\/#article\",\"isPartOf\":{\"@id\":\"https:\/\/lapinedaplatja.info\/fr\/44-curts-seleccionats-a-la-setena-edicio-del-festival-internacional-de-curtmetratges-de-vila-seca\/\"},\"author\":{\"name\":\"nerea\",\"@id\":\"https:\/\/lapinedaplatja.info\/fr\/#\/schema\/person\/29107b3d900b8d3c355b438d5f31edcf\"},\"headline\":\"44 courts m\u00e9trages s\u00e9lectionn\u00e9s pour la septi\u00e8me \u00e9dition du Festival international du court m\u00e9trage de Vila-seca\",\"datePublished\":\"2022-09-21T10:44:53+00:00\",\"dateModified\":\"2022-09-21T10:58:16+00:00\",\"mainEntityOfPage\":{\"@id\":\"https:\/\/lapinedaplatja.info\/fr\/44-curts-seleccionats-a-la-setena-edicio-del-festival-internacional-de-curtmetratges-de-vila-seca\/\"},\"wordCount\":415,\"publisher\":{\"@id\":\"https:\/\/lapinedaplatja.info\/fr\/#organization\"},\"image\":{\"@id\":\"https:\/\/lapinedaplatja.info\/fr\/44-curts-seleccionats-a-la-setena-edicio-del-festival-internacional-de-curtmetratges-de-vila-seca\/#primaryimage\"},\"thumbnailUrl\":\"https:\/\/lapinedaplatja.info\/wp-content\/uploads\/2022\/09\/Web.png\",\"articleSection\":[\"Non classifi\u00e9(e)\"],\"inLanguage\":\"fr-FR\"},{\"@type\":\"WebPage\",\"@id\":\"https:\/\/lapinedaplatja.info\/fr\/44-curts-seleccionats-a-la-setena-edicio-del-festival-internacional-de-curtmetratges-de-vila-seca\/\",\"url\":\"https:\/\/lapinedaplatja.info\/fr\/44-curts-seleccionats-a-la-setena-edicio-del-festival-internacional-de-curtmetratges-de-vila-seca\/\",\"name\":\"44 courts m\u00e9trages s\u00e9lectionn\u00e9s pour la septi\u00e8me \u00e9dition du Festival international du court m\u00e9trage de Vila-seca | Vila-seca - La Pineda Platja\",\"isPartOf\":{\"@id\":\"https:\/\/lapinedaplatja.info\/fr\/#website\"},\"primaryImageOfPage\":{\"@id\":\"https:\/\/lapinedaplatja.info\/fr\/44-curts-seleccionats-a-la-setena-edicio-del-festival-internacional-de-curtmetratges-de-vila-seca\/#primaryimage\"},\"image\":{\"@id\":\"https:\/\/lapinedaplatja.info\/fr\/44-curts-seleccionats-a-la-setena-edicio-del-festival-internacional-de-curtmetratges-de-vila-seca\/#primaryimage\"},\"thumbnailUrl\":\"https:\/\/lapinedaplatja.info\/wp-content\/uploads\/2022\/09\/Web.png\",\"datePublished\":\"2022-09-21T10:44:53+00:00\",\"dateModified\":\"2022-09-21T10:58:16+00:00\",\"description\":\"Le FICVI, Festival international du court m\u00e9trage de Vila-seca, a s\u00e9lectionn\u00e9 44 courts m\u00e9trages sur un total de 666 pr\u00e9sent\u00e9s, un nombre record qui\",\"breadcrumb\":{\"@id\":\"https:\/\/lapinedaplatja.info\/fr\/44-curts-seleccionats-a-la-setena-edicio-del-festival-internacional-de-curtmetratges-de-vila-seca\/#breadcrumb\"},\"inLanguage\":\"fr-FR\",\"potentialAction\":[{\"@type\":\"ReadAction\",\"target\":[\"https:\/\/lapinedaplatja.info\/fr\/44-curts-seleccionats-a-la-setena-edicio-del-festival-internacional-de-curtmetratges-de-vila-seca\/\"]}]},{\"@type\":\"ImageObject\",\"inLanguage\":\"fr-FR\",\"@id\":\"https:\/\/lapinedaplatja.info\/fr\/44-curts-seleccionats-a-la-setena-edicio-del-festival-internacional-de-curtmetratges-de-vila-seca\/#primaryimage\",\"url\":\"https:\/\/lapinedaplatja.info\/wp-content\/uploads\/2022\/09\/Web.png\",\"contentUrl\":\"https:\/\/lapinedaplatja.info\/wp-content\/uploads\/2022\/09\/Web.png\",\"width\":4000,\"height\":2250},{\"@type\":\"BreadcrumbList\",\"@id\":\"https:\/\/lapinedaplatja.info\/fr\/44-curts-seleccionats-a-la-setena-edicio-del-festival-internacional-de-curtmetratges-de-vila-seca\/#breadcrumb\",\"itemListElement\":[{\"@type\":\"ListItem\",\"position\":1,\"name\":\"Portada\",\"item\":\"https:\/\/lapinedaplatja.info\/fr\/\"},{\"@type\":\"ListItem\",\"position\":2,\"name\":\"44 courts m\u00e9trages s\u00e9lectionn\u00e9s pour la septi\u00e8me \u00e9dition du Festival international du court m\u00e9trage de Vila-seca\"}]},{\"@type\":\"WebSite\",\"@id\":\"https:\/\/lapinedaplatja.info\/fr\/#website\",\"url\":\"https:\/\/lapinedaplatja.info\/fr\/\",\"name\":\"La Pineda Platja | Vila-seca\",\"description\":\"Oficina de Turismo de La Pineda.\",\"publisher\":{\"@id\":\"https:\/\/lapinedaplatja.info\/fr\/#organization\"},\"potentialAction\":[{\"@type\":\"SearchAction\",\"target\":{\"@type\":\"EntryPoint\",\"urlTemplate\":\"https:\/\/lapinedaplatja.info\/fr\/?s={search_term_string}\"},\"query-input\":{\"@type\":\"PropertyValueSpecification\",\"valueRequired\":true,\"valueName\":\"search_term_string\"}}],\"inLanguage\":\"fr-FR\"},{\"@type\":\"Organization\",\"@id\":\"https:\/\/lapinedaplatja.info\/fr\/#organization\",\"name\":\"Patronat Municipal de Turisme de Vila-seca\",\"url\":\"https:\/\/lapinedaplatja.info\/fr\/\",\"logo\":{\"@type\":\"ImageObject\",\"inLanguage\":\"fr-FR\",\"@id\":\"https:\/\/lapinedaplatja.info\/fr\/#\/schema\/logo\/image\/\",\"url\":\"https:\/\/lapinedaplatja.info\/wp-content\/uploads\/2018\/10\/cropped-13260099_989491457837088_3488030785405353200_n.jpg\",\"contentUrl\":\"https:\/\/lapinedaplatja.info\/wp-content\/uploads\/2018\/10\/cropped-13260099_989491457837088_3488030785405353200_n.jpg\",\"width\":600,\"height\":600,\"caption\":\"Patronat Municipal de Turisme de Vila-seca\"},\"image\":{\"@id\":\"https:\/\/lapinedaplatja.info\/fr\/#\/schema\/logo\/image\/\"},\"sameAs\":[\"https:\/\/www.facebook.com\/lapinedaplatja\/\",\"https:\/\/x.com\/lapinedaplatja\",\"https:\/\/www.instagram.com\/lapinedaplatja\/\"]},{\"@type\":\"Person\",\"@id\":\"https:\/\/lapinedaplatja.info\/fr\/#\/schema\/person\/29107b3d900b8d3c355b438d5f31edcf\",\"name\":\"nerea\",\"image\":{\"@type\":\"ImageObject\",\"inLanguage\":\"fr-FR\",\"@id\":\"https:\/\/lapinedaplatja.info\/fr\/#\/schema\/person\/image\/\",\"url\":\"https:\/\/secure.gravatar.com\/avatar\/d3b9655a037913ef9c32c9777e65c2c8c6eaaf0460db91392b4a3c47c5e66474?s=96&d=mm&r=g\",\"contentUrl\":\"https:\/\/secure.gravatar.com\/avatar\/d3b9655a037913ef9c32c9777e65c2c8c6eaaf0460db91392b4a3c47c5e66474?s=96&d=mm&r=g\",\"caption\":\"nerea\"}}]}<\/script>\n<!-- \/ Yoast SEO plugin. -->","yoast_head_json":{"title":"44 courts m\u00e9trages s\u00e9lectionn\u00e9s pour la septi\u00e8me \u00e9dition du Festival international du court m\u00e9trage de Vila-seca | Vila-seca - La Pineda Platja","description":"Le FICVI, Festival international du court m\u00e9trage de Vila-seca, a s\u00e9lectionn\u00e9 44 courts m\u00e9trages sur un total de 666 pr\u00e9sent\u00e9s, un nombre record qui","robots":{"index":"index","follow":"follow","max-snippet":"max-snippet:-1","max-image-preview":"max-image-preview:large","max-video-preview":"max-video-preview:-1"},"canonical":"https:\/\/lapinedaplatja.info\/fr\/44-curts-seleccionats-a-la-setena-edicio-del-festival-internacional-de-curtmetratges-de-vila-seca\/","og_locale":"fr_FR","og_type":"article","og_title":"44 courts m\u00e9trages s\u00e9lectionn\u00e9s pour la septi\u00e8me \u00e9dition du Festival international du court m\u00e9trage de Vila-seca | Vila-seca - La Pineda Platja","og_description":"Le FICVI, Festival international du court m\u00e9trage de Vila-seca, a s\u00e9lectionn\u00e9 44 courts m\u00e9trages sur un total de 666 pr\u00e9sent\u00e9s, un nombre record qui","og_url":"https:\/\/lapinedaplatja.info\/fr\/44-curts-seleccionats-a-la-setena-edicio-del-festival-internacional-de-curtmetratges-de-vila-seca\/","og_site_name":"Vila-seca - La Pineda Platja","article_publisher":"https:\/\/www.facebook.com\/lapinedaplatja\/","article_published_time":"2022-09-21T10:44:53+00:00","article_modified_time":"2022-09-21T10:58:16+00:00","og_image":[{"width":4000,"height":2250,"url":"https:\/\/lapinedaplatja.info\/wp-content\/uploads\/2022\/09\/Web.png","type":"image\/png"}],"author":"nerea","twitter_card":"summary_large_image","twitter_creator":"@lapinedaplatja","twitter_site":"@lapinedaplatja","twitter_misc":{"\u00c9crit par":"nerea","Dur\u00e9e de lecture estim\u00e9e":"2 minutes"},"schema":{"@context":"https:\/\/schema.org","@graph":[{"@type":"Article","@id":"https:\/\/lapinedaplatja.info\/fr\/44-curts-seleccionats-a-la-setena-edicio-del-festival-internacional-de-curtmetratges-de-vila-seca\/#article","isPartOf":{"@id":"https:\/\/lapinedaplatja.info\/fr\/44-curts-seleccionats-a-la-setena-edicio-del-festival-internacional-de-curtmetratges-de-vila-seca\/"},"author":{"name":"nerea","@id":"https:\/\/lapinedaplatja.info\/fr\/#\/schema\/person\/29107b3d900b8d3c355b438d5f31edcf"},"headline":"44 courts m\u00e9trages s\u00e9lectionn\u00e9s pour la septi\u00e8me \u00e9dition du Festival international du court m\u00e9trage de Vila-seca","datePublished":"2022-09-21T10:44:53+00:00","dateModified":"2022-09-21T10:58:16+00:00","mainEntityOfPage":{"@id":"https:\/\/lapinedaplatja.info\/fr\/44-curts-seleccionats-a-la-setena-edicio-del-festival-internacional-de-curtmetratges-de-vila-seca\/"},"wordCount":415,"publisher":{"@id":"https:\/\/lapinedaplatja.info\/fr\/#organization"},"image":{"@id":"https:\/\/lapinedaplatja.info\/fr\/44-curts-seleccionats-a-la-setena-edicio-del-festival-internacional-de-curtmetratges-de-vila-seca\/#primaryimage"},"thumbnailUrl":"https:\/\/lapinedaplatja.info\/wp-content\/uploads\/2022\/09\/Web.png","articleSection":["Non classifi\u00e9(e)"],"inLanguage":"fr-FR"},{"@type":"WebPage","@id":"https:\/\/lapinedaplatja.info\/fr\/44-curts-seleccionats-a-la-setena-edicio-del-festival-internacional-de-curtmetratges-de-vila-seca\/","url":"https:\/\/lapinedaplatja.info\/fr\/44-curts-seleccionats-a-la-setena-edicio-del-festival-internacional-de-curtmetratges-de-vila-seca\/","name":"44 courts m\u00e9trages s\u00e9lectionn\u00e9s pour la septi\u00e8me \u00e9dition du Festival international du court m\u00e9trage de Vila-seca | Vila-seca - La Pineda Platja","isPartOf":{"@id":"https:\/\/lapinedaplatja.info\/fr\/#website"},"primaryImageOfPage":{"@id":"https:\/\/lapinedaplatja.info\/fr\/44-curts-seleccionats-a-la-setena-edicio-del-festival-internacional-de-curtmetratges-de-vila-seca\/#primaryimage"},"image":{"@id":"https:\/\/lapinedaplatja.info\/fr\/44-curts-seleccionats-a-la-setena-edicio-del-festival-internacional-de-curtmetratges-de-vila-seca\/#primaryimage"},"thumbnailUrl":"https:\/\/lapinedaplatja.info\/wp-content\/uploads\/2022\/09\/Web.png","datePublished":"2022-09-21T10:44:53+00:00","dateModified":"2022-09-21T10:58:16+00:00","description":"Le FICVI, Festival international du court m\u00e9trage de Vila-seca, a s\u00e9lectionn\u00e9 44 courts m\u00e9trages sur un total de 666 pr\u00e9sent\u00e9s, un nombre record qui","breadcrumb":{"@id":"https:\/\/lapinedaplatja.info\/fr\/44-curts-seleccionats-a-la-setena-edicio-del-festival-internacional-de-curtmetratges-de-vila-seca\/#breadcrumb"},"inLanguage":"fr-FR","potentialAction":[{"@type":"ReadAction","target":["https:\/\/lapinedaplatja.info\/fr\/44-curts-seleccionats-a-la-setena-edicio-del-festival-internacional-de-curtmetratges-de-vila-seca\/"]}]},{"@type":"ImageObject","inLanguage":"fr-FR","@id":"https:\/\/lapinedaplatja.info\/fr\/44-curts-seleccionats-a-la-setena-edicio-del-festival-internacional-de-curtmetratges-de-vila-seca\/#primaryimage","url":"https:\/\/lapinedaplatja.info\/wp-content\/uploads\/2022\/09\/Web.png","contentUrl":"https:\/\/lapinedaplatja.info\/wp-content\/uploads\/2022\/09\/Web.png","width":4000,"height":2250},{"@type":"BreadcrumbList","@id":"https:\/\/lapinedaplatja.info\/fr\/44-curts-seleccionats-a-la-setena-edicio-del-festival-internacional-de-curtmetratges-de-vila-seca\/#breadcrumb","itemListElement":[{"@type":"ListItem","position":1,"name":"Portada","item":"https:\/\/lapinedaplatja.info\/fr\/"},{"@type":"ListItem","position":2,"name":"44 courts m\u00e9trages s\u00e9lectionn\u00e9s pour la septi\u00e8me \u00e9dition du Festival international du court m\u00e9trage de Vila-seca"}]},{"@type":"WebSite","@id":"https:\/\/lapinedaplatja.info\/fr\/#website","url":"https:\/\/lapinedaplatja.info\/fr\/","name":"La Pineda Platja | Vila-seca","description":"Oficina de Turismo de La Pineda.","publisher":{"@id":"https:\/\/lapinedaplatja.info\/fr\/#organization"},"potentialAction":[{"@type":"SearchAction","target":{"@type":"EntryPoint","urlTemplate":"https:\/\/lapinedaplatja.info\/fr\/?s={search_term_string}"},"query-input":{"@type":"PropertyValueSpecification","valueRequired":true,"valueName":"search_term_string"}}],"inLanguage":"fr-FR"},{"@type":"Organization","@id":"https:\/\/lapinedaplatja.info\/fr\/#organization","name":"Patronat Municipal de Turisme de Vila-seca","url":"https:\/\/lapinedaplatja.info\/fr\/","logo":{"@type":"ImageObject","inLanguage":"fr-FR","@id":"https:\/\/lapinedaplatja.info\/fr\/#\/schema\/logo\/image\/","url":"https:\/\/lapinedaplatja.info\/wp-content\/uploads\/2018\/10\/cropped-13260099_989491457837088_3488030785405353200_n.jpg","contentUrl":"https:\/\/lapinedaplatja.info\/wp-content\/uploads\/2018\/10\/cropped-13260099_989491457837088_3488030785405353200_n.jpg","width":600,"height":600,"caption":"Patronat Municipal de Turisme de Vila-seca"},"image":{"@id":"https:\/\/lapinedaplatja.info\/fr\/#\/schema\/logo\/image\/"},"sameAs":["https:\/\/www.facebook.com\/lapinedaplatja\/","https:\/\/x.com\/lapinedaplatja","https:\/\/www.instagram.com\/lapinedaplatja\/"]},{"@type":"Person","@id":"https:\/\/lapinedaplatja.info\/fr\/#\/schema\/person\/29107b3d900b8d3c355b438d5f31edcf","name":"nerea","image":{"@type":"ImageObject","inLanguage":"fr-FR","@id":"https:\/\/lapinedaplatja.info\/fr\/#\/schema\/person\/image\/","url":"https:\/\/secure.gravatar.com\/avatar\/d3b9655a037913ef9c32c9777e65c2c8c6eaaf0460db91392b4a3c47c5e66474?s=96&d=mm&r=g","contentUrl":"https:\/\/secure.gravatar.com\/avatar\/d3b9655a037913ef9c32c9777e65c2c8c6eaaf0460db91392b4a3c47c5e66474?s=96&d=mm&r=g","caption":"nerea"}}]}},"_links":{"self":[{"href":"https:\/\/lapinedaplatja.info\/fr\/wp-json\/wp\/v2\/posts\/20545","targetHints":{"allow":["GET"]}}],"collection":[{"href":"https:\/\/lapinedaplatja.info\/fr\/wp-json\/wp\/v2\/posts"}],"about":[{"href":"https:\/\/lapinedaplatja.info\/fr\/wp-json\/wp\/v2\/types\/post"}],"author":[{"embeddable":true,"href":"https:\/\/lapinedaplatja.info\/fr\/wp-json\/wp\/v2\/users\/4"}],"replies":[{"embeddable":true,"href":"https:\/\/lapinedaplatja.info\/fr\/wp-json\/wp\/v2\/comments?post=20545"}],"version-history":[{"count":0,"href":"https:\/\/lapinedaplatja.info\/fr\/wp-json\/wp\/v2\/posts\/20545\/revisions"}],"wp:featuredmedia":[{"embeddable":true,"href":"https:\/\/lapinedaplatja.info\/fr\/wp-json\/wp\/v2\/media\/20539"}],"wp:attachment":[{"href":"https:\/\/lapinedaplatja.info\/fr\/wp-json\/wp\/v2\/media?parent=20545"}],"wp:term":[{"taxonomy":"category","embeddable":true,"href":"https:\/\/lapinedaplatja.info\/fr\/wp-json\/wp\/v2\/categories?post=20545"},{"taxonomy":"post_tag","embeddable":true,"href":"https:\/\/lapinedaplatja.info\/fr\/wp-json\/wp\/v2\/tags?post=20545"}],"curies":[{"name":"wp","href":"https:\/\/api.w.org\/{rel}","templated":true}]}}