{"id":21444,"date":"2023-01-19T10:20:49","date_gmt":"2023-01-19T09:20:49","guid":{"rendered":"https:\/\/lapinedaplatja.info\/vila-seca-present-a-fitur-2023\/"},"modified":"2023-01-19T10:41:35","modified_gmt":"2023-01-19T09:41:35","slug":"vila-seca-present-a-fitur-2023","status":"publish","type":"post","link":"https:\/\/lapinedaplatja.info\/fr\/vila-seca-present-a-fitur-2023\/","title":{"rendered":"Vila-seca, pr\u00e9sente \u00e0 FITUR 2023"},"content":{"rendered":"<p>Les municipalit\u00e9s de Cambrils, Reus, Salou et Vila-seca participent une nouvelle fois conjointement \u00e0 la foire qui se tient \u00e0 Madrid du 18 au 22 janvier.<\/p>\n<p>FITUR 2023, avec plus de 66 000 m\u00b2 d&rsquo;espace d&rsquo;exposition, donne le coup d&rsquo;envoi du calendrier des salons professionnels du secteur, et les villes de Salou, Cambrils, Vila-seca et Reus ont une pr\u00e9sence importante sur le stand catalan.<\/p>\n<p>Outre l&rsquo;espace Costa Dorada et PortAventura World, les offices du tourisme et les organisations charg\u00e9es de promouvoir le tourisme dans les municipalit\u00e9s de l&rsquo;Alian\u00e7a disposent d&rsquo;un espace pour les r\u00e9unions professionnelles \u00e0 FITUR, qu&rsquo;ils mettent \u00e0 la disposition des entreprises et des hommes d&rsquo;affaires de la r\u00e9gion qui se rendent \u00e0 Madrid. En outre, ces municipalit\u00e9s b\u00e9n\u00e9ficient d&rsquo;une visibilit\u00e9 importante avec des images des communes, ainsi que des codes QR qui redirigent vers les informations touristiques les plus importantes.<\/p>\n<p>Le bilan des dirigeants politiques de Salou, Pere Granados, Cambrils, Oliver Klein, Reus, Montserrat Caelles et Vila-seca, Cristina Cid, a \u00e9t\u00e9 tr\u00e8s positif pour une \u00e9dition qui a \u00e9t\u00e9 marqu\u00e9e par l&rsquo;afflux remarquable d&rsquo;entrepreneurs confirmant la consolidation et la reprise du secteur pour la saison 2023.<\/p>\n<p>L&rsquo;afflux important d&rsquo;entreprises de la r\u00e9gion et le grand nombre de contacts \u00e9tablis confortent la volont\u00e9 du Conseil d&rsquo;administration d&rsquo;offrir un espace de travail sp\u00e9cial pour favoriser les rencontres et les contacts, rencontrer de nouveaux fournisseurs et clients, renforcer les relations commerciales et multiplier les opportunit\u00e9s d&rsquo;affaires.<\/p>\n<p>FITUR est la premi\u00e8re grande \u00e9tape du calendrier promotionnel des quatre municipalit\u00e9s de la Costa Dorada, qui sera suivie d&rsquo;autres projets \u00e0 partir de f\u00e9vrier prochain, auxquels s&rsquo;ajoutera PortAventura World.<\/p>\n<p>131 pays pr\u00e9sents et plus de 8 500 exposants sont des chiffres clairs de la taille de FITUR 2023.<\/p>\n<p>Les activit\u00e9s de promotion des destinations sur les diff\u00e9rents march\u00e9s sources sont essentielles pour maintenir et augmenter le nombre de visiteurs dans la r\u00e9gion. Le calendrier d&rsquo;actions 2023 de l&rsquo;Alian\u00e7a repr\u00e9sente un budget global de plus de 60 000 euros.<\/p>\n","protected":false},"excerpt":{"rendered":"<p>Les municipalit\u00e9s de Cambrils, Reus, Salou et Vila-seca participent une nouvelle fois conjointement \u00e0 la foire qui se tient \u00e0 Madrid du 18 au 22 janvier. FITUR 2023, avec plus de 66 000 m\u00b2 d&rsquo;espace d&rsquo;exposition, donne le coup d&rsquo;envoi du calendrier des salons professionnels du secteur, et les villes [&hellip;]<\/p>\n","protected":false},"author":4,"featured_media":21436,"comment_status":"closed","ping_status":"open","sticky":false,"template":"","format":"standard","meta":{"_acf_changed":false,"footnotes":""},"categories":[18],"tags":[],"class_list":["post-21444","post","type-post","status-publish","format-standard","has-post-thumbnail","hentry","category-non-classifiee"],"acf":[],"yoast_head":"<!-- This site is optimized with the Yoast SEO plugin v26.6 - https:\/\/yoast.com\/wordpress\/plugins\/seo\/ -->\n<title>Vila-seca, pr\u00e9sente \u00e0 FITUR 2023 | Vila-seca - La Pineda Platja<\/title>\n<meta name=\"description\" content=\"Les municipalit\u00e9s de Cambrils, Reus, Salou et Vila-seca participent une nouvelle fois conjointement \u00e0 la foire qui se tient \u00e0 Madrid du 18 au 22 janvier.\" \/>\n<meta name=\"robots\" content=\"index, follow, max-snippet:-1, max-image-preview:large, max-video-preview:-1\" \/>\n<link rel=\"canonical\" href=\"https:\/\/lapinedaplatja.info\/fr\/vila-seca-present-a-fitur-2023\/\" \/>\n<meta property=\"og:locale\" content=\"fr_FR\" \/>\n<meta property=\"og:type\" content=\"article\" \/>\n<meta property=\"og:title\" content=\"Vila-seca, pr\u00e9sente \u00e0 FITUR 2023 | Vila-seca - La Pineda Platja\" \/>\n<meta property=\"og:description\" content=\"Les municipalit\u00e9s de Cambrils, Reus, Salou et Vila-seca participent une nouvelle fois conjointement \u00e0 la foire qui se tient \u00e0 Madrid du 18 au 22 janvier.\" \/>\n<meta property=\"og:url\" content=\"https:\/\/lapinedaplatja.info\/fr\/vila-seca-present-a-fitur-2023\/\" \/>\n<meta property=\"og:site_name\" content=\"Vila-seca - La Pineda Platja\" \/>\n<meta property=\"article:publisher\" content=\"https:\/\/www.facebook.com\/lapinedaplatja\/\" \/>\n<meta property=\"article:published_time\" content=\"2023-01-19T09:20:49+00:00\" \/>\n<meta property=\"article:modified_time\" content=\"2023-01-19T09:41:35+00:00\" \/>\n<meta property=\"og:image\" content=\"https:\/\/lapinedaplatja.info\/wp-content\/uploads\/2023\/01\/FITUR-2023-8.jpg\" \/>\n\t<meta property=\"og:image:width\" content=\"2048\" \/>\n\t<meta property=\"og:image:height\" content=\"1536\" \/>\n\t<meta property=\"og:image:type\" content=\"image\/jpeg\" \/>\n<meta name=\"author\" content=\"nerea\" \/>\n<meta name=\"twitter:card\" content=\"summary_large_image\" \/>\n<meta name=\"twitter:creator\" content=\"@lapinedaplatja\" \/>\n<meta name=\"twitter:site\" content=\"@lapinedaplatja\" \/>\n<meta name=\"twitter:label1\" content=\"\u00c9crit par\" \/>\n\t<meta name=\"twitter:data1\" content=\"nerea\" \/>\n\t<meta name=\"twitter:label2\" content=\"Dur\u00e9e de lecture estim\u00e9e\" \/>\n\t<meta name=\"twitter:data2\" content=\"2 minutes\" \/>\n<script type=\"application\/ld+json\" class=\"yoast-schema-graph\">{\"@context\":\"https:\/\/schema.org\",\"@graph\":[{\"@type\":\"Article\",\"@id\":\"https:\/\/lapinedaplatja.info\/fr\/vila-seca-present-a-fitur-2023\/#article\",\"isPartOf\":{\"@id\":\"https:\/\/lapinedaplatja.info\/fr\/vila-seca-present-a-fitur-2023\/\"},\"author\":{\"name\":\"nerea\",\"@id\":\"https:\/\/lapinedaplatja.info\/fr\/#\/schema\/person\/29107b3d900b8d3c355b438d5f31edcf\"},\"headline\":\"Vila-seca, pr\u00e9sente \u00e0 FITUR 2023\",\"datePublished\":\"2023-01-19T09:20:49+00:00\",\"dateModified\":\"2023-01-19T09:41:35+00:00\",\"mainEntityOfPage\":{\"@id\":\"https:\/\/lapinedaplatja.info\/fr\/vila-seca-present-a-fitur-2023\/\"},\"wordCount\":355,\"publisher\":{\"@id\":\"https:\/\/lapinedaplatja.info\/fr\/#organization\"},\"image\":{\"@id\":\"https:\/\/lapinedaplatja.info\/fr\/vila-seca-present-a-fitur-2023\/#primaryimage\"},\"thumbnailUrl\":\"https:\/\/lapinedaplatja.info\/wp-content\/uploads\/2023\/01\/FITUR-2023-8.jpg\",\"articleSection\":[\"Non classifi\u00e9(e)\"],\"inLanguage\":\"fr-FR\"},{\"@type\":\"WebPage\",\"@id\":\"https:\/\/lapinedaplatja.info\/fr\/vila-seca-present-a-fitur-2023\/\",\"url\":\"https:\/\/lapinedaplatja.info\/fr\/vila-seca-present-a-fitur-2023\/\",\"name\":\"Vila-seca, pr\u00e9sente \u00e0 FITUR 2023 | Vila-seca - La Pineda Platja\",\"isPartOf\":{\"@id\":\"https:\/\/lapinedaplatja.info\/fr\/#website\"},\"primaryImageOfPage\":{\"@id\":\"https:\/\/lapinedaplatja.info\/fr\/vila-seca-present-a-fitur-2023\/#primaryimage\"},\"image\":{\"@id\":\"https:\/\/lapinedaplatja.info\/fr\/vila-seca-present-a-fitur-2023\/#primaryimage\"},\"thumbnailUrl\":\"https:\/\/lapinedaplatja.info\/wp-content\/uploads\/2023\/01\/FITUR-2023-8.jpg\",\"datePublished\":\"2023-01-19T09:20:49+00:00\",\"dateModified\":\"2023-01-19T09:41:35+00:00\",\"description\":\"Les municipalit\u00e9s de Cambrils, Reus, Salou et Vila-seca participent une nouvelle fois conjointement \u00e0 la foire qui se tient \u00e0 Madrid du 18 au 22 janvier.\",\"breadcrumb\":{\"@id\":\"https:\/\/lapinedaplatja.info\/fr\/vila-seca-present-a-fitur-2023\/#breadcrumb\"},\"inLanguage\":\"fr-FR\",\"potentialAction\":[{\"@type\":\"ReadAction\",\"target\":[\"https:\/\/lapinedaplatja.info\/fr\/vila-seca-present-a-fitur-2023\/\"]}]},{\"@type\":\"ImageObject\",\"inLanguage\":\"fr-FR\",\"@id\":\"https:\/\/lapinedaplatja.info\/fr\/vila-seca-present-a-fitur-2023\/#primaryimage\",\"url\":\"https:\/\/lapinedaplatja.info\/wp-content\/uploads\/2023\/01\/FITUR-2023-8.jpg\",\"contentUrl\":\"https:\/\/lapinedaplatja.info\/wp-content\/uploads\/2023\/01\/FITUR-2023-8.jpg\",\"width\":2048,\"height\":1536},{\"@type\":\"BreadcrumbList\",\"@id\":\"https:\/\/lapinedaplatja.info\/fr\/vila-seca-present-a-fitur-2023\/#breadcrumb\",\"itemListElement\":[{\"@type\":\"ListItem\",\"position\":1,\"name\":\"Portada\",\"item\":\"https:\/\/lapinedaplatja.info\/fr\/\"},{\"@type\":\"ListItem\",\"position\":2,\"name\":\"Vila-seca, pr\u00e9sente \u00e0 FITUR 2023\"}]},{\"@type\":\"WebSite\",\"@id\":\"https:\/\/lapinedaplatja.info\/fr\/#website\",\"url\":\"https:\/\/lapinedaplatja.info\/fr\/\",\"name\":\"La Pineda Platja | Vila-seca\",\"description\":\"Oficina de Turismo de La Pineda.\",\"publisher\":{\"@id\":\"https:\/\/lapinedaplatja.info\/fr\/#organization\"},\"potentialAction\":[{\"@type\":\"SearchAction\",\"target\":{\"@type\":\"EntryPoint\",\"urlTemplate\":\"https:\/\/lapinedaplatja.info\/fr\/?s={search_term_string}\"},\"query-input\":{\"@type\":\"PropertyValueSpecification\",\"valueRequired\":true,\"valueName\":\"search_term_string\"}}],\"inLanguage\":\"fr-FR\"},{\"@type\":\"Organization\",\"@id\":\"https:\/\/lapinedaplatja.info\/fr\/#organization\",\"name\":\"Patronat Municipal de Turisme de Vila-seca\",\"url\":\"https:\/\/lapinedaplatja.info\/fr\/\",\"logo\":{\"@type\":\"ImageObject\",\"inLanguage\":\"fr-FR\",\"@id\":\"https:\/\/lapinedaplatja.info\/fr\/#\/schema\/logo\/image\/\",\"url\":\"https:\/\/lapinedaplatja.info\/wp-content\/uploads\/2018\/10\/cropped-13260099_989491457837088_3488030785405353200_n.jpg\",\"contentUrl\":\"https:\/\/lapinedaplatja.info\/wp-content\/uploads\/2018\/10\/cropped-13260099_989491457837088_3488030785405353200_n.jpg\",\"width\":600,\"height\":600,\"caption\":\"Patronat Municipal de Turisme de Vila-seca\"},\"image\":{\"@id\":\"https:\/\/lapinedaplatja.info\/fr\/#\/schema\/logo\/image\/\"},\"sameAs\":[\"https:\/\/www.facebook.com\/lapinedaplatja\/\",\"https:\/\/x.com\/lapinedaplatja\",\"https:\/\/www.instagram.com\/lapinedaplatja\/\"]},{\"@type\":\"Person\",\"@id\":\"https:\/\/lapinedaplatja.info\/fr\/#\/schema\/person\/29107b3d900b8d3c355b438d5f31edcf\",\"name\":\"nerea\",\"image\":{\"@type\":\"ImageObject\",\"inLanguage\":\"fr-FR\",\"@id\":\"https:\/\/lapinedaplatja.info\/fr\/#\/schema\/person\/image\/\",\"url\":\"https:\/\/secure.gravatar.com\/avatar\/d3b9655a037913ef9c32c9777e65c2c8c6eaaf0460db91392b4a3c47c5e66474?s=96&d=mm&r=g\",\"contentUrl\":\"https:\/\/secure.gravatar.com\/avatar\/d3b9655a037913ef9c32c9777e65c2c8c6eaaf0460db91392b4a3c47c5e66474?s=96&d=mm&r=g\",\"caption\":\"nerea\"}}]}<\/script>\n<!-- \/ Yoast SEO plugin. -->","yoast_head_json":{"title":"Vila-seca, pr\u00e9sente \u00e0 FITUR 2023 | Vila-seca - La Pineda Platja","description":"Les municipalit\u00e9s de Cambrils, Reus, Salou et Vila-seca participent une nouvelle fois conjointement \u00e0 la foire qui se tient \u00e0 Madrid du 18 au 22 janvier.","robots":{"index":"index","follow":"follow","max-snippet":"max-snippet:-1","max-image-preview":"max-image-preview:large","max-video-preview":"max-video-preview:-1"},"canonical":"https:\/\/lapinedaplatja.info\/fr\/vila-seca-present-a-fitur-2023\/","og_locale":"fr_FR","og_type":"article","og_title":"Vila-seca, pr\u00e9sente \u00e0 FITUR 2023 | Vila-seca - La Pineda Platja","og_description":"Les municipalit\u00e9s de Cambrils, Reus, Salou et Vila-seca participent une nouvelle fois conjointement \u00e0 la foire qui se tient \u00e0 Madrid du 18 au 22 janvier.","og_url":"https:\/\/lapinedaplatja.info\/fr\/vila-seca-present-a-fitur-2023\/","og_site_name":"Vila-seca - La Pineda Platja","article_publisher":"https:\/\/www.facebook.com\/lapinedaplatja\/","article_published_time":"2023-01-19T09:20:49+00:00","article_modified_time":"2023-01-19T09:41:35+00:00","og_image":[{"width":2048,"height":1536,"url":"https:\/\/lapinedaplatja.info\/wp-content\/uploads\/2023\/01\/FITUR-2023-8.jpg","type":"image\/jpeg"}],"author":"nerea","twitter_card":"summary_large_image","twitter_creator":"@lapinedaplatja","twitter_site":"@lapinedaplatja","twitter_misc":{"\u00c9crit par":"nerea","Dur\u00e9e de lecture estim\u00e9e":"2 minutes"},"schema":{"@context":"https:\/\/schema.org","@graph":[{"@type":"Article","@id":"https:\/\/lapinedaplatja.info\/fr\/vila-seca-present-a-fitur-2023\/#article","isPartOf":{"@id":"https:\/\/lapinedaplatja.info\/fr\/vila-seca-present-a-fitur-2023\/"},"author":{"name":"nerea","@id":"https:\/\/lapinedaplatja.info\/fr\/#\/schema\/person\/29107b3d900b8d3c355b438d5f31edcf"},"headline":"Vila-seca, pr\u00e9sente \u00e0 FITUR 2023","datePublished":"2023-01-19T09:20:49+00:00","dateModified":"2023-01-19T09:41:35+00:00","mainEntityOfPage":{"@id":"https:\/\/lapinedaplatja.info\/fr\/vila-seca-present-a-fitur-2023\/"},"wordCount":355,"publisher":{"@id":"https:\/\/lapinedaplatja.info\/fr\/#organization"},"image":{"@id":"https:\/\/lapinedaplatja.info\/fr\/vila-seca-present-a-fitur-2023\/#primaryimage"},"thumbnailUrl":"https:\/\/lapinedaplatja.info\/wp-content\/uploads\/2023\/01\/FITUR-2023-8.jpg","articleSection":["Non classifi\u00e9(e)"],"inLanguage":"fr-FR"},{"@type":"WebPage","@id":"https:\/\/lapinedaplatja.info\/fr\/vila-seca-present-a-fitur-2023\/","url":"https:\/\/lapinedaplatja.info\/fr\/vila-seca-present-a-fitur-2023\/","name":"Vila-seca, pr\u00e9sente \u00e0 FITUR 2023 | Vila-seca - La Pineda Platja","isPartOf":{"@id":"https:\/\/lapinedaplatja.info\/fr\/#website"},"primaryImageOfPage":{"@id":"https:\/\/lapinedaplatja.info\/fr\/vila-seca-present-a-fitur-2023\/#primaryimage"},"image":{"@id":"https:\/\/lapinedaplatja.info\/fr\/vila-seca-present-a-fitur-2023\/#primaryimage"},"thumbnailUrl":"https:\/\/lapinedaplatja.info\/wp-content\/uploads\/2023\/01\/FITUR-2023-8.jpg","datePublished":"2023-01-19T09:20:49+00:00","dateModified":"2023-01-19T09:41:35+00:00","description":"Les municipalit\u00e9s de Cambrils, Reus, Salou et Vila-seca participent une nouvelle fois conjointement \u00e0 la foire qui se tient \u00e0 Madrid du 18 au 22 janvier.","breadcrumb":{"@id":"https:\/\/lapinedaplatja.info\/fr\/vila-seca-present-a-fitur-2023\/#breadcrumb"},"inLanguage":"fr-FR","potentialAction":[{"@type":"ReadAction","target":["https:\/\/lapinedaplatja.info\/fr\/vila-seca-present-a-fitur-2023\/"]}]},{"@type":"ImageObject","inLanguage":"fr-FR","@id":"https:\/\/lapinedaplatja.info\/fr\/vila-seca-present-a-fitur-2023\/#primaryimage","url":"https:\/\/lapinedaplatja.info\/wp-content\/uploads\/2023\/01\/FITUR-2023-8.jpg","contentUrl":"https:\/\/lapinedaplatja.info\/wp-content\/uploads\/2023\/01\/FITUR-2023-8.jpg","width":2048,"height":1536},{"@type":"BreadcrumbList","@id":"https:\/\/lapinedaplatja.info\/fr\/vila-seca-present-a-fitur-2023\/#breadcrumb","itemListElement":[{"@type":"ListItem","position":1,"name":"Portada","item":"https:\/\/lapinedaplatja.info\/fr\/"},{"@type":"ListItem","position":2,"name":"Vila-seca, pr\u00e9sente \u00e0 FITUR 2023"}]},{"@type":"WebSite","@id":"https:\/\/lapinedaplatja.info\/fr\/#website","url":"https:\/\/lapinedaplatja.info\/fr\/","name":"La Pineda Platja | Vila-seca","description":"Oficina de Turismo de La Pineda.","publisher":{"@id":"https:\/\/lapinedaplatja.info\/fr\/#organization"},"potentialAction":[{"@type":"SearchAction","target":{"@type":"EntryPoint","urlTemplate":"https:\/\/lapinedaplatja.info\/fr\/?s={search_term_string}"},"query-input":{"@type":"PropertyValueSpecification","valueRequired":true,"valueName":"search_term_string"}}],"inLanguage":"fr-FR"},{"@type":"Organization","@id":"https:\/\/lapinedaplatja.info\/fr\/#organization","name":"Patronat Municipal de Turisme de Vila-seca","url":"https:\/\/lapinedaplatja.info\/fr\/","logo":{"@type":"ImageObject","inLanguage":"fr-FR","@id":"https:\/\/lapinedaplatja.info\/fr\/#\/schema\/logo\/image\/","url":"https:\/\/lapinedaplatja.info\/wp-content\/uploads\/2018\/10\/cropped-13260099_989491457837088_3488030785405353200_n.jpg","contentUrl":"https:\/\/lapinedaplatja.info\/wp-content\/uploads\/2018\/10\/cropped-13260099_989491457837088_3488030785405353200_n.jpg","width":600,"height":600,"caption":"Patronat Municipal de Turisme de Vila-seca"},"image":{"@id":"https:\/\/lapinedaplatja.info\/fr\/#\/schema\/logo\/image\/"},"sameAs":["https:\/\/www.facebook.com\/lapinedaplatja\/","https:\/\/x.com\/lapinedaplatja","https:\/\/www.instagram.com\/lapinedaplatja\/"]},{"@type":"Person","@id":"https:\/\/lapinedaplatja.info\/fr\/#\/schema\/person\/29107b3d900b8d3c355b438d5f31edcf","name":"nerea","image":{"@type":"ImageObject","inLanguage":"fr-FR","@id":"https:\/\/lapinedaplatja.info\/fr\/#\/schema\/person\/image\/","url":"https:\/\/secure.gravatar.com\/avatar\/d3b9655a037913ef9c32c9777e65c2c8c6eaaf0460db91392b4a3c47c5e66474?s=96&d=mm&r=g","contentUrl":"https:\/\/secure.gravatar.com\/avatar\/d3b9655a037913ef9c32c9777e65c2c8c6eaaf0460db91392b4a3c47c5e66474?s=96&d=mm&r=g","caption":"nerea"}}]}},"_links":{"self":[{"href":"https:\/\/lapinedaplatja.info\/fr\/wp-json\/wp\/v2\/posts\/21444","targetHints":{"allow":["GET"]}}],"collection":[{"href":"https:\/\/lapinedaplatja.info\/fr\/wp-json\/wp\/v2\/posts"}],"about":[{"href":"https:\/\/lapinedaplatja.info\/fr\/wp-json\/wp\/v2\/types\/post"}],"author":[{"embeddable":true,"href":"https:\/\/lapinedaplatja.info\/fr\/wp-json\/wp\/v2\/users\/4"}],"replies":[{"embeddable":true,"href":"https:\/\/lapinedaplatja.info\/fr\/wp-json\/wp\/v2\/comments?post=21444"}],"version-history":[{"count":0,"href":"https:\/\/lapinedaplatja.info\/fr\/wp-json\/wp\/v2\/posts\/21444\/revisions"}],"wp:featuredmedia":[{"embeddable":true,"href":"https:\/\/lapinedaplatja.info\/fr\/wp-json\/wp\/v2\/media\/21436"}],"wp:attachment":[{"href":"https:\/\/lapinedaplatja.info\/fr\/wp-json\/wp\/v2\/media?parent=21444"}],"wp:term":[{"taxonomy":"category","embeddable":true,"href":"https:\/\/lapinedaplatja.info\/fr\/wp-json\/wp\/v2\/categories?post=21444"},{"taxonomy":"post_tag","embeddable":true,"href":"https:\/\/lapinedaplatja.info\/fr\/wp-json\/wp\/v2\/tags?post=21444"}],"curies":[{"name":"wp","href":"https:\/\/api.w.org\/{rel}","templated":true}]}}