{"id":21895,"date":"2023-03-13T10:59:43","date_gmt":"2023-03-13T09:59:43","guid":{"rendered":"https:\/\/lapinedaplatja.info\/el-ficvi-obre-les-inscripcions-de-la-vuitena-edicio\/"},"modified":"2023-03-13T11:05:50","modified_gmt":"2023-03-13T10:05:50","slug":"el-ficvi-obre-les-inscripcions-de-la-vuitena-edicio","status":"publish","type":"post","link":"https:\/\/lapinedaplatja.info\/fr\/el-ficvi-obre-les-inscripcions-de-la-vuitena-edicio\/","title":{"rendered":"FICVI ouvre les inscriptions pour sa huiteme edition"},"content":{"rendered":"<p>Le FICVI -Festival International du Court M\u00e9trage de Vila-seca- de 2023 commence \u00e0 s&rsquo;\u00e9chauffer avec l&rsquo;ouverture des inscriptions \u00e0 partir du 10 mars. Les courts m\u00e9trages produits apr\u00e8s le 1er janvier 2022 et qui n&rsquo;ont pas \u00e9t\u00e9 inscrits lors de l&rsquo;\u00e9dition pr\u00e9c\u00e9dente, pourront s&rsquo;inscrire jusqu&rsquo;au 30 juin 2023 \u00e0 travers la plateforme Festhome. Les courts m\u00e9trages inscrits seront projet\u00e9s publiquement pendant le festival et surtout participeront \u00e0 la comp\u00e9tition.<\/p>\n<p>Le FICVI se compose de deux sections: la section officielle et la section In Situ. La Section Officielle comprend deux cat\u00e9gories: Fiction et Animation. Au total, huit prix sont d\u00e9cern\u00e9s : le prix International du Meilleur Court M\u00e9trage de Fiction, le prix National du Meilleur Court M\u00e9trage de Fiction, le prix International du Meilleur Court M\u00e9trage d&rsquo;Animation, le prix D.O. Catalonia, le prix du Jeune Jury du Meilleur Court M\u00e9trage, le prix du Public, le premier prix In Situ et le prix pour l&rsquo;Ensemble de la Carri\u00e8re.<\/p>\n<p>Les prix seront d\u00e9cern\u00e9s par un jury d\u00e9sign\u00e9 par les organisateurs et compos\u00e9 de repr\u00e9sentants du monde de la culture et de l&rsquo;audiovisuel. Le prix du Public sera d\u00e9cern\u00e9 par les spectateurs du festival et le prix du Jury des Jeunes sera attribu\u00e9 \u00e0 des \u00e9tudiants en derni\u00e8re ann\u00e9e d&rsquo;\u00e9tudes audiovisuelles, \u00e0 de nouveaux cin\u00e9astes et\/ou \u00e0 des \u00e9tudiants en art dramatique.<\/p>\n<p>Toutes les informations et le r\u00e8glement de FICVI 2023 sont disponibles \u00e0 l&rsquo;adresse suivante : <a href=\"http:\/\/www.ficvi.cat\">www.ficvi.cat<\/a><\/p>\n<p>La Section In Situ, qui sera annonc\u00e9e ult\u00e9rieurement, est un concours dont l&rsquo;objectif est de transformer Vila-seca en un grand plateau de tournage, auquel tous ceux qui le souhaitent peuvent participer. L&rsquo;id\u00e9e est d&rsquo;enregistrer, pendant le week-end, un court m\u00e9trage de 3 minutes maximum, en utilisant des lieux de Vila-seca et quelques \u00e9l\u00e9ments surpris donn\u00e9s par la direction du festival juste avant le d\u00e9but de la comp\u00e9tition.<\/p>\n<p>Le FICVI a pour objectif de diffuser et de promouvoir la cr\u00e9ation cin\u00e9matographique, ainsi que de soutenir les r\u00e9alisateurs de courts m\u00e9trages et de cr\u00e9er un espace de r\u00e9f\u00e9rence o\u00f9 ils peuvent pr\u00e9senter leur travail.<\/p>\n","protected":false},"excerpt":{"rendered":"<p>Le FICVI -Festival International du Court M\u00e9trage de Vila-seca- de 2023 commence \u00e0 s&rsquo;\u00e9chauffer avec l&rsquo;ouverture des inscriptions \u00e0 partir du 10 mars. Les courts m\u00e9trages produits apr\u00e8s le 1er janvier 2022 et qui n&rsquo;ont pas \u00e9t\u00e9 inscrits lors de l&rsquo;\u00e9dition pr\u00e9c\u00e9dente, pourront s&rsquo;inscrire jusqu&rsquo;au 30 juin 2023 \u00e0 travers [&hellip;]<\/p>\n","protected":false},"author":4,"featured_media":21889,"comment_status":"closed","ping_status":"open","sticky":false,"template":"","format":"standard","meta":{"_acf_changed":false,"footnotes":""},"categories":[18],"tags":[],"class_list":["post-21895","post","type-post","status-publish","format-standard","has-post-thumbnail","hentry","category-non-classifiee"],"acf":[],"yoast_head":"<!-- This site is optimized with the Yoast SEO plugin v26.6 - https:\/\/yoast.com\/wordpress\/plugins\/seo\/ -->\n<title>FICVI ouvre les inscriptions pour sa huiteme edition | Vila-seca - La Pineda Platja<\/title>\n<meta name=\"description\" content=\"Le FICVI -Festival International du Court M\u00e9trage de Vila-seca- de 2023 commence \u00e0 s&#039;\u00e9chauffer avec l&#039;ouverture des inscriptions \u00e0 partir du 10 mars. Les\" \/>\n<meta name=\"robots\" content=\"index, follow, max-snippet:-1, max-image-preview:large, max-video-preview:-1\" \/>\n<link rel=\"canonical\" href=\"https:\/\/lapinedaplatja.info\/fr\/el-ficvi-obre-les-inscripcions-de-la-vuitena-edicio\/\" \/>\n<meta property=\"og:locale\" content=\"fr_FR\" \/>\n<meta property=\"og:type\" content=\"article\" \/>\n<meta property=\"og:title\" content=\"FICVI ouvre les inscriptions pour sa huiteme edition | Vila-seca - La Pineda Platja\" \/>\n<meta property=\"og:description\" content=\"Le FICVI -Festival International du Court M\u00e9trage de Vila-seca- de 2023 commence \u00e0 s&#039;\u00e9chauffer avec l&#039;ouverture des inscriptions \u00e0 partir du 10 mars. Les\" \/>\n<meta property=\"og:url\" content=\"https:\/\/lapinedaplatja.info\/fr\/el-ficvi-obre-les-inscripcions-de-la-vuitena-edicio\/\" \/>\n<meta property=\"og:site_name\" content=\"Vila-seca - La Pineda Platja\" \/>\n<meta property=\"article:publisher\" content=\"https:\/\/www.facebook.com\/lapinedaplatja\/\" \/>\n<meta property=\"article:published_time\" content=\"2023-03-13T09:59:43+00:00\" \/>\n<meta property=\"article:modified_time\" content=\"2023-03-13T10:05:50+00:00\" \/>\n<meta property=\"og:image\" content=\"https:\/\/lapinedaplatja.info\/wp-content\/uploads\/2023\/03\/DSC1462-1.jpg\" \/>\n\t<meta property=\"og:image:width\" content=\"800\" \/>\n\t<meta property=\"og:image:height\" content=\"532\" \/>\n\t<meta property=\"og:image:type\" content=\"image\/jpeg\" \/>\n<meta name=\"author\" content=\"nerea\" \/>\n<meta name=\"twitter:card\" content=\"summary_large_image\" \/>\n<meta name=\"twitter:creator\" content=\"@lapinedaplatja\" \/>\n<meta name=\"twitter:site\" content=\"@lapinedaplatja\" \/>\n<meta name=\"twitter:label1\" content=\"\u00c9crit par\" \/>\n\t<meta name=\"twitter:data1\" content=\"nerea\" \/>\n\t<meta name=\"twitter:label2\" content=\"Dur\u00e9e de lecture estim\u00e9e\" \/>\n\t<meta name=\"twitter:data2\" content=\"2 minutes\" \/>\n<script type=\"application\/ld+json\" class=\"yoast-schema-graph\">{\"@context\":\"https:\/\/schema.org\",\"@graph\":[{\"@type\":\"Article\",\"@id\":\"https:\/\/lapinedaplatja.info\/fr\/el-ficvi-obre-les-inscripcions-de-la-vuitena-edicio\/#article\",\"isPartOf\":{\"@id\":\"https:\/\/lapinedaplatja.info\/fr\/el-ficvi-obre-les-inscripcions-de-la-vuitena-edicio\/\"},\"author\":{\"name\":\"nerea\",\"@id\":\"https:\/\/lapinedaplatja.info\/fr\/#\/schema\/person\/29107b3d900b8d3c355b438d5f31edcf\"},\"headline\":\"FICVI ouvre les inscriptions pour sa huiteme edition\",\"datePublished\":\"2023-03-13T09:59:43+00:00\",\"dateModified\":\"2023-03-13T10:05:50+00:00\",\"mainEntityOfPage\":{\"@id\":\"https:\/\/lapinedaplatja.info\/fr\/el-ficvi-obre-les-inscripcions-de-la-vuitena-edicio\/\"},\"wordCount\":386,\"publisher\":{\"@id\":\"https:\/\/lapinedaplatja.info\/fr\/#organization\"},\"image\":{\"@id\":\"https:\/\/lapinedaplatja.info\/fr\/el-ficvi-obre-les-inscripcions-de-la-vuitena-edicio\/#primaryimage\"},\"thumbnailUrl\":\"https:\/\/lapinedaplatja.info\/wp-content\/uploads\/2023\/03\/DSC1462-1.jpg\",\"articleSection\":[\"Non classifi\u00e9(e)\"],\"inLanguage\":\"fr-FR\"},{\"@type\":\"WebPage\",\"@id\":\"https:\/\/lapinedaplatja.info\/fr\/el-ficvi-obre-les-inscripcions-de-la-vuitena-edicio\/\",\"url\":\"https:\/\/lapinedaplatja.info\/fr\/el-ficvi-obre-les-inscripcions-de-la-vuitena-edicio\/\",\"name\":\"FICVI ouvre les inscriptions pour sa huiteme edition | Vila-seca - La Pineda Platja\",\"isPartOf\":{\"@id\":\"https:\/\/lapinedaplatja.info\/fr\/#website\"},\"primaryImageOfPage\":{\"@id\":\"https:\/\/lapinedaplatja.info\/fr\/el-ficvi-obre-les-inscripcions-de-la-vuitena-edicio\/#primaryimage\"},\"image\":{\"@id\":\"https:\/\/lapinedaplatja.info\/fr\/el-ficvi-obre-les-inscripcions-de-la-vuitena-edicio\/#primaryimage\"},\"thumbnailUrl\":\"https:\/\/lapinedaplatja.info\/wp-content\/uploads\/2023\/03\/DSC1462-1.jpg\",\"datePublished\":\"2023-03-13T09:59:43+00:00\",\"dateModified\":\"2023-03-13T10:05:50+00:00\",\"description\":\"Le FICVI -Festival International du Court M\u00e9trage de Vila-seca- de 2023 commence \u00e0 s'\u00e9chauffer avec l'ouverture des inscriptions \u00e0 partir du 10 mars. Les\",\"breadcrumb\":{\"@id\":\"https:\/\/lapinedaplatja.info\/fr\/el-ficvi-obre-les-inscripcions-de-la-vuitena-edicio\/#breadcrumb\"},\"inLanguage\":\"fr-FR\",\"potentialAction\":[{\"@type\":\"ReadAction\",\"target\":[\"https:\/\/lapinedaplatja.info\/fr\/el-ficvi-obre-les-inscripcions-de-la-vuitena-edicio\/\"]}]},{\"@type\":\"ImageObject\",\"inLanguage\":\"fr-FR\",\"@id\":\"https:\/\/lapinedaplatja.info\/fr\/el-ficvi-obre-les-inscripcions-de-la-vuitena-edicio\/#primaryimage\",\"url\":\"https:\/\/lapinedaplatja.info\/wp-content\/uploads\/2023\/03\/DSC1462-1.jpg\",\"contentUrl\":\"https:\/\/lapinedaplatja.info\/wp-content\/uploads\/2023\/03\/DSC1462-1.jpg\",\"width\":6048,\"height\":4024},{\"@type\":\"BreadcrumbList\",\"@id\":\"https:\/\/lapinedaplatja.info\/fr\/el-ficvi-obre-les-inscripcions-de-la-vuitena-edicio\/#breadcrumb\",\"itemListElement\":[{\"@type\":\"ListItem\",\"position\":1,\"name\":\"Portada\",\"item\":\"https:\/\/lapinedaplatja.info\/fr\/\"},{\"@type\":\"ListItem\",\"position\":2,\"name\":\"FICVI ouvre les inscriptions pour sa huiteme edition\"}]},{\"@type\":\"WebSite\",\"@id\":\"https:\/\/lapinedaplatja.info\/fr\/#website\",\"url\":\"https:\/\/lapinedaplatja.info\/fr\/\",\"name\":\"La Pineda Platja | Vila-seca\",\"description\":\"Oficina de Turismo de La Pineda.\",\"publisher\":{\"@id\":\"https:\/\/lapinedaplatja.info\/fr\/#organization\"},\"potentialAction\":[{\"@type\":\"SearchAction\",\"target\":{\"@type\":\"EntryPoint\",\"urlTemplate\":\"https:\/\/lapinedaplatja.info\/fr\/?s={search_term_string}\"},\"query-input\":{\"@type\":\"PropertyValueSpecification\",\"valueRequired\":true,\"valueName\":\"search_term_string\"}}],\"inLanguage\":\"fr-FR\"},{\"@type\":\"Organization\",\"@id\":\"https:\/\/lapinedaplatja.info\/fr\/#organization\",\"name\":\"Patronat Municipal de Turisme de Vila-seca\",\"url\":\"https:\/\/lapinedaplatja.info\/fr\/\",\"logo\":{\"@type\":\"ImageObject\",\"inLanguage\":\"fr-FR\",\"@id\":\"https:\/\/lapinedaplatja.info\/fr\/#\/schema\/logo\/image\/\",\"url\":\"https:\/\/lapinedaplatja.info\/wp-content\/uploads\/2018\/10\/cropped-13260099_989491457837088_3488030785405353200_n.jpg\",\"contentUrl\":\"https:\/\/lapinedaplatja.info\/wp-content\/uploads\/2018\/10\/cropped-13260099_989491457837088_3488030785405353200_n.jpg\",\"width\":600,\"height\":600,\"caption\":\"Patronat Municipal de Turisme de Vila-seca\"},\"image\":{\"@id\":\"https:\/\/lapinedaplatja.info\/fr\/#\/schema\/logo\/image\/\"},\"sameAs\":[\"https:\/\/www.facebook.com\/lapinedaplatja\/\",\"https:\/\/x.com\/lapinedaplatja\",\"https:\/\/www.instagram.com\/lapinedaplatja\/\"]},{\"@type\":\"Person\",\"@id\":\"https:\/\/lapinedaplatja.info\/fr\/#\/schema\/person\/29107b3d900b8d3c355b438d5f31edcf\",\"name\":\"nerea\",\"image\":{\"@type\":\"ImageObject\",\"inLanguage\":\"fr-FR\",\"@id\":\"https:\/\/lapinedaplatja.info\/fr\/#\/schema\/person\/image\/\",\"url\":\"https:\/\/secure.gravatar.com\/avatar\/d3b9655a037913ef9c32c9777e65c2c8c6eaaf0460db91392b4a3c47c5e66474?s=96&d=mm&r=g\",\"contentUrl\":\"https:\/\/secure.gravatar.com\/avatar\/d3b9655a037913ef9c32c9777e65c2c8c6eaaf0460db91392b4a3c47c5e66474?s=96&d=mm&r=g\",\"caption\":\"nerea\"}}]}<\/script>\n<!-- \/ Yoast SEO plugin. -->","yoast_head_json":{"title":"FICVI ouvre les inscriptions pour sa huiteme edition | Vila-seca - La Pineda Platja","description":"Le FICVI -Festival International du Court M\u00e9trage de Vila-seca- de 2023 commence \u00e0 s'\u00e9chauffer avec l'ouverture des inscriptions \u00e0 partir du 10 mars. Les","robots":{"index":"index","follow":"follow","max-snippet":"max-snippet:-1","max-image-preview":"max-image-preview:large","max-video-preview":"max-video-preview:-1"},"canonical":"https:\/\/lapinedaplatja.info\/fr\/el-ficvi-obre-les-inscripcions-de-la-vuitena-edicio\/","og_locale":"fr_FR","og_type":"article","og_title":"FICVI ouvre les inscriptions pour sa huiteme edition | Vila-seca - La Pineda Platja","og_description":"Le FICVI -Festival International du Court M\u00e9trage de Vila-seca- de 2023 commence \u00e0 s'\u00e9chauffer avec l'ouverture des inscriptions \u00e0 partir du 10 mars. Les","og_url":"https:\/\/lapinedaplatja.info\/fr\/el-ficvi-obre-les-inscripcions-de-la-vuitena-edicio\/","og_site_name":"Vila-seca - La Pineda Platja","article_publisher":"https:\/\/www.facebook.com\/lapinedaplatja\/","article_published_time":"2023-03-13T09:59:43+00:00","article_modified_time":"2023-03-13T10:05:50+00:00","og_image":[{"url":"https:\/\/lapinedaplatja.info\/wp-content\/uploads\/2023\/03\/DSC1462-1.jpg","width":800,"height":532,"type":"image\/jpeg"}],"author":"nerea","twitter_card":"summary_large_image","twitter_creator":"@lapinedaplatja","twitter_site":"@lapinedaplatja","twitter_misc":{"\u00c9crit par":"nerea","Dur\u00e9e de lecture estim\u00e9e":"2 minutes"},"schema":{"@context":"https:\/\/schema.org","@graph":[{"@type":"Article","@id":"https:\/\/lapinedaplatja.info\/fr\/el-ficvi-obre-les-inscripcions-de-la-vuitena-edicio\/#article","isPartOf":{"@id":"https:\/\/lapinedaplatja.info\/fr\/el-ficvi-obre-les-inscripcions-de-la-vuitena-edicio\/"},"author":{"name":"nerea","@id":"https:\/\/lapinedaplatja.info\/fr\/#\/schema\/person\/29107b3d900b8d3c355b438d5f31edcf"},"headline":"FICVI ouvre les inscriptions pour sa huiteme edition","datePublished":"2023-03-13T09:59:43+00:00","dateModified":"2023-03-13T10:05:50+00:00","mainEntityOfPage":{"@id":"https:\/\/lapinedaplatja.info\/fr\/el-ficvi-obre-les-inscripcions-de-la-vuitena-edicio\/"},"wordCount":386,"publisher":{"@id":"https:\/\/lapinedaplatja.info\/fr\/#organization"},"image":{"@id":"https:\/\/lapinedaplatja.info\/fr\/el-ficvi-obre-les-inscripcions-de-la-vuitena-edicio\/#primaryimage"},"thumbnailUrl":"https:\/\/lapinedaplatja.info\/wp-content\/uploads\/2023\/03\/DSC1462-1.jpg","articleSection":["Non classifi\u00e9(e)"],"inLanguage":"fr-FR"},{"@type":"WebPage","@id":"https:\/\/lapinedaplatja.info\/fr\/el-ficvi-obre-les-inscripcions-de-la-vuitena-edicio\/","url":"https:\/\/lapinedaplatja.info\/fr\/el-ficvi-obre-les-inscripcions-de-la-vuitena-edicio\/","name":"FICVI ouvre les inscriptions pour sa huiteme edition | Vila-seca - La Pineda Platja","isPartOf":{"@id":"https:\/\/lapinedaplatja.info\/fr\/#website"},"primaryImageOfPage":{"@id":"https:\/\/lapinedaplatja.info\/fr\/el-ficvi-obre-les-inscripcions-de-la-vuitena-edicio\/#primaryimage"},"image":{"@id":"https:\/\/lapinedaplatja.info\/fr\/el-ficvi-obre-les-inscripcions-de-la-vuitena-edicio\/#primaryimage"},"thumbnailUrl":"https:\/\/lapinedaplatja.info\/wp-content\/uploads\/2023\/03\/DSC1462-1.jpg","datePublished":"2023-03-13T09:59:43+00:00","dateModified":"2023-03-13T10:05:50+00:00","description":"Le FICVI -Festival International du Court M\u00e9trage de Vila-seca- de 2023 commence \u00e0 s'\u00e9chauffer avec l'ouverture des inscriptions \u00e0 partir du 10 mars. Les","breadcrumb":{"@id":"https:\/\/lapinedaplatja.info\/fr\/el-ficvi-obre-les-inscripcions-de-la-vuitena-edicio\/#breadcrumb"},"inLanguage":"fr-FR","potentialAction":[{"@type":"ReadAction","target":["https:\/\/lapinedaplatja.info\/fr\/el-ficvi-obre-les-inscripcions-de-la-vuitena-edicio\/"]}]},{"@type":"ImageObject","inLanguage":"fr-FR","@id":"https:\/\/lapinedaplatja.info\/fr\/el-ficvi-obre-les-inscripcions-de-la-vuitena-edicio\/#primaryimage","url":"https:\/\/lapinedaplatja.info\/wp-content\/uploads\/2023\/03\/DSC1462-1.jpg","contentUrl":"https:\/\/lapinedaplatja.info\/wp-content\/uploads\/2023\/03\/DSC1462-1.jpg","width":6048,"height":4024},{"@type":"BreadcrumbList","@id":"https:\/\/lapinedaplatja.info\/fr\/el-ficvi-obre-les-inscripcions-de-la-vuitena-edicio\/#breadcrumb","itemListElement":[{"@type":"ListItem","position":1,"name":"Portada","item":"https:\/\/lapinedaplatja.info\/fr\/"},{"@type":"ListItem","position":2,"name":"FICVI ouvre les inscriptions pour sa huiteme edition"}]},{"@type":"WebSite","@id":"https:\/\/lapinedaplatja.info\/fr\/#website","url":"https:\/\/lapinedaplatja.info\/fr\/","name":"La Pineda Platja | Vila-seca","description":"Oficina de Turismo de La Pineda.","publisher":{"@id":"https:\/\/lapinedaplatja.info\/fr\/#organization"},"potentialAction":[{"@type":"SearchAction","target":{"@type":"EntryPoint","urlTemplate":"https:\/\/lapinedaplatja.info\/fr\/?s={search_term_string}"},"query-input":{"@type":"PropertyValueSpecification","valueRequired":true,"valueName":"search_term_string"}}],"inLanguage":"fr-FR"},{"@type":"Organization","@id":"https:\/\/lapinedaplatja.info\/fr\/#organization","name":"Patronat Municipal de Turisme de Vila-seca","url":"https:\/\/lapinedaplatja.info\/fr\/","logo":{"@type":"ImageObject","inLanguage":"fr-FR","@id":"https:\/\/lapinedaplatja.info\/fr\/#\/schema\/logo\/image\/","url":"https:\/\/lapinedaplatja.info\/wp-content\/uploads\/2018\/10\/cropped-13260099_989491457837088_3488030785405353200_n.jpg","contentUrl":"https:\/\/lapinedaplatja.info\/wp-content\/uploads\/2018\/10\/cropped-13260099_989491457837088_3488030785405353200_n.jpg","width":600,"height":600,"caption":"Patronat Municipal de Turisme de Vila-seca"},"image":{"@id":"https:\/\/lapinedaplatja.info\/fr\/#\/schema\/logo\/image\/"},"sameAs":["https:\/\/www.facebook.com\/lapinedaplatja\/","https:\/\/x.com\/lapinedaplatja","https:\/\/www.instagram.com\/lapinedaplatja\/"]},{"@type":"Person","@id":"https:\/\/lapinedaplatja.info\/fr\/#\/schema\/person\/29107b3d900b8d3c355b438d5f31edcf","name":"nerea","image":{"@type":"ImageObject","inLanguage":"fr-FR","@id":"https:\/\/lapinedaplatja.info\/fr\/#\/schema\/person\/image\/","url":"https:\/\/secure.gravatar.com\/avatar\/d3b9655a037913ef9c32c9777e65c2c8c6eaaf0460db91392b4a3c47c5e66474?s=96&d=mm&r=g","contentUrl":"https:\/\/secure.gravatar.com\/avatar\/d3b9655a037913ef9c32c9777e65c2c8c6eaaf0460db91392b4a3c47c5e66474?s=96&d=mm&r=g","caption":"nerea"}}]}},"_links":{"self":[{"href":"https:\/\/lapinedaplatja.info\/fr\/wp-json\/wp\/v2\/posts\/21895","targetHints":{"allow":["GET"]}}],"collection":[{"href":"https:\/\/lapinedaplatja.info\/fr\/wp-json\/wp\/v2\/posts"}],"about":[{"href":"https:\/\/lapinedaplatja.info\/fr\/wp-json\/wp\/v2\/types\/post"}],"author":[{"embeddable":true,"href":"https:\/\/lapinedaplatja.info\/fr\/wp-json\/wp\/v2\/users\/4"}],"replies":[{"embeddable":true,"href":"https:\/\/lapinedaplatja.info\/fr\/wp-json\/wp\/v2\/comments?post=21895"}],"version-history":[{"count":0,"href":"https:\/\/lapinedaplatja.info\/fr\/wp-json\/wp\/v2\/posts\/21895\/revisions"}],"wp:featuredmedia":[{"embeddable":true,"href":"https:\/\/lapinedaplatja.info\/fr\/wp-json\/wp\/v2\/media\/21889"}],"wp:attachment":[{"href":"https:\/\/lapinedaplatja.info\/fr\/wp-json\/wp\/v2\/media?parent=21895"}],"wp:term":[{"taxonomy":"category","embeddable":true,"href":"https:\/\/lapinedaplatja.info\/fr\/wp-json\/wp\/v2\/categories?post=21895"},{"taxonomy":"post_tag","embeddable":true,"href":"https:\/\/lapinedaplatja.info\/fr\/wp-json\/wp\/v2\/tags?post=21895"}],"curies":[{"name":"wp","href":"https:\/\/api.w.org\/{rel}","templated":true}]}}